{"id":72316,"date":"2026-07-16T14:18:04","date_gmt":"2026-07-16T17:18:04","guid":{"rendered":"https:\/\/guialimeira.com.br\/rebeca-andrade-relembra-ultimos-momentos-com-o-pai-e-emociona-ao-falar-sobre-o-luto\/"},"modified":"2026-07-16T14:18:04","modified_gmt":"2026-07-16T17:18:04","slug":"rebeca-andrade-relembra-ultimos-momentos-com-o-pai-e-emociona-ao-falar-sobre-o-luto","status":"publish","type":"post","link":"https:\/\/guialimeira.com.br\/news\/rebeca-andrade-relembra-ultimos-momentos-com-o-pai-e-emociona-ao-falar-sobre-o-luto\/","title":{"rendered":"Rebeca Andrade relembra \u00faltimos momentos com o pai e emociona ao falar sobre o luto"},"content":{"rendered":"<p>A campe\u00e3 ol\u00edmpica Rebeca Andrade abriu o cora\u00e7\u00e3o ao falar pela primeira vez sobre a morte do pai, Ricardo Andrade. O atleta morreu aos 56 anos no fim de junho, e a ginasta aproveitou uma participa\u00e7\u00e3o no quadro \u201cExtraordin\u00e1rios\u201d, da GloboNews, para abordar o per\u00edodo de dor vivido pela fam\u00edlia.<\/p>\n<p>Durante a conversa, Rebeca relembrou os dias que antecederam a despedida e contou que enfrentou momentos de grande ang\u00fastia. A ginasta explicou que, diante do sofrimento do pai, suas ora\u00e7\u00f5es passaram a ser direcionadas principalmente ao al\u00edvio da dor que ele enfrentava.<\/p>\n<p>O relato mostrou um lado mais \u00edntimo da atleta, acostumada a aparecer publicamente em momentos de conquistas e celebra\u00e7\u00f5es. Ao falar sobre a perda, Rebeca deixou de lado a imagem da campe\u00e3 e revelou a fragilidade de uma filha diante de uma situa\u00e7\u00e3o que n\u00e3o podia controlar.<\/p>\n<p>Segundo a ginasta, o per\u00edodo foi marcado por incertezas e por sentimentos dif\u00edceis de explicar. Ela precisou lidar com a possibilidade da despedida enquanto tentava permanecer ao lado do pai e oferecer apoio \u00e0 fam\u00edlia.<\/p>\n<p>A morte de Ricardo Andrade foi anunciada no fim de junho. A causa do falecimento n\u00e3o foi divulgada pelos familiares, que receberam mensagens de solidariedade de pessoas pr\u00f3ximas e admiradores da atleta.<\/p>\n<p>Rebeca tamb\u00e9m ressaltou a import\u00e2ncia dos v\u00ednculos familiares em um momento t\u00e3o delicado. O apoio dos parentes foi fundamental para enfrentar os dias seguintes \u00e0 perda e lidar com a aus\u00eancia de uma pessoa t\u00e3o importante em sua trajet\u00f3ria.<\/p>\n<p>A rela\u00e7\u00e3o entre pai e filha sempre foi marcada por proximidade, e a lembran\u00e7a de Ricardo permanece presente na hist\u00f3ria pessoal de Rebeca. Ao longo de sua carreira, a ginasta contou com o apoio da fam\u00edlia durante os momentos mais importantes de sua trajet\u00f3ria no esporte.<\/p>\n<p>A entrevista emocionou os espectadores justamente pela sinceridade da atleta ao abordar o luto. Rebeca mostrou que, por tr\u00e1s das medalhas e dos t\u00edtulos, existe uma filha enfrentando a dor de perder o pai e tentando encontrar for\u00e7as para seguir em frente.<\/p>\n<p><\/p>\n","protected":false},"excerpt":{"rendered":"<p>A campe\u00e3 ol\u00edmpica Rebeca Andrade abriu o cora\u00e7\u00e3o ao falar pela primeira vez sobre a morte do pai, Ricardo Andrade. O atleta morreu aos 56 anos no fim de junho, e a ginasta aproveitou uma participa\u00e7\u00e3o no quadro \u201cExtraordin\u00e1rios\u201d, da GloboNews, para abordar o per\u00edodo de dor vivido pela fam\u00edlia. Durante a conversa, Rebeca relembrou [\u2026]<\/p>\n","protected":false},"author":5,"featured_media":0,"comment_status":"","ping_status":"open","sticky":false,"template":"","format":"standard","meta":{"_jetpack_newsletter_access":"","_jetpack_dont_email_post_to_subs":false,"_jetpack_newsletter_tier_id":0,"_jetpack_memberships_contains_paywalled_content":false,"_mbp_banners":[],"_jetpack_feature_clip_id":0,"_jetpack_memberships_contains_paid_content":false,"footnotes":"","jetpack_publicize_message":"","jetpack_publicize_feature_enabled":true,"jetpack_social_post_already_shared":true,"jetpack_social_options":{"image_generator_settings":{"template":"highway","default_image_id":0,"font":"","enabled":false},"version":2},"jetpack_post_was_ever_published":false},"categories":[],"tags":[],"class_list":["post-72316","post","type-post","status-publish","format-standard"],"jetpack_publicize_connections":[],"jetpack-related-posts":[],"jetpack_shortlink":"https:\/\/wp.me\/p7Eq1F-iOo","jetpack_sharing_enabled":true,"jetpack_featured_media_url":"","_links":{"self":[{"href":"https:\/\/guialimeira.com.br\/news\/wp-json\/wp\/v2\/posts\/72316","targetHints":{"allow":["GET"]}}],"collection":[{"href":"https:\/\/guialimeira.com.br\/news\/wp-json\/wp\/v2\/posts"}],"about":[{"href":"https:\/\/guialimeira.com.br\/news\/wp-json\/wp\/v2\/types\/post"}],"author":[{"embeddable":true,"href":"https:\/\/guialimeira.com.br\/news\/wp-json\/wp\/v2\/users\/5"}],"replies":[{"embeddable":true,"href":"https:\/\/guialimeira.com.br\/news\/wp-json\/wp\/v2\/comments?post=72316"}],"version-history":[{"count":0,"href":"https:\/\/guialimeira.com.br\/news\/wp-json\/wp\/v2\/posts\/72316\/revisions"}],"wp:attachment":[{"href":"https:\/\/guialimeira.com.br\/news\/wp-json\/wp\/v2\/media?parent=72316"}],"wp:term":[{"taxonomy":"category","embeddable":true,"href":"https:\/\/guialimeira.com.br\/news\/wp-json\/wp\/v2\/categories?post=72316"},{"taxonomy":"post_tag","embeddable":true,"href":"https:\/\/guialimeira.com.br\/news\/wp-json\/wp\/v2\/tags?post=72316"}],"curies":[{"name":"wp","href":"https:\/\/api.w.org\/{rel}","templated":true}]}}