{"id":72314,"date":"2026-07-16T13:56:29","date_gmt":"2026-07-16T16:56:29","guid":{"rendered":"https:\/\/guialimeira.com.br\/limeira-realiza-plantao-de-vacinacao-no-ubs-hipolito-1-e-parque-cidade-neste-sabado-18\/"},"modified":"2026-07-16T13:56:29","modified_gmt":"2026-07-16T16:56:29","slug":"limeira-realiza-plantao-de-vacinacao-no-ubs-hipolito-1-e-parque-cidade-neste-sabado-18","status":"publish","type":"post","link":"https:\/\/guialimeira.com.br\/news\/limeira-realiza-plantao-de-vacinacao-no-ubs-hipolito-1-e-parque-cidade-neste-sabado-18\/","title":{"rendered":"Limeira realiza plant\u00e3o de vacina\u00e7\u00e3o no UBS Hip\u00f3lito 1 e Parque Cidade neste s\u00e1bado (18)"},"content":{"rendered":"<p> <br \/>\n<\/p>\n<div id=\"\">&#13;<br \/>\n                    &#13;<br \/>\n&#13;<br \/>\n&#13;<br \/>\n&#13;<br \/>\n&#13;<br \/>\n&#13;<br \/>\n    <img data-recalc-dims=\"1\" decoding=\"async\" src=\"https:\/\/i0.wp.com\/ecrie.com.br\/sistema\/conteudos\/imagem\/m_137_0_1_16072026135402.jpg?w=696&#038;ssl=1\" alt=\"Limeira realiza plant\u00e3o de vacina\u00e7\u00e3o no UBS Hip\u00f3lito 1 e Parque Cidade neste s\u00e1bado (18)\"\/>&#13;<br \/>\n&#13;<br \/>\n&#13;<\/p>\n<p style=\"text-align: justify;\">A Prefeitura de Limeira realiza neste s\u00e1bado (18), das 8h \u00e0s 13h mais um Plant\u00e3o de Vacina\u00e7\u00e3o, com atendimento em dois pontos da cidade. A iniciativa tem como objetivo ampliar a cobertura vacinal e facilitar o acesso da popula\u00e7\u00e3o \u00e0s vacinas.<\/p>\n<p>&#13;<\/p>\n<p style=\"text-align: justify;\">Na Unidade B\u00e1sica de Sa\u00fade (UBS) do Jardim Parque Hip\u00f3lito 1, ser\u00e1 realizada a multivacina\u00e7\u00e3o, com a oferta de imunizantes previstos no Calend\u00e1rio Nacional de Vacina\u00e7\u00e3o, conforme a faixa et\u00e1ria e a situa\u00e7\u00e3o vacinal de cada pessoa.<\/p>\n<p>&#13;<\/p>\n<p style=\"text-align: justify;\">J\u00e1 no Drive do Parque Cidade, estar\u00e3o dispon\u00edveis as vacinas contra gripe (influenza), covid-19, febre amarela e dengue infantil.<\/p>\n<p>&#13;<\/p>\n<p style=\"text-align: justify;\">Para receber as vacinas, \u00e9 necess\u00e1rio apresentar documento com foto, CPF, Cart\u00e3o SUS,a carteira de vacina\u00e7\u00e3o e o comprovante de resid\u00eancia. A Secretaria de Sa\u00fade refor\u00e7a a import\u00e2ncia de manter a vacina\u00e7\u00e3o em dia, medida fundamental para prevenir doen\u00e7as e proteger a sa\u00fade individual e coletiva.<\/p>\n<p>&#13;<\/p>\n<p style=\"text-align: justify;\">A iniciativa est\u00e1 alinhada aos Objetivos de Desenvolvimento Sustent\u00e1vel (ODS) da ONU, contribuindo para o ODS 3 \u2013 Sa\u00fade e Bem-Estar, com promo\u00e7\u00e3o da sa\u00fade e preven\u00e7\u00e3o de doen\u00e7as, ampliando o acesso da popula\u00e7\u00e3o \u00e0 vacina\u00e7\u00e3o.<\/p>\n<p>&#13;<\/p>\n<p>\u00a0<\/p>\n<p>&#13;<\/p>\n<p style=\"text-align: justify;\"><strong>SERVI\u00c7O<\/strong><\/p>\n<p>&#13;<\/p>\n<p style=\"text-align: justify;\">S\u00e1bado (18) &#8211; das 8h \u00e0s 13h<\/p>\n<p>&#13;<\/p>\n<p style=\"text-align: justify;\">UBS Hip\u00f3lito 1: multivacina\u00e7\u00e3o<\/p>\n<p>&#13;<\/p>\n<p style=\"text-align: justify;\"><strong>Endere\u00e7o:<\/strong> Rua Arlinda Abreu Ribeiro s\/n\u00ba<\/p>\n<p>&#13;<\/p>\n<p style=\"text-align: justify;\">Drive do Parque Cidade: gripe (influenza), covid-19, febre amarela e dengue infantil<\/p>\n<p>&#13;<\/p>\n<p style=\"text-align: justify;\"><strong>Local:<\/strong> ao lado da pista de skate<\/p>\n<p>&#13;<\/p>\n<p style=\"text-align: justify;\">Acesso de ve\u00edculos: Port\u00e3o A (Anel Vi\u00e1rio) \u2013 Via Ant\u00f4nio Cru\u00e3nes Filho, s\/n\u00ba<\/p>\n<p>&#13;<\/p>\n<p>\u00a0<\/p>\n<p>&#13;<\/p>\n<p style=\"text-align: justify;\"><strong>Confira as indica\u00e7\u00f5es das vacinas<\/strong><\/p>\n<p>&#13;<\/p>\n<p style=\"text-align: justify;\">GRIPE: Para a toda a popula\u00e7\u00e3o acima dos 6 meses.<\/p>\n<p>&#13;<\/p>\n<p style=\"text-align: justify;\">DENGUE (infantil)<\/p>\n<p>&#13;<\/p>\n<p style=\"text-align: justify;\">&#8211; Para crian\u00e7as e adolescentes entre 10 a 14 anos<\/p>\n<p>&#13;<\/p>\n<p style=\"text-align: justify;\">COVID-19: Atualmente, a vacina contra covid-19 \u00e9 voltada a gestantes, pessoas imunocomprometidas e idosos (60 anos ou mais), que devem ser vacinados a cada seis meses. Crian\u00e7as de 6 meses a 4 anos, 11 meses e 29 dias devem receber duas doses da vacina, com intervalo de quatro semanas entre elas. Pessoas de 5 a 59 anos, sem comorbidades e j\u00e1 vacinadas anteriormente, n\u00e3o precisam receber novas doses. Nessa faixa et\u00e1ria, o imunizante \u00e9 destinado apenas aos grupos especiais, que devem receber uma dose anualmente. S\u00e3o eles: pessoas vivendo em institui\u00e7\u00f5es de longa perman\u00eancia, ind\u00edgenas, ribeirinhos, quilombolas, pu\u00e9rperas, trabalhadores da sa\u00fade, pessoas com defici\u00eancia permanente, pessoas com comorbidades, pessoas privadas de liberdade, funcion\u00e1rios do sistema de priva\u00e7\u00e3o de liberdade, adolescentes e jovens cumprindo medidas socioeducativas, pessoas em situa\u00e7\u00e3o de rua e trabalhadores dos Correios.<\/p>\n<p>&#13;<\/p>\n<p style=\"text-align: justify;\">FEBRE AMARELA: Crian\u00e7as a partir de 9 meses de idade que ainda n\u00e3o foram vacinadas e aquelas que n\u00e3o completaram o esquema vacinal de duas doses.- Pessoas que receberam apenas uma dose antes de completar 5 anos de idade dever\u00e3o tomar a dose adicional, independentemente da idade.- Pessoas de qualquer idade que n\u00e3o sabem se j\u00e1 foram vacinadas.- Pessoas com 60 anos ou mais devem apresentar recomenda\u00e7\u00e3o m\u00e9dica por escrito para receber a vacina.<\/p>\n<p>&#13;<br \/>\n&#13;<br \/>\n&#13;<br \/>\n&#13;<\/p>\n<article class=\"conteudo-relacionado no-print\">&#13;<br \/>\n        &#13;<br \/>\n&#13;<br \/>\n        &#13;<br \/>\n    <\/article>\n<p>&#13;<br \/>\n&#13;\n                <\/p><\/div>\n<p><br \/>\n<br \/><a href=\"https:\/\/limeira.sp.gov.br\/limeira-realiza-plantao-de-vacinacao-no-ubs-hipolito-1-e-parque-cidade-neste-sabado-18\" rel=\"noopener\">Informa\u00e7\u00f5es da PML <\/a><\/p>\n","protected":false},"excerpt":{"rendered":"<p>&#13; &#13; &#13; &#13; &#13; &#13; &#13; &#13; &#13; &#13; A Prefeitura de Limeira realiza neste s\u00e1bado (18), das 8h \u00e0s 13h mais um Plant\u00e3o de Vacina\u00e7\u00e3o, com atendimento em dois pontos da cidade. A iniciativa tem como objetivo ampliar a cobertura vacinal e facilitar o acesso da popula\u00e7\u00e3o \u00e0s vacinas. &#13; Na Unidade B\u00e1sica [&hellip;]<\/p>\n","protected":false},"author":1,"featured_media":72315,"comment_status":"","ping_status":"open","sticky":false,"template":"","format":"standard","meta":{"_jetpack_newsletter_access":"","_jetpack_dont_email_post_to_subs":false,"_jetpack_newsletter_tier_id":0,"_jetpack_memberships_contains_paywalled_content":false,"_mbp_banners":[],"_jetpack_feature_clip_id":0,"_jetpack_memberships_contains_paid_content":false,"footnotes":"","jetpack_publicize_message":"","jetpack_publicize_feature_enabled":true,"jetpack_social_post_already_shared":true,"jetpack_social_options":{"image_generator_settings":{"template":"highway","default_image_id":0,"font":"","enabled":false},"version":2},"jetpack_post_was_ever_published":false},"categories":[16],"tags":[],"class_list":["post-72314","post","type-post","status-publish","format-standard","has-post-thumbnail","category-local"],"jetpack_publicize_connections":[],"jetpack-related-posts":[],"jetpack_shortlink":"https:\/\/wp.me\/p7Eq1F-iOm","jetpack_sharing_enabled":true,"jetpack_featured_media_url":"https:\/\/i0.wp.com\/guialimeira.com.br\/news\/wp-content\/uploads\/2026\/07\/m_137_0_1_16072026135402.jpg?fit=1024%2C681&ssl=1","_links":{"self":[{"href":"https:\/\/guialimeira.com.br\/news\/wp-json\/wp\/v2\/posts\/72314","targetHints":{"allow":["GET"]}}],"collection":[{"href":"https:\/\/guialimeira.com.br\/news\/wp-json\/wp\/v2\/posts"}],"about":[{"href":"https:\/\/guialimeira.com.br\/news\/wp-json\/wp\/v2\/types\/post"}],"author":[{"embeddable":true,"href":"https:\/\/guialimeira.com.br\/news\/wp-json\/wp\/v2\/users\/1"}],"replies":[{"embeddable":true,"href":"https:\/\/guialimeira.com.br\/news\/wp-json\/wp\/v2\/comments?post=72314"}],"version-history":[{"count":0,"href":"https:\/\/guialimeira.com.br\/news\/wp-json\/wp\/v2\/posts\/72314\/revisions"}],"wp:featuredmedia":[{"embeddable":true,"href":"https:\/\/guialimeira.com.br\/news\/wp-json\/wp\/v2\/media\/72315"}],"wp:attachment":[{"href":"https:\/\/guialimeira.com.br\/news\/wp-json\/wp\/v2\/media?parent=72314"}],"wp:term":[{"taxonomy":"category","embeddable":true,"href":"https:\/\/guialimeira.com.br\/news\/wp-json\/wp\/v2\/categories?post=72314"},{"taxonomy":"post_tag","embeddable":true,"href":"https:\/\/guialimeira.com.br\/news\/wp-json\/wp\/v2\/tags?post=72314"}],"curies":[{"name":"wp","href":"https:\/\/api.w.org\/{rel}","templated":true}]}}