{"id":72296,"date":"2026-07-16T10:39:26","date_gmt":"2026-07-16T13:39:26","guid":{"rendered":"https:\/\/guialimeira.com.br\/corrida-florescer-2026-acontece-em-agosto-e-ira-beneficiar-a-apae-limeira\/"},"modified":"2026-07-16T10:39:26","modified_gmt":"2026-07-16T13:39:26","slug":"corrida-florescer-2026-acontece-em-agosto-e-ira-beneficiar-a-apae-limeira","status":"publish","type":"post","link":"https:\/\/guialimeira.com.br\/news\/corrida-florescer-2026-acontece-em-agosto-e-ira-beneficiar-a-apae-limeira\/","title":{"rendered":"Corrida Florescer 2026 acontece em agosto e ir\u00e1 beneficiar a APAE Limeira"},"content":{"rendered":"<p> <br \/>\n<\/p>\n<div data-id=\"626ab9d\" data-element_type=\"widget\" data-e-type=\"widget\" data-widget_type=\"theme-post-content.default\">\n<p class=\"wp-block-paragraph\"><em>Inscritos podem fazer doa\u00e7\u00e3o solid\u00e1ria para a APAE no ato da inscri\u00e7\u00e3o<\/em><\/p>\n<p class=\"wp-block-paragraph\">A edi\u00e7\u00e3o de 2026 da Corrida Florescer, que ser\u00e1 realizada no dia 30 de agosto, ter\u00e1 parte da renda destinada para a Associa\u00e7\u00e3o de Pais e Amigos dos Excepcionais, a APAE Limeira. O evento esportivo \u00e9 promovido pelo Conselho da Mulher Empreendedora (CME) da Associa\u00e7\u00e3o Comercial e Industrial de Limeira (ACIL).<\/p>\n<p class=\"wp-block-paragraph\">Essa ser\u00e1 a quinta edi\u00e7\u00e3o da Corrida Florescer, que se consolida como uma iniciativa que une a pr\u00e1tica esportiva \u00e0 solidariedade. A expectativa dos organizadores \u00e9 reunir centenas de participantes em uma manh\u00e3 marcada pela integra\u00e7\u00e3o entre fam\u00edlias, atletas, empresas e a comunidade.<\/p>\n<p class=\"wp-block-paragraph\">A edi\u00e7\u00e3o de 2026 ter\u00e1 corrida de 5 km, caminhada de 3 km e percurso kids, para crian\u00e7as at\u00e9 12 anos. Podem participar pessoas de diferentes faixas et\u00e1rias e n\u00edveis de preparo f\u00edsico. Al\u00e9m da experi\u00eancia esportiva, os inscritos receber\u00e3o kit atleta com camiseta e medalha, al\u00e9m de um caf\u00e9 da manh\u00e3 especial ap\u00f3s a prova. A largada acontecer\u00e1 \u00e0s 7h30, no Horto Florestal de Limeira.<\/p>\n<p class=\"wp-block-paragraph\">As inscri\u00e7\u00f5es est\u00e3o abertas e devem ser realizadas pelo link\u00a0<a href=\"https:\/\/www.acillimeira.com.br\/agenda:ag_id=837\" rel=\"noopener\">acillimeira.com.br\/agenda<\/a>.\u00a0Para adultos o valor da inscri\u00e7\u00e3o \u00e9 de R$ 99,90, com direito a camiseta personalizada e medalha de participa\u00e7\u00e3o. A inscri\u00e7\u00e3o kids est\u00e1 \u00e0 venda por R$ 59,90 e tamb\u00e9m prev\u00ea camiseta e medalha de participa\u00e7\u00e3o. Os interessados podem optar pela doa\u00e7\u00e3o solid\u00e1ria de tr\u00eas valores no momento da compra: R$ 5, R$ 10 ou R$ 15. Esse valor ser\u00e1 destinado \u00e0 APAE Limeira que, em 2026, celebra 60 anos.<\/p>\n<p class=\"wp-block-paragraph\">O presidente da entidade celebra o car\u00e1ter social da Corrida Florescer. \u201cQuando esporte e solidariedade caminham juntos, toda a comunidade ganha. Os recursos destinados \u00e0 APAE contribuir\u00e3o diretamente para a manuten\u00e7\u00e3o dos nossos servi\u00e7os e para o desenvolvimento dos atendidos. Agradecemos aos organizadores e a todos que escolherem participar dessa causa\u201d, diz Fulvio Drago.<\/p>\n<p class=\"wp-block-paragraph\"><strong>Servi\u00e7o \u2013 Corrida Florescer 2026<br \/>Data:<\/strong> 30 de agosto de 2026<br \/><strong>Hor\u00e1rio:<\/strong> 7h, com largada \u00e0s 7h30<br \/><strong>Local:<\/strong> Horto Florestal de Limeira<br \/><strong>Modalidades:<\/strong> Corrida 5 km, caminhada 3 km e Kids<\/p>\n<figure class=\"wp-block-image size-large\"><img data-recalc-dims=\"1\" data-attachment-id=\"6328\" data-permalink=\"https:\/\/guialimeira.com.br\/news\/azul-e-gol-anunciam-acordo-para-compartilhar-voos-domesticos\/avioes-aeroporto_mcamgo_abr_290720221818-18-jpg\/\" data-orig-file=\"https:\/\/i0.wp.com\/guialimeira.com.br\/news\/wp-content\/uploads\/2024\/05\/avioes-aeroporto_mcamgo_abr_290720221818-18.jpg?fit=1600%2C800&amp;ssl=1\" data-orig-size=\"1600,800\" data-comments-opened=\"1\" data-image-meta=\"{&quot;aperture&quot;:&quot;0&quot;,&quot;credit&quot;:&quot;&quot;,&quot;camera&quot;:&quot;&quot;,&quot;caption&quot;:&quot;&quot;,&quot;created_timestamp&quot;:&quot;0&quot;,&quot;copyright&quot;:&quot;&quot;,&quot;focal_length&quot;:&quot;0&quot;,&quot;iso&quot;:&quot;0&quot;,&quot;shutter_speed&quot;:&quot;0&quot;,&quot;title&quot;:&quot;&quot;,&quot;orientation&quot;:&quot;0&quot;}\" data-image-title=\"avioes-aeroporto_mcamgo_abr_290720221818-18.jpg\" data-image-description=\"\" data-image-caption=\"\" data-large-file=\"https:\/\/i0.wp.com\/guialimeira.com.br\/news\/wp-content\/uploads\/2024\/05\/avioes-aeroporto_mcamgo_abr_290720221818-18.jpg?fit=696%2C348&amp;ssl=1\" data-lazyloaded=\"1\" fetchpriority=\"high\" decoding=\"async\" width=\"696\" height=\"458\" src=\"https:\/\/i0.wp.com\/dinamuscomunicacao.com.br\/wp-content\/uploads\/2026\/07\/WhatsApp-Image-2026-07-15-at-15.12.35-1-1024x674.jpeg?resize=696%2C458&#038;ssl=1\" alt=\"\" class=\"wp-image-6328\" srcset=\"https:\/\/dinamuscomunicacao.com.br\/wp-content\/uploads\/2026\/07\/WhatsApp-Image-2026-07-15-at-15.12.35-1-1024x674.jpeg 1024w, https:\/\/dinamuscomunicacao.com.br\/wp-content\/uploads\/2026\/07\/WhatsApp-Image-2026-07-15-at-15.12.35-1-300x197.jpeg 300w, https:\/\/dinamuscomunicacao.com.br\/wp-content\/uploads\/2026\/07\/WhatsApp-Image-2026-07-15-at-15.12.35-1-768x506.jpeg 768w, https:\/\/dinamuscomunicacao.com.br\/wp-content\/uploads\/2026\/07\/WhatsApp-Image-2026-07-15-at-15.12.35-1.jpeg 1387w\" data-sizes=\"(max-width: 1024px) 100vw, 1024px\"\/><\/figure>\n<\/div>\n<p><br \/>\n<br \/><a href=\"https:\/\/dinamuscomunicacao.com.br\/corrida-florescer-2026-acontece-em-agosto-e-ira-beneficiar-a-apae-limeira\/\" rel=\"noopener\"> Informa\u00e7\u00f5es: D\u00ednamus Comunica\u00e7\u00e3o <\/a><\/p>\n","protected":false},"excerpt":{"rendered":"<p>Inscritos podem fazer doa\u00e7\u00e3o solid\u00e1ria para a APAE no ato da inscri\u00e7\u00e3o A edi\u00e7\u00e3o de 2026 da Corrida Florescer, que ser\u00e1 realizada no dia 30 de agosto, ter\u00e1 parte da renda destinada para a Associa\u00e7\u00e3o de Pais e Amigos dos Excepcionais, a APAE Limeira. O evento esportivo \u00e9 promovido pelo Conselho da Mulher Empreendedora (CME) [&hellip;]<\/p>\n","protected":false},"author":1,"featured_media":72297,"comment_status":"","ping_status":"open","sticky":false,"template":"","format":"standard","meta":{"_jetpack_newsletter_access":"","_jetpack_dont_email_post_to_subs":false,"_jetpack_newsletter_tier_id":0,"_jetpack_memberships_contains_paywalled_content":false,"_mbp_banners":[],"_jetpack_feature_clip_id":0,"_jetpack_memberships_contains_paid_content":false,"footnotes":"","jetpack_publicize_message":"","jetpack_publicize_feature_enabled":true,"jetpack_social_post_already_shared":true,"jetpack_social_options":{"image_generator_settings":{"template":"highway","default_image_id":0,"font":"","enabled":false},"version":2},"jetpack_post_was_ever_published":false},"categories":[16],"tags":[],"class_list":["post-72296","post","type-post","status-publish","format-standard","has-post-thumbnail","category-local"],"jetpack_publicize_connections":[],"jetpack-related-posts":[],"jetpack_shortlink":"https:\/\/wp.me\/p7Eq1F-iO4","jetpack_sharing_enabled":true,"jetpack_featured_media_url":"https:\/\/i0.wp.com\/guialimeira.com.br\/news\/wp-content\/uploads\/2026\/07\/WhatsApp-Image-2026-07-15-at-15.12.35.jpeg?fit=1600%2C1066&ssl=1","_links":{"self":[{"href":"https:\/\/guialimeira.com.br\/news\/wp-json\/wp\/v2\/posts\/72296","targetHints":{"allow":["GET"]}}],"collection":[{"href":"https:\/\/guialimeira.com.br\/news\/wp-json\/wp\/v2\/posts"}],"about":[{"href":"https:\/\/guialimeira.com.br\/news\/wp-json\/wp\/v2\/types\/post"}],"author":[{"embeddable":true,"href":"https:\/\/guialimeira.com.br\/news\/wp-json\/wp\/v2\/users\/1"}],"replies":[{"embeddable":true,"href":"https:\/\/guialimeira.com.br\/news\/wp-json\/wp\/v2\/comments?post=72296"}],"version-history":[{"count":0,"href":"https:\/\/guialimeira.com.br\/news\/wp-json\/wp\/v2\/posts\/72296\/revisions"}],"wp:featuredmedia":[{"embeddable":true,"href":"https:\/\/guialimeira.com.br\/news\/wp-json\/wp\/v2\/media\/72297"}],"wp:attachment":[{"href":"https:\/\/guialimeira.com.br\/news\/wp-json\/wp\/v2\/media?parent=72296"}],"wp:term":[{"taxonomy":"category","embeddable":true,"href":"https:\/\/guialimeira.com.br\/news\/wp-json\/wp\/v2\/categories?post=72296"},{"taxonomy":"post_tag","embeddable":true,"href":"https:\/\/guialimeira.com.br\/news\/wp-json\/wp\/v2\/tags?post=72296"}],"curies":[{"name":"wp","href":"https:\/\/api.w.org\/{rel}","templated":true}]}}