{"id":7227,"date":"2024-06-02T19:38:46","date_gmt":"2024-06-02T22:38:46","guid":{"rendered":"https:\/\/guialimeira.com.br\/2024\/06\/02\/flamengo-aplica-6-a-1-no-vasco-e-vira-lider-provisorio-do-brasileirao\/"},"modified":"2024-06-02T19:38:46","modified_gmt":"2024-06-02T22:38:46","slug":"flamengo-aplica-6-a-1-no-vasco-e-vira-lider-provisorio-do-brasileirao","status":"publish","type":"post","link":"https:\/\/guialimeira.com.br\/news\/flamengo-aplica-6-a-1-no-vasco-e-vira-lider-provisorio-do-brasileirao\/","title":{"rendered":"Flamengo aplica 6 a 1 no Vasco e vira l\u00edder provis\u00f3rio do Brasileir\u00e3o"},"content":{"rendered":"<p> <br \/>\n<\/p>\n<div>\n<p>O Flamengo foi impl\u00e1cavel no primeiro Cl\u00e1ssico dos Milh\u00f5es no Campeonato Brasileiro ao derrotar o arquirrival Vasco por 6\u00a0a 1 no Maracan\u00e3, pela s\u00e9tima rodada. Os cruzmaltinos come\u00e7aram na frente, abrindo o placar com um gola\u00e7o do argentino Vegetti. Depois virou passeio: o Rubro-Negro virou o placar ainda no primeiro tempo, com gols de Everton Cebolinha, Pedro e David Luiz. Na etapa final, a rede balan\u00e7ou mais tr\u00eas vezes, com gols de\u00a0Arrascaeta, Bruno Henrique e Gabigol.<img data-recalc-dims=\"1\" decoding=\"async\" src=\"https:\/\/i0.wp.com\/agenciabrasil.ebc.com.br\/ebc.png?w=696&#038;ssl=1\" style=\"width:1px; height:1px; display:inline;\"\/><img data-recalc-dims=\"1\" decoding=\"async\" src=\"https:\/\/i0.wp.com\/agenciabrasil.ebc.com.br\/ebc.gif?w=696&#038;ssl=1\" style=\"width:1px; height:1px; display:inline;\"\/><\/p>\n<p>Foi a maior goelada do Rubro-Negro no Cl\u00e1ssico dos Milh\u00f5es, que marcou a estreia do t\u00e9cnico portugu\u00eas \u00c1lvaro Pacheco no comando do Vasco. Com o triunfo, o Flamengo assumiu, provisoriamente, a lideran\u00e7a do Brasileir\u00e3o com 14 pontos. O time carioca ainda pode\u00a0ser ultrapassado pelo Athletico-PR, que joga no momento contra o Fortaleza, no Castel\u00e3o. J\u00e1 o Vasco segue na 13\u00aa\u00a0posi\u00e7\u00e3o com seis pontos.\u00a0<\/p>\n<blockquote class=\"twitter-tweet\">\n<p dir=\"ltr\" lang=\"pt\" xml:lang=\"pt\">A maior goleada da hist\u00f3ria do <a href=\"https:\/\/twitter.com\/Flamengo?ref_src=twsrc%5Etfw\" rel=\"noopener\">@Flamengo<\/a> sobre o Vasco. Uma tarde inesquec\u00edvel para o torcedor rubro-negro no <a href=\"https:\/\/twitter.com\/maracana?ref_src=twsrc%5Etfw\" rel=\"noopener\">@maracana<\/a>! <a href=\"https:\/\/t.co\/mrjQHleZQq\">pic.twitter.com\/mrjQHleZQq<\/a><\/p>\n<p>\u2014 Brasileir\u00e3o Betano (@Brasileirao) <a href=\"https:\/\/twitter.com\/Brasileirao\/status\/1797375162024600008?ref_src=twsrc%5Etfw\" rel=\"noopener\">June 2, 2024<\/a><\/p><\/blockquote>\n<p>O jogo come\u00e7ou intenso como o Vasco abrindo o placar aos oito minutos, com gol de voleiro de Vegetti, aproveitando a bola levantada por Galdam\u00e9s. Mas o \u00edmpeto cruzmaltino parou por a\u00ed. O Rubro-Negro colocou press\u00e3o em busca do empate, que saiu aos 27 minutos. Ap\u00f3s bobeada do zagueiro Maicon, a bola sobrou para De la Cruz que tocou para Arrascaeta, e o meia rolou pra Everton Cebolinha marcar um gola\u00e7o de fora da \u00e1rea.<\/p>\n<p>Na sequ\u00eancia, Cebolinha cobrou escanteio curto, foi para a grande \u00e1rea, se livrou da marca\u00e7\u00e3o e cruzou para Pedro empurrar de peito para o fundo da rede, virando o placar para 2 a 1. Abatido, o Cruzmaltino assitia o rival jogar, sem rea\u00e7\u00e3o. Aos 41 minutos, Gerson quase fez o terceiro, cara a cara com o goleiro L\u00e9o Jardim, mas a bola bateu na cabe\u00e7a do arqueiro e fora para fora.m Mas n\u00e3o teve jeito: o terceiro gol saiu no minuto seguinte, ap\u00f3s Cebolinha cobrar escanteio na medida para David Luiz acertou de primeira para o fundo do gol. J\u00e1 nos acr\u00e9scimos, Jo\u00e3o Victor deu um carrinho em De la Cruz e, ap\u00f3s interven\u00e7\u00e3o do VAR.\u00a0<\/p>\n<blockquote class=\"instagram-media\" data-instgrm-captioned=\"\" data-instgrm-permalink=\"https:\/\/www.instagram.com\/reel\/C7udpUsRQOi\/?utm_source=ig_embed&amp;utm_campaign=loading\" data-instgrm-version=\"14\" style=\" background:#FFF; border:0; border-radius:3px; box-shadow:0 0 1px 0 rgba(0,0,0,0.5),0 1px 10px 0 rgba(0,0,0,0.15); margin: 1px; max-width:540px; min-width:326px; padding:0; width:99.375%; width:-webkit-calc(100% - 2px); width:calc(100% - 2px);\">\n<\/blockquote>\n<p>Com um homem a menos, o Vasco seguiu ap\u00e1tico na segunda etapa. Logo aos cinco minutos, Pedro dominou a bola dentro da \u00e1rea e tocou por cima da defesa para Arrascaeta empurrar para o fundo do gol, ampliando para 4 a 1 o triunfo rubro-negro. Livre de marca\u00e7\u00e3o, o Rubro-Negro seguia todo no ataque. Bastaram cinco minutos em campo, para Bruno Henrique \u2013 que entrou no lugar de Cebolinha \u2013 marcar o dele. A jogada come\u00e7ou com\u00a0 Arrascaeta que se livrou de dois marcadores antes de rolar para Bruno estufar as redes e ampliar o marcador. E ainda deu tempo de Gabigol marcar, quase 15 minutos ap\u00f3s deixar o banco de reservas. Com nova camisa, de n\u00famero 99, o atacante aproveitou o cruzamento de Wesley pela direita, chutou certeiro para o fundo da rede, selando a goleada hist\u00f3ria por 6 a 1.\u00a0<\/p>\n<h2>Outro resultados\u00a0<\/h2>\n<p>Outros dois\u00a0confrontos movimentaram o Brasileir\u00e3o na\u00a0tarde deste domingo (2).\u00a0\u00a0Em Santa Catarina, o Palmeiras derrotou o Crici\u00fama por 2 a 1, com gols do paraguaio Gustavo G\u00f3mez e de L\u00e1zaro que definiu a partida nos acr\u00e9scimos.\u00a0Matheusinho descontou para os donos da casa.\u00a0<\/p>\n<p>Em Belo Horizonte, o duelo\u00a0Atletico-MG x Bahia terminou em 1 a 1. Hulk marcou para os mineiros e Ademir igualou o placar na Arena MRV.<\/p>\n<\/p><\/div>\n<p><script async src=\"\/\/platform.twitter.com\/widgets.js\" charset=\"utf-8\"><\/script><script async src=\"\/\/www.instagram.com\/embed.js\"><\/script><br \/>\n<br \/><br \/>\n<br \/><a href=\"https:\/\/agenciabrasil.ebc.com.br\/esportes\/noticia\/2024-06\/flamengo-aplica-6-1-no-vasco-e-vira-lider-provisorio-do-brasileirao\" rel=\"noopener\">Ag\u00eancia Brasil<\/a><\/p>\n","protected":false},"excerpt":{"rendered":"<p>O Flamengo foi impl\u00e1cavel no primeiro Cl\u00e1ssico dos Milh\u00f5es no Campeonato Brasileiro ao derrotar o arquirrival Vasco por 6\u00a0a 1 no Maracan\u00e3, pela s\u00e9tima rodada. Os cruzmaltinos come\u00e7aram na frente, abrindo o placar com um gola\u00e7o do argentino Vegetti. Depois virou passeio: o Rubro-Negro virou o placar ainda no primeiro tempo, com gols de Everton [&hellip;]<\/p>\n","protected":false},"author":1,"featured_media":7228,"comment_status":"open","ping_status":"open","sticky":false,"template":"","format":"standard","meta":{"_jetpack_newsletter_access":"","_jetpack_dont_email_post_to_subs":false,"_jetpack_newsletter_tier_id":0,"_jetpack_memberships_contains_paywalled_content":false,"_mbp_banners":[],"_jetpack_feature_clip_id":0,"_jetpack_memberships_contains_paid_content":false,"footnotes":"","jetpack_publicize_message":"","jetpack_publicize_feature_enabled":true,"jetpack_social_post_already_shared":true,"jetpack_social_options":{"image_generator_settings":{"template":"highway","default_image_id":0,"font":"","enabled":false},"version":2},"jetpack_post_was_ever_published":false},"categories":[23],"tags":[],"class_list":["post-7227","post","type-post","status-publish","format-standard","has-post-thumbnail","category-esportes"],"jetpack_publicize_connections":[],"jetpack-related-posts":[],"jetpack_shortlink":"https:\/\/wp.me\/p7Eq1F-1Sz","jetpack_sharing_enabled":true,"jetpack_featured_media_url":"https:\/\/i0.wp.com\/guialimeira.com.br\/news\/wp-content\/uploads\/2024\/06\/pedro_fla_6_a_1_vasco_brasileiro_2024.jpg?fit=1600%2C800&ssl=1","_links":{"self":[{"href":"https:\/\/guialimeira.com.br\/news\/wp-json\/wp\/v2\/posts\/7227","targetHints":{"allow":["GET"]}}],"collection":[{"href":"https:\/\/guialimeira.com.br\/news\/wp-json\/wp\/v2\/posts"}],"about":[{"href":"https:\/\/guialimeira.com.br\/news\/wp-json\/wp\/v2\/types\/post"}],"author":[{"embeddable":true,"href":"https:\/\/guialimeira.com.br\/news\/wp-json\/wp\/v2\/users\/1"}],"replies":[{"embeddable":true,"href":"https:\/\/guialimeira.com.br\/news\/wp-json\/wp\/v2\/comments?post=7227"}],"version-history":[{"count":0,"href":"https:\/\/guialimeira.com.br\/news\/wp-json\/wp\/v2\/posts\/7227\/revisions"}],"wp:featuredmedia":[{"embeddable":true,"href":"https:\/\/guialimeira.com.br\/news\/wp-json\/wp\/v2\/media\/7228"}],"wp:attachment":[{"href":"https:\/\/guialimeira.com.br\/news\/wp-json\/wp\/v2\/media?parent=7227"}],"wp:term":[{"taxonomy":"category","embeddable":true,"href":"https:\/\/guialimeira.com.br\/news\/wp-json\/wp\/v2\/categories?post=7227"},{"taxonomy":"post_tag","embeddable":true,"href":"https:\/\/guialimeira.com.br\/news\/wp-json\/wp\/v2\/tags?post=7227"}],"curies":[{"name":"wp","href":"https:\/\/api.w.org\/{rel}","templated":true}]}}