{"id":72253,"date":"2026-07-15T17:04:52","date_gmt":"2026-07-15T20:04:52","guid":{"rendered":"https:\/\/guialimeira.com.br\/prefeitura-capacita-monitores-que-atuam-com-alunos-da-educacao-especial\/"},"modified":"2026-07-15T17:04:52","modified_gmt":"2026-07-15T20:04:52","slug":"prefeitura-capacita-monitores-que-atuam-com-alunos-da-educacao-especial","status":"publish","type":"post","link":"https:\/\/guialimeira.com.br\/news\/prefeitura-capacita-monitores-que-atuam-com-alunos-da-educacao-especial\/","title":{"rendered":"Prefeitura capacita monitores que atuam com alunos da educa\u00e7\u00e3o especial"},"content":{"rendered":"<p> <br \/>\n<\/p>\n<div>\n                <main class=\"\">&#13;<br \/>\n                    &#13;<br \/>\n&#13;<br \/>\n&#13;<br \/>\n&#13;<br \/>\n&#13;<br \/>\n&#13;<br \/>\n    <img data-recalc-dims=\"1\" decoding=\"async\" src=\"https:\/\/i0.wp.com\/ecrie.com.br\/sistema\/conteudos\/imagem\/m_137_0_1_15072026170325.png?w=696&#038;ssl=1\" alt=\"Prefeitura capacita monitores que atuam com alunos da educa\u00e7\u00e3o especial\"\/>&#13;<br \/>\n&#13;<br \/>\n&#13;<\/p>\n<p>A Prefeitura de Limeira, por meio da Secretaria de Educa\u00e7\u00e3o, promove entre os dias 20 e 24 de julho um curso presencial de qualifica\u00e7\u00e3o para monitores da rede municipal. A forma\u00e7\u00e3o prepara os profissionais de apoio que atuam com estudantes da educa\u00e7\u00e3o especial, com defici\u00eancia e\/ou transtornos do neurodesenvolvimento.<\/p>\n<p>&#13;<\/p>\n<p>Ao todo, cerca de 200 monitores iniciaram a capacita\u00e7\u00e3o em maio, na modalidade virtual. Outros 120 profissionais que participaram da forma\u00e7\u00e3o em 2025 tamb\u00e9m integram a etapa presencial. O curso \u00e9 organizado pelo Departamento Pedag\u00f3gico\/Setor de Atendimento Educacional Especializado da Secretaria de Educa\u00e7\u00e3o.<\/p>\n<p>&#13;<\/p>\n<p>A programa\u00e7\u00e3o re\u00fane palestras, oficinas e atividades pr\u00e1ticas conduzidas por professores da rede municipal e especialistas convidados, como a professora Dra. Gabriella Andreeta Figueiredo (USP\/Unicamp) e a mestre em An\u00e1lise do Comportamento Aplicada, Mariela Cerchiari, que atua nos Estados Unidos com educa\u00e7\u00e3o especializada e interven\u00e7\u00e3o precoce.<\/p>\n<p>&#13;<\/p>\n<p>Entre os temas abordados est\u00e3o desenvolvimento infantil, interven\u00e7\u00e3o comportamental, acolhimento e regula\u00e7\u00e3o emocional, comunica\u00e7\u00e3o aumentativa e alternativa (CAA), brincadeiras como ferramenta de aprendizagem, al\u00e9m de estrat\u00e9gias de bem-estar e autocuidado para os monitores.<\/p>\n<p>&#13;<\/p>\n<p>O encerramento da semana contar\u00e1 com viv\u00eancias no Parque Cidade, com jogos cooperativos e atividades r\u00edtmicas desenvolvidas em parceria com estudantes do curso de Ci\u00eancias do Esporte da FCA\/Unicamp e o educador social Igor Clayton dos Santos.<\/p>\n<p>&#13;<\/p>\n<p>A forma\u00e7\u00e3o seguir\u00e1 de forma virtual at\u00e9 setembro, totalizando 180 horas, conforme previsto no Decreto Federal n\u00ba 12.686\/2025 e no Decreto Municipal n\u00ba 23\/2026.<\/p>\n<p>&#13;<\/p>\n<p>O secret\u00e1rio de Educa\u00e7\u00e3o, Ant\u00f4nio Montesano Neto, destaca que o profissional de apoio exerce papel complementar ao trabalho dos professores e especialistas, \u201crefor\u00e7ando o compromisso da administra\u00e7\u00e3o municipal com a forma\u00e7\u00e3o cont\u00ednua de toda a equipe da educa\u00e7\u00e3o\u201d.<\/p>\n<p>&#13;<\/p>\n<p>A respons\u00e1vel pelo Setor de Educa\u00e7\u00e3o Especial, L\u00facia Cardoso, ressalta que a educa\u00e7\u00e3o inclusiva depende da capacita\u00e7\u00e3o de todos os profissionais da escola. &#8220;A inclus\u00e3o \u00e9 uma constru\u00e7\u00e3o coletiva e exige um olhar preparado de toda a comunidade escolar para garantir um ambiente acolhedor e acess\u00edvel a todos os estudantes&#8221;, afirma.<\/p>\n<p>&#13;<br \/>\n&#13;<br \/>\n&#13;<br \/>\n&#13;<\/p>\n<article class=\"conteudo-relacionado no-print\">&#13;<br \/>\n        &#13;<br \/>\n&#13;<br \/>\n        &#13;<br \/>\n    <\/article>\n<p>&#13;<br \/>\n&#13;<br \/>\n                <\/main><\/p><\/div>\n<p><br \/>\n<br \/><a href=\"https:\/\/limeira.sp.gov.br\/prefeitura-capacita-monitores-que-atuam-com-alunos-da-educacao-especial\" rel=\"noopener\">Informa\u00e7\u00f5es da PML <\/a><\/p>\n","protected":false},"excerpt":{"rendered":"<p>&#13; &#13; &#13; &#13; &#13; &#13; &#13; &#13; &#13; &#13; A Prefeitura de Limeira, por meio da Secretaria de Educa\u00e7\u00e3o, promove entre os dias 20 e 24 de julho um curso presencial de qualifica\u00e7\u00e3o para monitores da rede municipal. A forma\u00e7\u00e3o prepara os profissionais de apoio que atuam com estudantes da educa\u00e7\u00e3o especial, com defici\u00eancia [&hellip;]<\/p>\n","protected":false},"author":1,"featured_media":72254,"comment_status":"","ping_status":"open","sticky":false,"template":"","format":"standard","meta":{"_jetpack_newsletter_access":"","_jetpack_dont_email_post_to_subs":false,"_jetpack_newsletter_tier_id":0,"_jetpack_memberships_contains_paywalled_content":false,"_mbp_banners":[],"_jetpack_feature_clip_id":0,"_jetpack_memberships_contains_paid_content":false,"footnotes":"","jetpack_publicize_message":"","jetpack_publicize_feature_enabled":true,"jetpack_social_post_already_shared":true,"jetpack_social_options":{"image_generator_settings":{"template":"highway","default_image_id":0,"font":"","enabled":false},"version":2},"jetpack_post_was_ever_published":false},"categories":[16],"tags":[],"class_list":["post-72253","post","type-post","status-publish","format-standard","has-post-thumbnail","category-local"],"jetpack_publicize_connections":[],"jetpack-related-posts":[],"jetpack_shortlink":"https:\/\/wp.me\/p7Eq1F-iNn","jetpack_sharing_enabled":true,"jetpack_featured_media_url":"https:\/\/i0.wp.com\/guialimeira.com.br\/news\/wp-content\/uploads\/2026\/07\/m_137_0_1_15072026170325.png?fit=1024%2C576&ssl=1","_links":{"self":[{"href":"https:\/\/guialimeira.com.br\/news\/wp-json\/wp\/v2\/posts\/72253","targetHints":{"allow":["GET"]}}],"collection":[{"href":"https:\/\/guialimeira.com.br\/news\/wp-json\/wp\/v2\/posts"}],"about":[{"href":"https:\/\/guialimeira.com.br\/news\/wp-json\/wp\/v2\/types\/post"}],"author":[{"embeddable":true,"href":"https:\/\/guialimeira.com.br\/news\/wp-json\/wp\/v2\/users\/1"}],"replies":[{"embeddable":true,"href":"https:\/\/guialimeira.com.br\/news\/wp-json\/wp\/v2\/comments?post=72253"}],"version-history":[{"count":0,"href":"https:\/\/guialimeira.com.br\/news\/wp-json\/wp\/v2\/posts\/72253\/revisions"}],"wp:featuredmedia":[{"embeddable":true,"href":"https:\/\/guialimeira.com.br\/news\/wp-json\/wp\/v2\/media\/72254"}],"wp:attachment":[{"href":"https:\/\/guialimeira.com.br\/news\/wp-json\/wp\/v2\/media?parent=72253"}],"wp:term":[{"taxonomy":"category","embeddable":true,"href":"https:\/\/guialimeira.com.br\/news\/wp-json\/wp\/v2\/categories?post=72253"},{"taxonomy":"post_tag","embeddable":true,"href":"https:\/\/guialimeira.com.br\/news\/wp-json\/wp\/v2\/tags?post=72253"}],"curies":[{"name":"wp","href":"https:\/\/api.w.org\/{rel}","templated":true}]}}