{"id":72229,"date":"2026-07-15T11:48:19","date_gmt":"2026-07-15T14:48:19","guid":{"rendered":"https:\/\/guialimeira.com.br\/evento-debate-internacionalizacao-de-empresas-por-meio-de-plataformas-digitais-em-limeira\/"},"modified":"2026-07-15T11:48:19","modified_gmt":"2026-07-15T14:48:19","slug":"evento-debate-internacionalizacao-de-empresas-por-meio-de-plataformas-digitais-em-limeira","status":"publish","type":"post","link":"https:\/\/guialimeira.com.br\/news\/evento-debate-internacionalizacao-de-empresas-por-meio-de-plataformas-digitais-em-limeira\/","title":{"rendered":"Evento debate internacionaliza\u00e7\u00e3o de empresas por meio de plataformas digitais em Limeira"},"content":{"rendered":"<p> <br \/>\n<\/p>\n<div>\n                <main class=\"\">&#13;<br \/>\n                    &#13;<br \/>\n&#13;<br \/>\n&#13;<br \/>\n&#13;<br \/>\n&#13;<br \/>\n&#13;<br \/>\n    <img data-recalc-dims=\"1\" decoding=\"async\" src=\"https:\/\/i0.wp.com\/ecrie.com.br\/sistema\/conteudos\/imagem\/m_137_0_1_15072026114329.jpg?w=696&#038;ssl=1\" alt=\"Evento debate internacionaliza\u00e7\u00e3o de empresas por meio de plataformas digitais em Limeira\"\/>&#13;<br \/>\n&#13;<br \/>\n&#13;<\/p>\n<p>Limeira sedia, no dia 4 de agosto (ter\u00e7a-feira), o evento \u201cInternacionaliza\u00e7\u00e3o via Plataformas Digitais\u201d, voltado \u00e0 discuss\u00e3o de estrat\u00e9gias para ampliar a inser\u00e7\u00e3o de empresas no mercado internacional por meio de ferramentas digitais.<\/p>\n<p>&#13;<\/p>\n<p>A programa\u00e7\u00e3o tem in\u00edcio \u00e0s 10h e contar\u00e1 com a presen\u00e7a do prefeito Murilo F\u00e9lix, do secret\u00e1rio de Desenvolvimento Econ\u00f4mico, Daniel Le\u00e3o Bonatti, e de representantes da Faculdade de Ci\u00eancias Aplicadas (FCA) da Unicamp: a diretora, professora Milena Pavan Serafim, o diretor associado, professor Cristiano Torrezan, e o diretor executivo de Rela\u00e7\u00f5es Internacionais da Unicamp, professor Rafael Dias.<\/p>\n<p>&#13;<\/p>\n<p>Durante o evento haver\u00e1 a apresenta\u00e7\u00e3o do novo curso de Gradua\u00e7\u00e3o de Rela\u00e7\u00f5es Internacionais da FCA\/Unicamp, al\u00e9m de palestras voltadas ao tema. Para o prefeito Murilo F\u00e9lix, a internacionaliza\u00e7\u00e3o \u00e9 uma oportunidade para que as empresas de Limeira ampliem seus mercados, gerem novos neg\u00f3cios e fortale\u00e7am a economia local. \u201cAo aproximar o setor produtivo da universidade e de especialistas, criamos um ambiente favor\u00e1vel \u00e0 inova\u00e7\u00e3o, ao empreendedorismo e ao desenvolvimento econ\u00f4mico da nossa cidade\u201d, afirma. O evento ser\u00e1 realizado pela FCA Unicamp em parceria com a Prefeitura de Limeira.<\/p>\n<p>&#13;<\/p>\n<p><strong>Confira a programa\u00e7\u00e3o completa:<\/strong><\/p>\n<p>&#13;<\/p>\n<p>9h00 \u2013 Welcome Coffee<br \/>9h45 \u00e0s 10h10 \u2013 Abertura institucional<br \/>\u2022 Prefeito de Limeira, Murilo F\u00e9lix<br \/>\u2022 Secret\u00e1rio de Desenvolvimento Econ\u00f4mico, Daniel Le\u00e3o Bonatti<br \/>\u2022 Diretora da Faculdade de Ci\u00eancias Aplicadas (FCA\/Unicamp), Profa. Milena Pavan Serafim<br \/>\u2022 Diretor Associado da FCA\/Unicamp, Prof. Cristiano Torrezan<br \/>\u2022 Diretor Executivo de Rela\u00e7\u00f5es Internacionais da Unicamp, Prof. Rafael Dias<\/p>\n<p>&#13;<\/p>\n<p>10h10 \u00e0s 10h30 \u2013 Apresenta\u00e7\u00e3o do novo curso de gradua\u00e7\u00e3o em Rela\u00e7\u00f5es Internacionais da FCA\/Unicamp<br \/>\u2022 Prof. Rafael Dias<\/p>\n<p>&#13;<\/p>\n<p>10h30 \u00e0s 11h15 \u2013 Palestra da ApexBrasil<br \/>Programa E-Xport e a parceria com plataformas digitais<br \/>O Programa E-Xport apoia empresas brasileiras na amplia\u00e7\u00e3o de sua presen\u00e7a no mercado internacional por meio de canais digitais.<\/p>\n<p>&#13;<\/p>\n<p>11h15 \u00e0s 11h30 \u2013 Perguntas e respostas sobre o Programa E-Xport<br \/>\u2022 Media\u00e7\u00e3o: Prof. Cristiano Morini<\/p>\n<p>&#13;<\/p>\n<p>11h30 \u00e0s 11h45 \u2013 Desmistificando as exporta\u00e7\u00f5es das empresas de Limeira<br \/>Apresenta\u00e7\u00e3o dos dados preliminares de uma pesquisa sobre exporta\u00e7\u00f5es via plataformas digitais no munic\u00edpio.<br \/>\u2022 Prof. Cristiano Morini e p\u00f3s-doutor Eduardo Avancci Dion\u00edsio<\/p>\n<p>&#13;<\/p>\n<p>11h45 \u00e0s 12h30 \u2013 Din\u00e2mica com o p\u00fablico<br \/>Grupo focal sobre exporta\u00e7\u00e3o por meio de plataformas digitais.<\/p>\n<p>&#13;<\/p>\n<p>13h00 \u2013 Encerramento<\/p>\n<p>&#13;<br \/>\n&#13;<br \/>\n&#13;<br \/>\n&#13;<\/p>\n<article class=\"conteudo-relacionado no-print\">&#13;<br \/>\n        &#13;<br \/>\n&#13;<br \/>\n        &#13;<br \/>\n    <\/article>\n<p>&#13;<br \/>\n&#13;<br \/>\n                <\/main><\/p><\/div>\n<p><br \/>\n<br \/><a href=\"https:\/\/limeira.sp.gov.br\/evento-debate-internacionalizacao-de-empresas-por-meio-de-plataformas-digitais-em-limeira\" rel=\"noopener\">Informa\u00e7\u00f5es da PML <\/a><\/p>\n","protected":false},"excerpt":{"rendered":"<p>&#13; &#13; &#13; &#13; &#13; &#13; &#13; &#13; &#13; &#13; Limeira sedia, no dia 4 de agosto (ter\u00e7a-feira), o evento \u201cInternacionaliza\u00e7\u00e3o via Plataformas Digitais\u201d, voltado \u00e0 discuss\u00e3o de estrat\u00e9gias para ampliar a inser\u00e7\u00e3o de empresas no mercado internacional por meio de ferramentas digitais. &#13; A programa\u00e7\u00e3o tem in\u00edcio \u00e0s 10h e contar\u00e1 com a presen\u00e7a [&hellip;]<\/p>\n","protected":false},"author":1,"featured_media":72230,"comment_status":"","ping_status":"open","sticky":false,"template":"","format":"standard","meta":{"_jetpack_newsletter_access":"","_jetpack_dont_email_post_to_subs":false,"_jetpack_newsletter_tier_id":0,"_jetpack_memberships_contains_paywalled_content":false,"_mbp_banners":[],"_jetpack_feature_clip_id":0,"_jetpack_memberships_contains_paid_content":false,"footnotes":"","jetpack_publicize_message":"","jetpack_publicize_feature_enabled":true,"jetpack_social_post_already_shared":true,"jetpack_social_options":{"image_generator_settings":{"template":"highway","default_image_id":0,"font":"","enabled":false},"version":2},"jetpack_post_was_ever_published":false},"categories":[16],"tags":[],"class_list":["post-72229","post","type-post","status-publish","format-standard","has-post-thumbnail","category-local"],"jetpack_publicize_connections":[],"jetpack-related-posts":[],"jetpack_shortlink":"https:\/\/wp.me\/p7Eq1F-iMZ","jetpack_sharing_enabled":true,"jetpack_featured_media_url":"https:\/\/i0.wp.com\/guialimeira.com.br\/news\/wp-content\/uploads\/2026\/07\/m_137_0_1_15072026114329.jpg?fit=1024%2C576&ssl=1","_links":{"self":[{"href":"https:\/\/guialimeira.com.br\/news\/wp-json\/wp\/v2\/posts\/72229","targetHints":{"allow":["GET"]}}],"collection":[{"href":"https:\/\/guialimeira.com.br\/news\/wp-json\/wp\/v2\/posts"}],"about":[{"href":"https:\/\/guialimeira.com.br\/news\/wp-json\/wp\/v2\/types\/post"}],"author":[{"embeddable":true,"href":"https:\/\/guialimeira.com.br\/news\/wp-json\/wp\/v2\/users\/1"}],"replies":[{"embeddable":true,"href":"https:\/\/guialimeira.com.br\/news\/wp-json\/wp\/v2\/comments?post=72229"}],"version-history":[{"count":0,"href":"https:\/\/guialimeira.com.br\/news\/wp-json\/wp\/v2\/posts\/72229\/revisions"}],"wp:featuredmedia":[{"embeddable":true,"href":"https:\/\/guialimeira.com.br\/news\/wp-json\/wp\/v2\/media\/72230"}],"wp:attachment":[{"href":"https:\/\/guialimeira.com.br\/news\/wp-json\/wp\/v2\/media?parent=72229"}],"wp:term":[{"taxonomy":"category","embeddable":true,"href":"https:\/\/guialimeira.com.br\/news\/wp-json\/wp\/v2\/categories?post=72229"},{"taxonomy":"post_tag","embeddable":true,"href":"https:\/\/guialimeira.com.br\/news\/wp-json\/wp\/v2\/tags?post=72229"}],"curies":[{"name":"wp","href":"https:\/\/api.w.org\/{rel}","templated":true}]}}