{"id":72225,"date":"2026-07-15T10:13:03","date_gmt":"2026-07-15T13:13:03","guid":{"rendered":"https:\/\/guialimeira.com.br\/barretao-2026-palco-camping-tera-show-exclusivo-do-cantor-nattan\/"},"modified":"2026-07-15T10:13:03","modified_gmt":"2026-07-15T13:13:03","slug":"barretao-2026-palco-camping-tera-show-exclusivo-do-cantor-nattan","status":"publish","type":"post","link":"https:\/\/guialimeira.com.br\/news\/barretao-2026-palco-camping-tera-show-exclusivo-do-cantor-nattan\/","title":{"rendered":"Barret\u00e3o 2026: Palco Camping ter\u00e1 show exclusivo do cantor Nattan\u00a0"},"content":{"rendered":"<p>A Festa do Pe\u00e3o de Barretos confirmou mais uma atra\u00e7\u00e3o Palco Camping, exclusivo para quem est\u00e1 hospedado neste espa\u00e7o. Nattan tem uma apresenta\u00e7\u00e3o marcada para o dia 22 de agosto, a partir das 16h30, preparada especialmente para os h\u00f3spedes do camping oficial: \u00a0o projeto \u201cNattan no Camping\u201d.<\/p>\n<p>Conhecido pela intensa intera\u00e7\u00e3o com o p\u00fablico, pelo repert\u00f3rio de sucessos e por shows que costumam se estender al\u00e9m do tempo previsto, o cantor promete mostrar aos campistas a mesma energia presente de seus shows pelo Brasil.<\/p>\n<p>\u201cO p\u00fablico do camping gosta de viver a Festa intensamente e isso inspira a constru\u00e7\u00e3o desse line-up \u00fanico. Procuramos artistas que tenham essa energia, valorizem a intera\u00e7\u00e3o com o p\u00fablico e estejam dispostos a criar apresenta\u00e7\u00f5es exclusivas para esse espa\u00e7o. O Nattan tem todas essas caracter\u00edsticas e temos certeza de que ser\u00e1 um grande momento para os campistas\u201d, destaca Pedro Muzeti, diretor cultural de Os Independentes.<\/p>\n<p>Com mais de 35 apresenta\u00e7\u00f5es previstas, o espa\u00e7o musical dos campistas ser\u00e1 uma das op\u00e7\u00f5es de entretenimento para os h\u00f3spedes na 71\u00aa Festa do Pe\u00e3o de Barretos, reunindo diferentes estilos e atra\u00e7\u00f5es desenvolvidas para quem aproveita o Barret\u00e3o 24 horas por dia.<\/p>\n<h2 class=\"wp-block-heading\"><strong>Camping<\/strong><\/h2>\n<p>Com capacidade para receber at\u00e9 20 mil pessoas, o camping oficial oferece estrutura completa de hospedagem dentro do Parque do Pe\u00e3o, com op\u00e7\u00f5es para barracas, motorhomes, containers, cabanas e a Vila Barretos Aura Trip. Al\u00e9m da programa\u00e7\u00e3o exclusiva, os campistas t\u00eam acesso a toda a estrutura da Festa, incluindo rodeios, shows, Feira Comercial e atra\u00e7\u00f5es gastron\u00f4micas.<\/p>\n<h2 class=\"wp-block-heading\"><strong>Ingresso<\/strong>s<\/h2>\n<p>Os passaportes para o camping seguem \u00e0 venda exclusivamente pelo site Barretos.totalacesso.com.<br \/>\n\u00a0<\/p>\n<h2 class=\"wp-block-heading\"><strong>Servi\u00e7o<\/strong><\/h2>\n<p><strong>71\u00aa Festa do Pe\u00e3o de Barretos<\/strong><\/p>\n<p><strong>Data:<\/strong> 20 a 30 de agosto de 2026<\/p>\n<p><strong>Loca<\/strong>l: Parque do Pe\u00e3o \u2013 Barretos (SP)<\/p>\n<p><strong>Camping oficial:<\/strong> dentro do Parque do Pe\u00e3o, com acesso exclusivo aos h\u00f3spedes e programa\u00e7\u00e3o pr\u00f3pria de shows.<\/p>\n<p><strong>Ingressos: <\/strong>barretos.totalacesso.com<\/p>\n<p><strong>Mais informa\u00e7\u00f5es:<\/strong> <a href=\"http:\/\/www.independentes.com.br\" rel=\"noopener\">www.independentes.com.br<\/a><\/p>\n<p><em>Cr\u00e9dito foto: Divulga\u00e7\u00e3o<\/em><\/p>\n<\/p>\n<p><\/p>\n","protected":false},"excerpt":{"rendered":"<p>Artista \u00e9 a nova atra\u00e7\u00e3o confirmada do espa\u00e7o dos campistas e apresentar\u00e1 o projeto &#8220;Nattan no Camping&#8221; , no dia 22 de agosto; line-up completo ser\u00e1 divulgado em breve<\/p>\n","protected":false},"author":5,"featured_media":0,"comment_status":"","ping_status":"open","sticky":false,"template":"","format":"standard","meta":{"_jetpack_newsletter_access":"","_jetpack_dont_email_post_to_subs":false,"_jetpack_newsletter_tier_id":0,"_jetpack_memberships_contains_paywalled_content":false,"_mbp_banners":[],"_jetpack_feature_clip_id":0,"_jetpack_memberships_contains_paid_content":false,"footnotes":"","jetpack_publicize_message":"","jetpack_publicize_feature_enabled":true,"jetpack_social_post_already_shared":true,"jetpack_social_options":{"image_generator_settings":{"template":"highway","default_image_id":0,"font":"","enabled":false},"version":2},"jetpack_post_was_ever_published":false},"categories":[],"tags":[],"class_list":["post-72225","post","type-post","status-publish","format-standard"],"jetpack_publicize_connections":[],"jetpack-related-posts":[],"jetpack_shortlink":"https:\/\/wp.me\/p7Eq1F-iMV","jetpack_sharing_enabled":true,"jetpack_featured_media_url":"","_links":{"self":[{"href":"https:\/\/guialimeira.com.br\/news\/wp-json\/wp\/v2\/posts\/72225","targetHints":{"allow":["GET"]}}],"collection":[{"href":"https:\/\/guialimeira.com.br\/news\/wp-json\/wp\/v2\/posts"}],"about":[{"href":"https:\/\/guialimeira.com.br\/news\/wp-json\/wp\/v2\/types\/post"}],"author":[{"embeddable":true,"href":"https:\/\/guialimeira.com.br\/news\/wp-json\/wp\/v2\/users\/5"}],"replies":[{"embeddable":true,"href":"https:\/\/guialimeira.com.br\/news\/wp-json\/wp\/v2\/comments?post=72225"}],"version-history":[{"count":0,"href":"https:\/\/guialimeira.com.br\/news\/wp-json\/wp\/v2\/posts\/72225\/revisions"}],"wp:attachment":[{"href":"https:\/\/guialimeira.com.br\/news\/wp-json\/wp\/v2\/media?parent=72225"}],"wp:term":[{"taxonomy":"category","embeddable":true,"href":"https:\/\/guialimeira.com.br\/news\/wp-json\/wp\/v2\/categories?post=72225"},{"taxonomy":"post_tag","embeddable":true,"href":"https:\/\/guialimeira.com.br\/news\/wp-json\/wp\/v2\/tags?post=72225"}],"curies":[{"name":"wp","href":"https:\/\/api.w.org\/{rel}","templated":true}]}}