{"id":72221,"date":"2026-07-15T08:54:18","date_gmt":"2026-07-15T11:54:18","guid":{"rendered":"https:\/\/guialimeira.com.br\/limeira-tem-programacao-especial-com-arraia-julino-espetaculos-no-teatro-vitoria-e-oficinas-de-ferias\/"},"modified":"2026-07-15T08:54:18","modified_gmt":"2026-07-15T11:54:18","slug":"limeira-tem-programacao-especial-com-arraia-julino-espetaculos-no-teatro-vitoria-e-oficinas-de-ferias","status":"publish","type":"post","link":"https:\/\/guialimeira.com.br\/news\/limeira-tem-programacao-especial-com-arraia-julino-espetaculos-no-teatro-vitoria-e-oficinas-de-ferias\/","title":{"rendered":"Limeira tem programa\u00e7\u00e3o especial com Arrai\u00e1 Julino, espet\u00e1culos no Teatro Vit\u00f3ria e oficinas de f\u00e9rias"},"content":{"rendered":"<p> <br \/>\n<\/p>\n<div>\n                <main class=\"\">&#13;<br \/>\n                    &#13;<br \/>\n&#13;<br \/>\n&#13;<br \/>\n&#13;<br \/>\n&#13;<br \/>\n&#13;<br \/>\n    <img data-recalc-dims=\"1\" decoding=\"async\" src=\"https:\/\/i0.wp.com\/ecrie.com.br\/sistema\/conteudos\/imagem\/m_137_0_1_10122025154043.jpeg?w=696&#038;ssl=1\" alt=\"Limeira tem programa\u00e7\u00e3o especial com Arrai\u00e1 Julino, espet\u00e1culos no Teatro Vit\u00f3ria e oficinas de f\u00e9rias\"\/>&#13;<br \/>\n&#13;<br \/>\n&#13;<\/p>\n<p data-path-to-node=\"2\">A Prefeitura de Limeira, apresenta uma programa\u00e7\u00e3o diversa e recheada de atra\u00e7\u00f5es para toda a fam\u00edlia nos pr\u00f3ximos dias. Os destaques ficam por conta do Arrai\u00e1 Julino de Limeira no Parque Cidade, grandes espet\u00e1culos de teatro e m\u00fasica no Teatro Vit\u00f3ria, al\u00e9m de uma programa\u00e7\u00e3o especial e gratuita de f\u00e9rias voltada ao p\u00fablico infantil nas bibliotecas e centros culturais da cidade.<\/p>\n<p>&#13;<\/p>\n<p data-path-to-node=\"3\">O grande destaque do final de semana \u00e9 o <strong data-path-to-node=\"3\" data-index-in-node=\"41\">Arrai\u00e1 Julino de Limeira<\/strong>, que acontece na sexta-feira (17) e no s\u00e1bado (18), a partir das 17h, no Parque Cidade. O evento re\u00fane m\u00fasica ao vivo, comidas t\u00edpicas, brinquedos infl\u00e1veis gratuitos e parque de divers\u00f5es. Na sexta-feira (17), as atra\u00e7\u00f5es musicais ficam por conta do Forr\u00f3 Temperado e Forr\u00f3 Di Casa. J\u00e1 no s\u00e1bado (18), o show principal ser\u00e1 comandado por Sami Rico. A entrada \u00e9 gratuita, e os visitantes s\u00e3o convidados a doar um agasalho para a Campanha do Agasalho do Fundo Social de Solidariedade.<\/p>\n<p>&#13;<\/p>\n<h3 data-path-to-node=\"4\"><strong data-path-to-node=\"4\" data-index-in-node=\"0\">Teatro Vit\u00f3ria com M\u00fasica, Dan\u00e7a e Stand-up<\/strong><\/h3>\n<p>&#13;<\/p>\n<p data-path-to-node=\"5\">O palco do Teatro Vit\u00f3ria recebe tr\u00eas grandes produ\u00e7\u00f5es para diferentes p\u00fablicos:<\/p>\n<p>&#13;<\/p>\n<ul data-path-to-node=\"6\">&#13;<\/p>\n<li>&#13;\n<p data-path-to-node=\"6,0,0\"><strong data-path-to-node=\"6,0,0\" data-index-in-node=\"0\">Dan\u00e7a &#8211; quarta-feira (15) \u00e0s 20h:<\/strong> O Studio HIIT e Dan\u00e7a apresenta o espet\u00e1culo <em data-path-to-node=\"6,0,0\" data-index-in-node=\"74\">&#8220;Cores que Sentem&#8221;<\/em>, que traduz sentimentos e sensa\u00e7\u00f5es em movimentos corporais. Os ingressos custam R$ 80,00 (inteira) e R$ 40,00 (meia-entrada\/b\u00f4nus antecipado).<\/p>\n<p>&#13;\n<\/li>\n<p>&#13;<\/p>\n<li>&#13;\n<p data-path-to-node=\"6,1,0\"><strong data-path-to-node=\"6,1,0\" data-index-in-node=\"0\">M\u00fasica &#8211; sexta-feira (17) \u00e0s 20h:<\/strong> O show <em data-path-to-node=\"6,1,0\" data-index-in-node=\"37\">&#8220;Beatles 4Ever&#8221;<\/em> revisita a trajet\u00f3ria hist\u00f3rica do quarteto de Liverpool com figurinos e instrumentos fi\u00e9is a cada \u00e9poca. Os ingressos variam de R$ 50,00 a R$ 120,00.<\/p>\n<p>&#13;\n<\/li>\n<p>&#13;<\/p>\n<li>&#13;\n<p data-path-to-node=\"6,2,0\"><strong data-path-to-node=\"6,2,0\" data-index-in-node=\"0\">Humor &#8211; s\u00e1bado (18) sess\u00f5es \u00e0s 18h30 e 20h30:<\/strong> O humorista Renato Albani apresenta seu novo solo de stand-up, <em data-path-to-node=\"6,2,0\" data-index-in-node=\"113\">&#8220;A Ignor\u00e2ncia \u00e9 uma D\u00e1diva&#8221;<\/em>. Os ingressos custam entre R$ 80,00 e R$ 180,00, com op\u00e7\u00e3o de ingresso solid\u00e1rio mediante a doa\u00e7\u00e3o de 1 kg de alimento n\u00e3o perec\u00edvel.<\/p>\n<p>&#13;\n<\/li>\n<p>&#13;\n<\/ul>\n<p>&#13;<\/p>\n<h3 data-path-to-node=\"7\"><strong data-path-to-node=\"7\" data-index-in-node=\"0\">Atividades Especiais de F\u00e9rias para Crian\u00e7as<\/strong><\/h3>\n<p>&#13;<\/p>\n<p data-path-to-node=\"8\">Para movimentar o recesso escolar, a Biblioteca Municipal (Parque Cidade &#8211; H\u00edpica) e o Centro de Ci\u00eancias e Cultura (C3) prepararam atividades l\u00fadicas e gratuitas:<\/p>\n<p>&#13;<\/p>\n<ul data-path-to-node=\"9\">&#13;<\/p>\n<li>&#13;\n<p data-path-to-node=\"9,0,0\"><strong data-path-to-node=\"9,0,0\" data-index-in-node=\"0\">Clube do Livro Infantil &#8211; quarta-feira (15) \u00e0s 14h30:<\/strong> Leitura de obra infantil e bate-papo l\u00fadico para incentivar a imagina\u00e7\u00e3o. Classifica\u00e7\u00e3o: 7 a 10 anos (Vagas limitadas; inscri\u00e7\u00f5es pelo telefone\/WhatsApp 3442-6539).<\/p>\n<p>&#13;\n<\/li>\n<p>&#13;<\/p>\n<li>&#13;\n<p data-path-to-node=\"9,1,0\"><strong data-path-to-node=\"9,1,0\" data-index-in-node=\"0\">Arteterapia &#8211; quinta-feira (16) das 14h30 \u00e0s 16h30:<\/strong> Oficina de Porta-Treco Criativo com palitos de sorvete, ministrada pela arte-educadora Mara\u00edsa Zocchio. Classifica\u00e7\u00e3o: 6 a 10 anos (Vagas limitadas; inscri\u00e7\u00f5es pelo telefone\/WhatsApp 3442-6539).<\/p>\n<p>&#13;\n<\/li>\n<p>&#13;<\/p>\n<li>&#13;\n<p data-path-to-node=\"9,2,0\"><strong data-path-to-node=\"9,2,0\" data-index-in-node=\"0\">Hora do Conto &#8211; sexta-feira (17) \u00e0s 14h30:<\/strong> Tarde de conta\u00e7\u00e3o de hist\u00f3rias com as profissionais Amanda Hergert e Mara Belo, do Recanto das Hist\u00f3rias (Entrada livre).<\/p>\n<p>&#13;\n<\/li>\n<p>&#13;<\/p>\n<li>&#13;\n<p data-path-to-node=\"9,3,0\"><strong data-path-to-node=\"9,3,0\" data-index-in-node=\"0\">Oficina de Anatomia Humana &#8211; sexta-feira (17) \u00e0s 13h30 &#8211; no C3:<\/strong> Atividade interativa para as crian\u00e7as descobrirem o funcionamento do corpo humano. Classifica\u00e7\u00e3o: 6 a 10 anos (Inscri\u00e7\u00f5es pelo telefone 3444-7893; limite de 20 vagas).<\/p>\n<p>&#13;\n<\/li>\n<p>&#13;\n<\/ul>\n<p>&#13;<\/p>\n<h3 data-path-to-node=\"10\"><strong data-path-to-node=\"10\" data-index-in-node=\"0\">Literatura e Tradicionalismo no Centro<\/strong><\/h3>\n<p>&#13;<\/p>\n<p data-path-to-node=\"11\">A programa\u00e7\u00e3o liter\u00e1ria adulta traz o <strong data-path-to-node=\"11\" data-index-in-node=\"38\">Clube do Livro<\/strong> na quarta-feira (15), \u00e0s 18h15, na Biblioteca Municipal do Parque Cidade. O debate deste m\u00eas gira em torno do romance <em data-path-to-node=\"11\" data-index-in-node=\"169\">&#8220;A palavra que resta&#8221;<\/em>, do autor Stenio Gardel, com media\u00e7\u00e3o de Daniele Pedroso. A classifica\u00e7\u00e3o indicativa \u00e9 de 16 anos.<\/p>\n<p>&#13;<\/p>\n<p data-path-to-node=\"12\">No fim de semana, a <strong data-path-to-node=\"12\" data-index-in-node=\"20\">Feira de Artes e Gastronomia<\/strong> ocorre no s\u00e1bado (18), das 9h \u00e0s 14h, na Pra\u00e7a Toledo Barros, oferecendo o melhor do artesanato e da culin\u00e1ria local. No domingo (19), \u00e0s 10h30, o coreto da pra\u00e7a recebe a tradicional retreta musical da <strong data-path-to-node=\"12\" data-index-in-node=\"252\">Corpora\u00e7\u00e3o Musical Arthur Giambelli<\/strong>, com apresenta\u00e7\u00e3o gratuita e livre para todos os p\u00fablicos.<\/p>\n<p>&#13;<\/p>\n<p data-path-to-node=\"14\"><strong data-path-to-node=\"14\" data-index-in-node=\"0\">Servi\u00e7o:<\/strong><\/p>\n<p>&#13;<\/p>\n<p data-path-to-node=\"15\"><strong data-path-to-node=\"15\" data-index-in-node=\"0\">Clube do Livro (Adulto)<\/strong><\/p>\n<p>&#13;<\/p>\n<ul data-path-to-node=\"16\">&#13;<\/p>\n<li>&#13;\n<p data-path-to-node=\"16,0,0\"><strong data-path-to-node=\"16,0,0\" data-index-in-node=\"0\">Data:<\/strong> 15 de julho (quarta-feira) | <strong data-path-to-node=\"16,0,0\" data-index-in-node=\"35\">Hor\u00e1rio:<\/strong> 18h15<\/p>\n<p>&#13;\n<\/li>\n<p>&#13;<\/p>\n<li>&#13;\n<p data-path-to-node=\"16,1,0\"><strong data-path-to-node=\"16,1,0\" data-index-in-node=\"0\">Local:<\/strong> Biblioteca Municipal (Parque Cidade)<\/p>\n<p>&#13;\n<\/li>\n<p>&#13;<\/p>\n<li>&#13;\n<p data-path-to-node=\"16,2,0\"><strong data-path-to-node=\"16,2,0\" data-index-in-node=\"0\">Entrada:<\/strong> Gratuita | <strong data-path-to-node=\"16,2,0\" data-index-in-node=\"20\">Classifica\u00e7\u00e3o:<\/strong> Maiores de 16 anos<\/p>\n<p>&#13;\n<\/li>\n<p>&#13;\n<\/ul>\n<p>&#13;<\/p>\n<p data-path-to-node=\"17\"><strong data-path-to-node=\"17\" data-index-in-node=\"0\">Espet\u00e1culo de Dan\u00e7a: &#8220;Cores que Sentem&#8221;<\/strong><\/p>\n<p>&#13;<\/p>\n<ul data-path-to-node=\"18\">&#13;<\/p>\n<li>&#13;\n<p data-path-to-node=\"18,0,0\"><strong data-path-to-node=\"18,0,0\" data-index-in-node=\"0\">Data:<\/strong> 15 de julho (quarta-feira) | <strong data-path-to-node=\"18,0,0\" data-index-in-node=\"35\">Hor\u00e1rio:<\/strong> 20h<\/p>\n<p>&#13;\n<\/li>\n<p>&#13;<\/p>\n<li>&#13;\n<p data-path-to-node=\"18,1,0\"><strong data-path-to-node=\"18,1,0\" data-index-in-node=\"0\">Local:<\/strong> Teatro Vit\u00f3ria<\/p>\n<p>&#13;\n<\/li>\n<p>&#13;<\/p>\n<li>&#13;\n<p data-path-to-node=\"18,2,0\"><strong data-path-to-node=\"18,2,0\" data-index-in-node=\"0\">Entrada:<\/strong> R$ 80,00 (inteira), R$ 40,00 (meia-entrada e b\u00f4nus)<\/p>\n<p>&#13;\n<\/li>\n<p>&#13;\n<\/ul>\n<p>&#13;<\/p>\n<p data-path-to-node=\"19\"><strong data-path-to-node=\"19\" data-index-in-node=\"0\">Arrai\u00e1 Julino de Limeira<\/strong><\/p>\n<p>&#13;<br \/>\n&#13;<\/p>\n<p data-path-to-node=\"21\"><strong data-path-to-node=\"21\" data-index-in-node=\"0\">M\u00fasica na Pra\u00e7a: Arthur Giambelli<\/strong><\/p>\n<p>&#13;<\/p>\n<ul data-path-to-node=\"22\">&#13;<\/p>\n<li>&#13;\n<p data-path-to-node=\"22,0,0\"><strong data-path-to-node=\"22,0,0\" data-index-in-node=\"0\">Data:<\/strong> 19 de julho (domingo) | <strong data-path-to-node=\"22,0,0\" data-index-in-node=\"30\">Hor\u00e1rio:<\/strong> 10h30<\/p>\n<p>&#13;\n<\/li>\n<p>&#13;<\/p>\n<li>&#13;\n<p data-path-to-node=\"22,1,0\"><strong data-path-to-node=\"22,1,0\" data-index-in-node=\"0\">Local:<\/strong> Coreto da Pra\u00e7a Toledo Barros<\/p>\n<p>&#13;\n<\/li>\n<p>&#13;<\/p>\n<li>&#13;\n<p data-path-to-node=\"22,2,0\"><strong data-path-to-node=\"22,2,0\" data-index-in-node=\"0\">Entrada:<\/strong> Gratuita | <strong data-path-to-node=\"22,2,0\" data-index-in-node=\"20\">Classifica\u00e7\u00e3o:<\/strong> Livre<\/p>\n<p>&#13;\n<\/li>\n<p>&#13;\n<\/ul>\n<p>&#13;<br \/>\n&#13;<br \/>\n&#13;<br \/>\n&#13;<\/p>\n<article class=\"conteudo-relacionado no-print\">&#13;<br \/>\n        &#13;<br \/>\n&#13;<br \/>\n        &#13;<br \/>\n    <\/article>\n<p>&#13;<br \/>\n&#13;<br \/>\n                <\/main><\/p><\/div>\n<p><br \/>\n<br \/><a href=\"https:\/\/limeira.sp.gov.br\/limeira-tem-programacao-especial-com-arraia-julino-espetaculos-no-teatro-vitoria-e-oficinas-de-ferias\" rel=\"noopener\">Informa\u00e7\u00f5es da PML <\/a><\/p>\n","protected":false},"excerpt":{"rendered":"<p>&#13; &#13; &#13; &#13; &#13; &#13; &#13; &#13; &#13; &#13; A Prefeitura de Limeira, apresenta uma programa\u00e7\u00e3o diversa e recheada de atra\u00e7\u00f5es para toda a fam\u00edlia nos pr\u00f3ximos dias. Os destaques ficam por conta do Arrai\u00e1 Julino de Limeira no Parque Cidade, grandes espet\u00e1culos de teatro e m\u00fasica no Teatro Vit\u00f3ria, al\u00e9m de uma programa\u00e7\u00e3o [&hellip;]<\/p>\n","protected":false},"author":1,"featured_media":51101,"comment_status":"","ping_status":"open","sticky":false,"template":"","format":"standard","meta":{"_jetpack_newsletter_access":"","_jetpack_dont_email_post_to_subs":false,"_jetpack_newsletter_tier_id":0,"_jetpack_memberships_contains_paywalled_content":false,"_mbp_banners":[],"_jetpack_feature_clip_id":0,"_jetpack_memberships_contains_paid_content":false,"footnotes":"","jetpack_publicize_message":"","jetpack_publicize_feature_enabled":true,"jetpack_social_post_already_shared":true,"jetpack_social_options":{"image_generator_settings":{"template":"highway","default_image_id":0,"font":"","enabled":false},"version":2},"jetpack_post_was_ever_published":false},"categories":[16],"tags":[],"class_list":["post-72221","post","type-post","status-publish","format-standard","has-post-thumbnail","category-local"],"jetpack_publicize_connections":[],"jetpack-related-posts":[],"jetpack_shortlink":"https:\/\/wp.me\/p7Eq1F-iMR","jetpack_sharing_enabled":true,"jetpack_featured_media_url":"https:\/\/i0.wp.com\/guialimeira.com.br\/news\/wp-content\/uploads\/2025\/12\/m_137_0_1_10122025154043.jpeg?fit=848%2C570&ssl=1","_links":{"self":[{"href":"https:\/\/guialimeira.com.br\/news\/wp-json\/wp\/v2\/posts\/72221","targetHints":{"allow":["GET"]}}],"collection":[{"href":"https:\/\/guialimeira.com.br\/news\/wp-json\/wp\/v2\/posts"}],"about":[{"href":"https:\/\/guialimeira.com.br\/news\/wp-json\/wp\/v2\/types\/post"}],"author":[{"embeddable":true,"href":"https:\/\/guialimeira.com.br\/news\/wp-json\/wp\/v2\/users\/1"}],"replies":[{"embeddable":true,"href":"https:\/\/guialimeira.com.br\/news\/wp-json\/wp\/v2\/comments?post=72221"}],"version-history":[{"count":0,"href":"https:\/\/guialimeira.com.br\/news\/wp-json\/wp\/v2\/posts\/72221\/revisions"}],"wp:featuredmedia":[{"embeddable":true,"href":"https:\/\/guialimeira.com.br\/news\/wp-json\/wp\/v2\/media\/51101"}],"wp:attachment":[{"href":"https:\/\/guialimeira.com.br\/news\/wp-json\/wp\/v2\/media?parent=72221"}],"wp:term":[{"taxonomy":"category","embeddable":true,"href":"https:\/\/guialimeira.com.br\/news\/wp-json\/wp\/v2\/categories?post=72221"},{"taxonomy":"post_tag","embeddable":true,"href":"https:\/\/guialimeira.com.br\/news\/wp-json\/wp\/v2\/tags?post=72221"}],"curies":[{"name":"wp","href":"https:\/\/api.w.org\/{rel}","templated":true}]}}