{"id":72162,"date":"2026-07-14T14:52:24","date_gmt":"2026-07-14T17:52:24","guid":{"rendered":"https:\/\/guialimeira.com.br\/especialista-da-mandic-limeira-alerta-sobre-prevencao-de-acidentes-domesticos-com-criancas-nas-ferias-escolares\/"},"modified":"2026-07-14T14:52:24","modified_gmt":"2026-07-14T17:52:24","slug":"especialista-da-mandic-limeira-alerta-sobre-prevencao-de-acidentes-domesticos-com-criancas-nas-ferias-escolares","status":"publish","type":"post","link":"https:\/\/guialimeira.com.br\/news\/especialista-da-mandic-limeira-alerta-sobre-prevencao-de-acidentes-domesticos-com-criancas-nas-ferias-escolares\/","title":{"rendered":"Especialista da Mandic Limeira alerta sobre preven\u00e7\u00e3o de acidentes dom\u00e9sticos com crian\u00e7as nas f\u00e9rias escolares"},"content":{"rendered":"<p> <br \/>\n<\/p>\n<div data-id=\"626ab9d\" data-element_type=\"widget\" data-e-type=\"widget\" data-widget_type=\"theme-post-content.default\">\n<p class=\"wp-block-paragraph\">As f\u00e9rias escolares s\u00e3o sin\u00f4nimo de brincadeiras, passeios e mais tempo em fam\u00edlia. No entanto, o per\u00edodo tamb\u00e9m exige aten\u00e7\u00e3o dos pais e respons\u00e1veis. Com as crian\u00e7as passando mais tempo em casa, aumenta tamb\u00e9m o risco de acidentes dom\u00e9sticos, muitos deles graves, mas que podem ser evitados com medidas simples de preven\u00e7\u00e3o.<\/p>\n<p class=\"wp-block-paragraph\">Entre as ocorr\u00eancias mais frequentes est\u00e3o quedas, queimaduras, intoxica\u00e7\u00f5es por medicamentos e produtos de limpeza, engasgos, afogamentos, choques el\u00e9tricos e acidentes com bicicletas, patinetes e piscinas. Segundo a pediatra e coordenadora do curso de Medicina da Faculdade S\u00e3o Leopoldo Mandic Limeira, Glauce Leite, os acidentes n\u00e3o acontecem por acaso. \u201cEles s\u00e3o previs\u00edveis e, na maioria das vezes, evit\u00e1veis. As f\u00e9rias representam um per\u00edodo em que \u00e9 necess\u00e1ria maior vigil\u00e2ncia dos adultos, especialmente porque as mudan\u00e7as na rotina favorecem situa\u00e7\u00f5es de risco\u201d, explica.<\/p>\n<p class=\"wp-block-paragraph\">De acordo com a m\u00e9dica, um dos fatores que mais contribuem para esses epis\u00f3dios \u00e9 a falsa sensa\u00e7\u00e3o de seguran\u00e7a. Ela destaca ainda que crian\u00e7as menores de cinco anos, especialmente entre um e quatro anos, representam o grupo de maior risco. Nessa fase, elas apresentam intensa curiosidade, exploram o ambiente, ainda n\u00e3o conseguem reconhecer situa\u00e7\u00f5es perigosas e possuem coordena\u00e7\u00e3o motora em desenvolvimento. \u201cCrian\u00e7as pequenas precisam de acompanhamento constante durante o banho, a alimenta\u00e7\u00e3o, as brincadeiras e qualquer atividade pr\u00f3xima \u00e0 \u00e1gua. Muitas vezes, poucos segundos de distra\u00e7\u00e3o s\u00e3o suficientes para que um acidente grave aconte\u00e7a\u201d, alerta.<\/p>\n<p class=\"wp-block-paragraph\">Outro ponto destacado pela pediatra \u00e9 o impacto do uso excessivo do celular pelos adultos. Segundo ela, a supervis\u00e3o ativa continua sendo uma das medidas mais eficazes para prevenir acidentes. \u201cMuitos acidentes acontecem mesmo com um adulto por perto, mas que est\u00e1 distra\u00eddo utilizando o celular ou realizando tarefas dom\u00e9sticas. Em poucos segundos, uma situa\u00e7\u00e3o aparentemente simples pode se transformar em uma emerg\u00eancia\u201d, afirma.<\/p>\n<p class=\"wp-block-paragraph\">A especialista ressalta que diversos objetos presentes na rotina das fam\u00edlias merecem aten\u00e7\u00e3o especial. Medicamentos, produtos de limpeza, \u00e1lcool l\u00edquido, panelas com cabos voltados para fora do fog\u00e3o, facas, fios el\u00e9tricos, tomadas sem prote\u00e7\u00e3o, cord\u00f5es de cortinas, sacos pl\u00e1sticos, pilhas do tipo bot\u00e3o, baldes com \u00e1gua e piscinas sem barreiras de prote\u00e7\u00e3o est\u00e3o entre os itens que oferecem maior risco quando ficam ao alcance das crian\u00e7as.<\/p>\n<p class=\"wp-block-paragraph\">Para reduzir os riscos de acidentes neste per\u00edodo, Glauce recomenda nunca deixar crian\u00e7as pequenas sem supervis\u00e3o, manter medicamentos e produtos de limpeza guardados em locais trancados, instalar redes de prote\u00e7\u00e3o em janelas, utilizar protetores de tomadas, manter os cabos das panelas voltados para o interior do fog\u00e3o, evitar toalhas compridas sobre mesas, guardar objetos pequenos fora do alcance das crian\u00e7as e cercar piscinas com barreiras de prote\u00e7\u00e3o. \u201cTamb\u00e9m \u00e9 importante incentivar o uso de capacete durante passeios de bicicleta, patinete ou skate\u201d, destaca.<\/p>\n<p class=\"wp-block-paragraph\">Neste per\u00edodo de f\u00e9rias, \u00e9 importante sempre lembrar que acidentes n\u00e3o s\u00e3o obra do acaso e que eles podem ser evitados. Para Glauce, a melhor estrat\u00e9gia de preven\u00e7\u00e3o continua sendo a combina\u00e7\u00e3o entre supervis\u00e3o ativa, ambientes seguros e antecipa\u00e7\u00e3o dos riscos. \u201cPequenas atitudes salvam vidas e a preven\u00e7\u00e3o continua sendo o tratamento mais eficaz para os acidentes na inf\u00e2ncia\u201d, conclui.<\/p>\n<\/div>\n<p><br \/>\n<br \/><a href=\"https:\/\/dinamuscomunicacao.com.br\/especialista-da-mandic-limeira-alerta-sobre-prevencao-de-acidentes-domesticos-com-criancas-nas-ferias-escolares\/\" rel=\"noopener\"> Informa\u00e7\u00f5es: D\u00ednamus Comunica\u00e7\u00e3o <\/a><\/p>\n","protected":false},"excerpt":{"rendered":"<p>As f\u00e9rias escolares s\u00e3o sin\u00f4nimo de brincadeiras, passeios e mais tempo em fam\u00edlia. No entanto, o per\u00edodo tamb\u00e9m exige aten\u00e7\u00e3o dos pais e respons\u00e1veis. Com as crian\u00e7as passando mais tempo em casa, aumenta tamb\u00e9m o risco de acidentes dom\u00e9sticos, muitos deles graves, mas que podem ser evitados com medidas simples de preven\u00e7\u00e3o. Entre as ocorr\u00eancias [&hellip;]<\/p>\n","protected":false},"author":1,"featured_media":72163,"comment_status":"","ping_status":"open","sticky":false,"template":"","format":"standard","meta":{"_jetpack_newsletter_access":"","_jetpack_dont_email_post_to_subs":false,"_jetpack_newsletter_tier_id":0,"_jetpack_memberships_contains_paywalled_content":false,"_mbp_banners":[],"_jetpack_feature_clip_id":0,"_jetpack_memberships_contains_paid_content":false,"footnotes":"","jetpack_publicize_message":"","jetpack_publicize_feature_enabled":true,"jetpack_social_post_already_shared":true,"jetpack_social_options":{"image_generator_settings":{"template":"highway","default_image_id":0,"font":"","enabled":false},"version":2},"jetpack_post_was_ever_published":false},"categories":[16],"tags":[],"class_list":["post-72162","post","type-post","status-publish","format-standard","has-post-thumbnail","category-local"],"jetpack_publicize_connections":[],"jetpack-related-posts":[],"jetpack_shortlink":"https:\/\/wp.me\/p7Eq1F-iLU","jetpack_sharing_enabled":true,"jetpack_featured_media_url":"https:\/\/i0.wp.com\/guialimeira.com.br\/news\/wp-content\/uploads\/2026\/07\/WhatsApp-Image-2026-07-14-at-14.33.00.jpeg?fit=1198%2C719&ssl=1","_links":{"self":[{"href":"https:\/\/guialimeira.com.br\/news\/wp-json\/wp\/v2\/posts\/72162","targetHints":{"allow":["GET"]}}],"collection":[{"href":"https:\/\/guialimeira.com.br\/news\/wp-json\/wp\/v2\/posts"}],"about":[{"href":"https:\/\/guialimeira.com.br\/news\/wp-json\/wp\/v2\/types\/post"}],"author":[{"embeddable":true,"href":"https:\/\/guialimeira.com.br\/news\/wp-json\/wp\/v2\/users\/1"}],"replies":[{"embeddable":true,"href":"https:\/\/guialimeira.com.br\/news\/wp-json\/wp\/v2\/comments?post=72162"}],"version-history":[{"count":0,"href":"https:\/\/guialimeira.com.br\/news\/wp-json\/wp\/v2\/posts\/72162\/revisions"}],"wp:featuredmedia":[{"embeddable":true,"href":"https:\/\/guialimeira.com.br\/news\/wp-json\/wp\/v2\/media\/72163"}],"wp:attachment":[{"href":"https:\/\/guialimeira.com.br\/news\/wp-json\/wp\/v2\/media?parent=72162"}],"wp:term":[{"taxonomy":"category","embeddable":true,"href":"https:\/\/guialimeira.com.br\/news\/wp-json\/wp\/v2\/categories?post=72162"},{"taxonomy":"post_tag","embeddable":true,"href":"https:\/\/guialimeira.com.br\/news\/wp-json\/wp\/v2\/tags?post=72162"}],"curies":[{"name":"wp","href":"https:\/\/api.w.org\/{rel}","templated":true}]}}