{"id":72153,"date":"2026-07-14T13:16:38","date_gmt":"2026-07-14T16:16:38","guid":{"rendered":"https:\/\/guialimeira.com.br\/limeira-abre-32-vagas-de-hemodialise-e-passa-a-atender-todos-os-pacientes-da-cidade\/"},"modified":"2026-07-14T13:16:38","modified_gmt":"2026-07-14T16:16:38","slug":"limeira-abre-32-vagas-de-hemodialise-e-passa-a-atender-todos-os-pacientes-da-cidade","status":"publish","type":"post","link":"https:\/\/guialimeira.com.br\/news\/limeira-abre-32-vagas-de-hemodialise-e-passa-a-atender-todos-os-pacientes-da-cidade\/","title":{"rendered":"Limeira abre 32 vagas de hemodi\u00e1lise e passa a atender todos os pacientes da cidade"},"content":{"rendered":"<p> <br \/>\n<\/p>\n<div id=\"\">&#13;<br \/>\n                    &#13;<br \/>\n&#13;<br \/>\n&#13;<br \/>\n&#13;<br \/>\n&#13;<br \/>\n&#13;<br \/>\n    <img data-recalc-dims=\"1\" decoding=\"async\" src=\"https:\/\/i0.wp.com\/ecrie.com.br\/sistema\/conteudos\/imagem\/m_137_0_1_14072026131407.jpeg?w=696&#038;ssl=1\" alt=\"Limeira abre 32 vagas de hemodi\u00e1lise e passa a atender todos os pacientes da cidade\"\/>&#13;<br \/>\n&#13;<br \/>\n&#13;<\/p>\n<p style=\"text-align: justify;\">A Prefeitura de Limeira, em parceria com a Santa Casa, ampliou o Servi\u00e7o de Hemodi\u00e1lise do munic\u00edpio e passar\u00e1 a atender todos os pacientes limeirenses que necessitam do tratamento pelo Sistema \u00danico de Sa\u00fade (SUS). Inaugurada nesta ter\u00e7a-feira (14), a nova ala conta com oito m\u00e1quinas e oito poltronas, permitindo a abertura de 32 novas vagas. Atualmente, a Santa Casa atende 231 pessoas em tratamento de hemodi\u00e1lise. A admiss\u00e3o gradativa dos novos pacientes ter\u00e1 in\u00edcio em 1\u00ba de agosto.<\/p>\n<p>&#13;<\/p>\n<p style=\"text-align: justify;\">As novas vagas beneficiar\u00e3o pacientes de Limeira que aguardam o in\u00edcio do tratamento e tamb\u00e9m permitir\u00e3o o retorno de moradores que atualmente realizam hemodi\u00e1lise em cidades da regi\u00e3o por falta de vagas no munic\u00edpio. &#8220;Com essa amplia\u00e7\u00e3o, 100% dos pacientes limeirenses ser\u00e3o atendidos aqui na cidade. Esse \u00e9 um passo importante para dar mais dignidade a quem precisa de hemodi\u00e1lise&#8221;, afirmou o prefeito Murilo F\u00e9lix.<\/p>\n<p>&#13;<\/p>\n<p style=\"text-align: justify;\">O provedor da Santa Casa, Wilson Rocha, ressaltou a import\u00e2ncia da parceria entre o hospital e a Prefeitura. &#8220;Estamos trazendo mais 32 pessoas para tratamento, sendo 17 pacientes de Limeira que hoje fazem hemodi\u00e1lise fora da cidade. Trazer essas pessoas de volta \u00e9 motivo de satisfa\u00e7\u00e3o para a Santa Casa e para a Prefeitura. Isso s\u00f3 acontece porque trabalhamos juntos&#8221;, disse.<\/p>\n<p>&#13;<\/p>\n<p style=\"text-align: justify;\"><strong>Investimento<\/strong><br \/>A adequa\u00e7\u00e3o da nova ala foi realizada com recursos pr\u00f3prios da Santa Casa. J\u00e1 a aquisi\u00e7\u00e3o das oito m\u00e1quinas de hemodi\u00e1lise e das oito poltronas recebeu investimento de R$ 556.288 da Prefeitura de Limeira, com recursos provenientes de emendas parlamentares federais e estaduais.<\/p>\n<p>&#13;<\/p>\n<p style=\"text-align: justify;\">O secret\u00e1rio interino de Sa\u00fade, Alexandre Ferrari, afirmou que o munic\u00edpio tamb\u00e9m trabalha para fortalecer a preven\u00e7\u00e3o das doen\u00e7as renais.<br \/>&#8220;Estamos ampliando as a\u00e7\u00f5es de preven\u00e7\u00e3o na Aten\u00e7\u00e3o B\u00e1sica e estudando a implanta\u00e7\u00e3o de um ambulat\u00f3rio pr\u00e9-dial\u00edtico. Tamb\u00e9m buscamos alternativas, como a hemodi\u00e1lise domiciliar, para oferecer mais qualidade de vida aos pacientes&#8221;, explicou.<\/p>\n<p>&#13;<\/p>\n<p style=\"text-align: justify;\"><strong>Amplia\u00e7\u00e3o tamb\u00e9m libera leitos hospitalares<\/strong><br \/>Al\u00e9m de ampliar o atendimento ambulatorial, a nova estrutura ter\u00e1 impacto direto na assist\u00eancia hospitalar. Antes da amplia\u00e7\u00e3o, oito pacientes permaneciam internados apenas por falta de vaga para realizar a hemodi\u00e1lise em regime ambulatorial. Com a abertura das novas vagas, esses pacientes poder\u00e3o ser transferidos para o atendimento ambulatorial, liberando leitos de enfermaria para outras demandas do hospital.<\/p>\n<p>&#13;<\/p>\n<p style=\"text-align: justify;\">A regula\u00e7\u00e3o das vagas \u00e9 realizada pelo Sistema Informatizado de Regula\u00e7\u00e3o do Estado de S\u00e3o Paulo (SIRESP), respons\u00e1vel pela distribui\u00e7\u00e3o dos pacientes na rede p\u00fablica.<\/p>\n<p>&#13;<\/p>\n<p style=\"text-align: justify;\"><strong>Cerim\u00f4nia<\/strong><br \/>Tamb\u00e9m participaram da cerim\u00f4nia de inaugura\u00e7\u00e3o da ova ala de hemodi\u00e1lise os vereadores Nilton Santos, Mara Isa Mattos Silveira e Dr. Marcelo Rossi, autor da indica\u00e7\u00e3o que solicitou a amplia\u00e7\u00e3o da capacidade do servi\u00e7o de hemodi\u00e1lise no munic\u00edpio.<\/p>\n<p>&#13;<\/p>\n<p style=\"text-align: justify;\">Marcelo Rossi destacou o impacto da iniciativa para os pacientes e suas fam\u00edlias. &#8220;Isso vai aliviar o sofrimento de muitas pessoas e melhorar a qualidade de vida dos pacientes. \u00c9 uma pol\u00edtica p\u00fablica constru\u00edda por profissionais comprometidos com a sa\u00fade da popula\u00e7\u00e3o.&#8221;<\/p>\n<p>&#13;<\/p>\n<p style=\"text-align: justify;\">Tamb\u00e9m estavam presentes o vice-provedor da Santa Casa, Jos\u00e9 M\u00e1rio Bozza Gazzetta, o conselheiro da Sa\u00fade, Mariano Freire dos Santos e Erika Cristina Nakahara, do Conselho de Sa\u00fade da Santa Casa.<\/p>\n<p>&#13;<\/p>\n<p style=\"text-align: justify;\"><strong>Tratamento essencial<\/strong><br \/>A hemodi\u00e1lise \u00e9 indicada para pessoas com insufici\u00eancia renal aguda ou cr\u00f4nica grave. Em geral, o procedimento \u00e9 realizado tr\u00eas vezes por semana e utiliza equipamentos que substituem parte da fun\u00e7\u00e3o dos rins, filtrando o sangue e eliminando toxinas e o excesso de l\u00edquidos do organismo.<\/p>\n<p>&#13;<\/p>\n<p style=\"text-align: justify;\">O custeio mensal do tratamento \u00e9 financiado pelo Minist\u00e9rio da Sa\u00fade, por meio do Fundo de A\u00e7\u00f5es Estrat\u00e9gicas e Compensa\u00e7\u00e3o (FAEC), que cobre despesas como a remunera\u00e7\u00e3o de profissionais e a aquisi\u00e7\u00e3o dos insumos necess\u00e1rios para as sess\u00f5es.<\/p>\n<p>&#13;<br \/>\n&#13;<br \/>\n&#13;<br \/>\n&#13;<\/p>\n<article class=\"conteudo-relacionado no-print\">&#13;<br \/>\n        &#13;<br \/>\n&#13;<br \/>\n        &#13;<br \/>\n    <\/article>\n<p>&#13;<br \/>\n&#13;\n                <\/p><\/div>\n<p><br \/>\n<br \/><a href=\"https:\/\/limeira.sp.gov.br\/limeira-abre-32-vagas-de-hemodialise-e-passa-a-atender-todos-os-pacientes-da-cidade\" rel=\"noopener\">Informa\u00e7\u00f5es da PML <\/a><\/p>\n","protected":false},"excerpt":{"rendered":"<p>&#13; &#13; &#13; &#13; &#13; &#13; &#13; &#13; &#13; &#13; A Prefeitura de Limeira, em parceria com a Santa Casa, ampliou o Servi\u00e7o de Hemodi\u00e1lise do munic\u00edpio e passar\u00e1 a atender todos os pacientes limeirenses que necessitam do tratamento pelo Sistema \u00danico de Sa\u00fade (SUS). Inaugurada nesta ter\u00e7a-feira (14), a nova ala conta com oito [&hellip;]<\/p>\n","protected":false},"author":1,"featured_media":72154,"comment_status":"","ping_status":"open","sticky":false,"template":"","format":"standard","meta":{"_jetpack_newsletter_access":"","_jetpack_dont_email_post_to_subs":false,"_jetpack_newsletter_tier_id":0,"_jetpack_memberships_contains_paywalled_content":false,"_mbp_banners":[],"_jetpack_feature_clip_id":0,"_jetpack_memberships_contains_paid_content":false,"footnotes":"","jetpack_publicize_message":"","jetpack_publicize_feature_enabled":true,"jetpack_social_post_already_shared":true,"jetpack_social_options":{"image_generator_settings":{"template":"highway","default_image_id":0,"font":"","enabled":false},"version":2},"jetpack_post_was_ever_published":false},"categories":[16],"tags":[],"class_list":["post-72153","post","type-post","status-publish","format-standard","has-post-thumbnail","category-local"],"jetpack_publicize_connections":[],"jetpack-related-posts":[],"jetpack_shortlink":"https:\/\/wp.me\/p7Eq1F-iLL","jetpack_sharing_enabled":true,"jetpack_featured_media_url":"https:\/\/i0.wp.com\/guialimeira.com.br\/news\/wp-content\/uploads\/2026\/07\/m_137_0_1_14072026131407.jpeg?fit=1024%2C682&ssl=1","_links":{"self":[{"href":"https:\/\/guialimeira.com.br\/news\/wp-json\/wp\/v2\/posts\/72153","targetHints":{"allow":["GET"]}}],"collection":[{"href":"https:\/\/guialimeira.com.br\/news\/wp-json\/wp\/v2\/posts"}],"about":[{"href":"https:\/\/guialimeira.com.br\/news\/wp-json\/wp\/v2\/types\/post"}],"author":[{"embeddable":true,"href":"https:\/\/guialimeira.com.br\/news\/wp-json\/wp\/v2\/users\/1"}],"replies":[{"embeddable":true,"href":"https:\/\/guialimeira.com.br\/news\/wp-json\/wp\/v2\/comments?post=72153"}],"version-history":[{"count":0,"href":"https:\/\/guialimeira.com.br\/news\/wp-json\/wp\/v2\/posts\/72153\/revisions"}],"wp:featuredmedia":[{"embeddable":true,"href":"https:\/\/guialimeira.com.br\/news\/wp-json\/wp\/v2\/media\/72154"}],"wp:attachment":[{"href":"https:\/\/guialimeira.com.br\/news\/wp-json\/wp\/v2\/media?parent=72153"}],"wp:term":[{"taxonomy":"category","embeddable":true,"href":"https:\/\/guialimeira.com.br\/news\/wp-json\/wp\/v2\/categories?post=72153"},{"taxonomy":"post_tag","embeddable":true,"href":"https:\/\/guialimeira.com.br\/news\/wp-json\/wp\/v2\/tags?post=72153"}],"curies":[{"name":"wp","href":"https:\/\/api.w.org\/{rel}","templated":true}]}}