{"id":72149,"date":"2026-07-14T11:51:50","date_gmt":"2026-07-14T14:51:50","guid":{"rendered":"https:\/\/guialimeira.com.br\/6a-festa-do-agricultor-de-limeira-e-regiao-acontece-no-dia-25-de-julho\/"},"modified":"2026-07-14T11:51:50","modified_gmt":"2026-07-14T14:51:50","slug":"6a-festa-do-agricultor-de-limeira-e-regiao-acontece-no-dia-25-de-julho","status":"publish","type":"post","link":"https:\/\/guialimeira.com.br\/news\/6a-festa-do-agricultor-de-limeira-e-regiao-acontece-no-dia-25-de-julho\/","title":{"rendered":"6\u00aa Festa do Agricultor de Limeira e Regi\u00e3o acontece no dia 25 de julho"},"content":{"rendered":"<p> <br \/>\n<br \/><img data-recalc-dims=\"1\" decoding=\"async\" src=\"https:\/\/i0.wp.com\/ecrie.com.br\/sistema\/conteudos\/imagem\/m_137_0_1_14072026115009.jpg?w=696&#038;ssl=1\" \/><\/p>\n<div>\n<h3 data-reticencias=\"34\">Prefeitura abre inscri\u00e7\u00f5es para Oficinas de F\u00e9rias infantis com tem\u00e1ticas cient\u00edficas e culturais em Limeira<\/h3>\n<p class=\"descricao\" data-reticencias=\"44 [...]\">&#13;<br \/>\n                                    Atividades gratuitas acontecem \u00e0s sextas-feiras de julho com foco em Anatomia Humana, Astronomia e Leonardo da Vinci; vagas s\u00e3o limitadas&#13;<br \/>\n&#13;<br \/>\n&#13;\n                                <\/p>\n<\/p><\/div>\n<p><br \/>\n<br \/><a href=\"https:\/\/limeira.sp.gov.br\/6-festa-do-agricultor-de-limeira-e-regiao-acontece-no-dia-25-de-julho\" rel=\"noopener\">Informa\u00e7\u00f5es da PML <\/a><\/p>\n","protected":false},"excerpt":{"rendered":"<p>Prefeitura abre inscri\u00e7\u00f5es para Oficinas de F\u00e9rias infantis com tem\u00e1ticas cient\u00edficas e culturais em Limeira &#13; Atividades gratuitas acontecem \u00e0s sextas-feiras de julho com foco em Anatomia Humana, Astronomia e Leonardo da Vinci; vagas s\u00e3o limitadas&#13; &#13; &#13; Informa\u00e7\u00f5es da PML<\/p>\n","protected":false},"author":1,"featured_media":72150,"comment_status":"","ping_status":"open","sticky":false,"template":"","format":"standard","meta":{"_jetpack_newsletter_access":"","_jetpack_dont_email_post_to_subs":false,"_jetpack_newsletter_tier_id":0,"_jetpack_memberships_contains_paywalled_content":false,"_mbp_banners":[],"_jetpack_feature_clip_id":0,"_jetpack_memberships_contains_paid_content":false,"footnotes":"","jetpack_publicize_message":"","jetpack_publicize_feature_enabled":true,"jetpack_social_post_already_shared":true,"jetpack_social_options":{"image_generator_settings":{"template":"highway","default_image_id":0,"font":"","enabled":false},"version":2},"jetpack_post_was_ever_published":false},"categories":[16],"tags":[],"class_list":["post-72149","post","type-post","status-publish","format-standard","has-post-thumbnail","category-local"],"jetpack_publicize_connections":[],"jetpack-related-posts":[],"jetpack_shortlink":"https:\/\/wp.me\/p7Eq1F-iLH","jetpack_sharing_enabled":true,"jetpack_featured_media_url":"https:\/\/i0.wp.com\/guialimeira.com.br\/news\/wp-content\/uploads\/2026\/07\/m_137_0_1_14072026115009.jpg?fit=1024%2C683&ssl=1","_links":{"self":[{"href":"https:\/\/guialimeira.com.br\/news\/wp-json\/wp\/v2\/posts\/72149","targetHints":{"allow":["GET"]}}],"collection":[{"href":"https:\/\/guialimeira.com.br\/news\/wp-json\/wp\/v2\/posts"}],"about":[{"href":"https:\/\/guialimeira.com.br\/news\/wp-json\/wp\/v2\/types\/post"}],"author":[{"embeddable":true,"href":"https:\/\/guialimeira.com.br\/news\/wp-json\/wp\/v2\/users\/1"}],"replies":[{"embeddable":true,"href":"https:\/\/guialimeira.com.br\/news\/wp-json\/wp\/v2\/comments?post=72149"}],"version-history":[{"count":0,"href":"https:\/\/guialimeira.com.br\/news\/wp-json\/wp\/v2\/posts\/72149\/revisions"}],"wp:featuredmedia":[{"embeddable":true,"href":"https:\/\/guialimeira.com.br\/news\/wp-json\/wp\/v2\/media\/72150"}],"wp:attachment":[{"href":"https:\/\/guialimeira.com.br\/news\/wp-json\/wp\/v2\/media?parent=72149"}],"wp:term":[{"taxonomy":"category","embeddable":true,"href":"https:\/\/guialimeira.com.br\/news\/wp-json\/wp\/v2\/categories?post=72149"},{"taxonomy":"post_tag","embeddable":true,"href":"https:\/\/guialimeira.com.br\/news\/wp-json\/wp\/v2\/tags?post=72149"}],"curies":[{"name":"wp","href":"https:\/\/api.w.org\/{rel}","templated":true}]}}