{"id":72147,"date":"2026-07-14T11:49:35","date_gmt":"2026-07-14T14:49:35","guid":{"rendered":"https:\/\/guialimeira.com.br\/supla-e-mais-uma-atracao-confirmada-na-14a-festa-da-laranja\/"},"modified":"2026-07-14T11:49:35","modified_gmt":"2026-07-14T14:49:35","slug":"supla-e-mais-uma-atracao-confirmada-na-14a-festa-da-laranja","status":"publish","type":"post","link":"https:\/\/guialimeira.com.br\/news\/supla-e-mais-uma-atracao-confirmada-na-14a-festa-da-laranja\/","title":{"rendered":"Supla \u00e9 mais uma atra\u00e7\u00e3o confirmada na 14\u00aa Festa da Laranja"},"content":{"rendered":"<p> <br \/>\n<\/p>\n<div data-id=\"626ab9d\" data-element_type=\"widget\" data-e-type=\"widget\" data-widget_type=\"theme-post-content.default\">\n<p class=\"wp-block-paragraph\"><em>Ap\u00f3s anunciar Vav\u00e1 &amp; M\u00e1rcio, evento refor\u00e7a proposta de reunir diferentes gera\u00e7\u00f5es em Limeira<\/em><\/p>\n<p class=\"wp-block-paragraph\">A 14\u00aa Festa da Laranja de Limeira, que ser\u00e1 realizada entre os dias 24 e 27 de setembro, segue revelando a programa\u00e7\u00e3o musical da edi\u00e7\u00e3o deste ano e refor\u00e7a a proposta de reunir diferentes p\u00fablicos em um mesmo evento. Depois de anunciar o show da dupla Vav\u00e1 &amp; M\u00e1rcio, marcado para o dia 25 de setembro, a organiza\u00e7\u00e3o confirma agora a apresenta\u00e7\u00e3o de Supla, que sobe ao palco no dia 26.<\/p>\n<p class=\"wp-block-paragraph\">Conhecido por sua irrever\u00eancia e por uma carreira consolidada no rock nacional, Supla promete levar ao p\u00fablico sucessos que marcaram diferentes fases de sua trajet\u00f3ria. A confirma\u00e7\u00e3o do artista amplia a diversidade musical da festa que, neste ano, aposta em estilos variados para atender fam\u00edlias, jovens e f\u00e3s de diferentes g\u00eaneros.<\/p>\n<p class=\"wp-block-paragraph\">Com entrada gratuita, a 14\u00aa Festa da Laranja ser\u00e1 no Parque Cidade e contar\u00e1 com atra\u00e7\u00f5es gastron\u00f4micas, op\u00e7\u00f5es de lazer e uma programa\u00e7\u00e3o voltada para toda a fam\u00edlia.<\/p>\n<p class=\"wp-block-paragraph\">A festa tamb\u00e9m mant\u00e9m seu car\u00e1ter beneficente. Parte da renda obtida durante o evento ser\u00e1 destinada \u00e0 Associa\u00e7\u00e3o Limeirense de Autismo (ALAM) e ao N\u00facleo Nova Vida, entidades que desenvolvem um trabalho social importante em Limeira. \u201cA proposta \u00e9 oferecer uma programa\u00e7\u00e3o diversificada, que valorize a tradi\u00e7\u00e3o da Festa da Laranja e, ao mesmo tempo, agrade p\u00fablicos de diferentes idades e gostos musicais. Estamos preparando uma edi\u00e7\u00e3o especial, com entretenimento, gastronomia e solidariedade\u201d, afirma F\u00e1bio D\u2019Andrea, organizador do evento<\/p>\n<p class=\"wp-block-paragraph\"><strong>Escolha da Rainha<\/strong><\/p>\n<p class=\"wp-block-paragraph\">Antes mesmo da abertura oficial da 14\u00aa Festa da Laranja, o p\u00fablico j\u00e1 poder\u00e1 entrar no clima do evento com a tradicional escolha da Corte. No dia 25 de julho, a partir das 19h, o P\u00e1tio Limeira Shopping sediar\u00e1 o evento de escolha da rainha. As candidatas aos t\u00edtulos de Rainha, 1\u00aa Princesa, 2\u00aa Princesa, Madrinha e Miss Simpatia desfilar\u00e3o para uma comiss\u00e3o julgadora e, as vencedoras, v\u00e3o representar a beleza e compet\u00eancia da mulher limeirense.<\/p>\n<p class=\"wp-block-paragraph\">O evento, aberto ao p\u00fablico, marca o in\u00edcio da contagem regressiva para a festa e convida os limeirenses a participarem de um dos momentos mais tradicionais da programa\u00e7\u00e3o.<\/p>\n<p class=\"wp-block-paragraph\">A 14\u00aa Festa da Laranja tem o apoio da Prefeitura de Limeira. A entrada ser\u00e1 gratuita, mediante doa\u00e7\u00e3o espont\u00e2nea de alimentos, que ser\u00e3o destinados a entidades assistenciais do munic\u00edpio.<\/p>\n<p class=\"wp-block-paragraph\"><strong>SERVI\u00c7O<\/strong><\/p>\n<p class=\"wp-block-paragraph\">14\u00aa Festa da Laranja de Limeira<\/p>\n<p class=\"wp-block-paragraph\">Data: 24 a 27 de setembro<\/p>\n<p class=\"wp-block-paragraph\">Entrada: gratuita<\/p>\n<p class=\"wp-block-paragraph\">Shows confirmados:<\/p>\n<p class=\"wp-block-paragraph\">25 de setembro: Vav\u00e1 &amp; M\u00e1rcio<\/p>\n<p class=\"wp-block-paragraph\">26 de setembro: Supla<\/p>\n<\/div>\n<p><br \/>\n<br \/><a href=\"https:\/\/dinamuscomunicacao.com.br\/supla-e-mais-uma-atracao-confirmada-na-14a-festa-da-laranja\/\" rel=\"noopener\"> Informa\u00e7\u00f5es: D\u00ednamus Comunica\u00e7\u00e3o <\/a><\/p>\n","protected":false},"excerpt":{"rendered":"<p>Ap\u00f3s anunciar Vav\u00e1 &amp; M\u00e1rcio, evento refor\u00e7a proposta de reunir diferentes gera\u00e7\u00f5es em Limeira A 14\u00aa Festa da Laranja de Limeira, que ser\u00e1 realizada entre os dias 24 e 27 de setembro, segue revelando a programa\u00e7\u00e3o musical da edi\u00e7\u00e3o deste ano e refor\u00e7a a proposta de reunir diferentes p\u00fablicos em um mesmo evento. Depois de [&hellip;]<\/p>\n","protected":false},"author":1,"featured_media":72148,"comment_status":"","ping_status":"open","sticky":false,"template":"","format":"standard","meta":{"_jetpack_newsletter_access":"","_jetpack_dont_email_post_to_subs":false,"_jetpack_newsletter_tier_id":0,"_jetpack_memberships_contains_paywalled_content":false,"_mbp_banners":[],"_jetpack_feature_clip_id":0,"_jetpack_memberships_contains_paid_content":false,"footnotes":"","jetpack_publicize_message":"","jetpack_publicize_feature_enabled":true,"jetpack_social_post_already_shared":true,"jetpack_social_options":{"image_generator_settings":{"template":"highway","default_image_id":0,"font":"","enabled":false},"version":2},"jetpack_post_was_ever_published":false},"categories":[16],"tags":[],"class_list":["post-72147","post","type-post","status-publish","format-standard","has-post-thumbnail","category-local"],"jetpack_publicize_connections":[],"jetpack-related-posts":[],"jetpack_shortlink":"https:\/\/wp.me\/p7Eq1F-iLF","jetpack_sharing_enabled":true,"jetpack_featured_media_url":"https:\/\/i0.wp.com\/guialimeira.com.br\/news\/wp-content\/uploads\/2026\/07\/Supla-ao-vivo.jpeg?fit=1600%2C1066&ssl=1","_links":{"self":[{"href":"https:\/\/guialimeira.com.br\/news\/wp-json\/wp\/v2\/posts\/72147","targetHints":{"allow":["GET"]}}],"collection":[{"href":"https:\/\/guialimeira.com.br\/news\/wp-json\/wp\/v2\/posts"}],"about":[{"href":"https:\/\/guialimeira.com.br\/news\/wp-json\/wp\/v2\/types\/post"}],"author":[{"embeddable":true,"href":"https:\/\/guialimeira.com.br\/news\/wp-json\/wp\/v2\/users\/1"}],"replies":[{"embeddable":true,"href":"https:\/\/guialimeira.com.br\/news\/wp-json\/wp\/v2\/comments?post=72147"}],"version-history":[{"count":0,"href":"https:\/\/guialimeira.com.br\/news\/wp-json\/wp\/v2\/posts\/72147\/revisions"}],"wp:featuredmedia":[{"embeddable":true,"href":"https:\/\/guialimeira.com.br\/news\/wp-json\/wp\/v2\/media\/72148"}],"wp:attachment":[{"href":"https:\/\/guialimeira.com.br\/news\/wp-json\/wp\/v2\/media?parent=72147"}],"wp:term":[{"taxonomy":"category","embeddable":true,"href":"https:\/\/guialimeira.com.br\/news\/wp-json\/wp\/v2\/categories?post=72147"},{"taxonomy":"post_tag","embeddable":true,"href":"https:\/\/guialimeira.com.br\/news\/wp-json\/wp\/v2\/tags?post=72147"}],"curies":[{"name":"wp","href":"https:\/\/api.w.org\/{rel}","templated":true}]}}