{"id":72146,"date":"2026-07-14T11:49:03","date_gmt":"2026-07-14T14:49:03","guid":{"rendered":"https:\/\/guialimeira.com.br\/festa-do-peao-de-barretos-michel-telo-leva-projeto-especial-ao-palco-exclusivo-do-camping\/"},"modified":"2026-07-14T11:49:03","modified_gmt":"2026-07-14T14:49:03","slug":"festa-do-peao-de-barretos-michel-telo-leva-projeto-especial-ao-palco-exclusivo-do-camping","status":"publish","type":"post","link":"https:\/\/guialimeira.com.br\/news\/festa-do-peao-de-barretos-michel-telo-leva-projeto-especial-ao-palco-exclusivo-do-camping\/","title":{"rendered":"Festa do Pe\u00e3o de Barretos: Michel Tel\u00f3 leva projeto especial ao palco exclusivo do camping"},"content":{"rendered":"<p>A programa\u00e7\u00e3o do palco exclusivo do camping da 71\u00aa Festa do Pe\u00e3o de Barretos come\u00e7a a ser revelada. O primeiro nome confirmado \u00e9 o de Michel Tel\u00f3, que levar\u00e1 o projeto \u201cSertanejinho do Tel\u00f3\u201d, no dia 29 de agosto, a partir das 16h30, em uma apresenta\u00e7\u00e3o especial para os campistas da \u00e1rea que fica dentro do Parque do Pe\u00e3o.<\/p>\n<p>A organiza\u00e7\u00e3o tamb\u00e9m confirmou que o Palco Camping ter\u00e1 mais de 35 shows ao longo desta edi\u00e7\u00e3o, reunindo artistas de diferentes estilos musicais e projetos desenvolvidos especialmente para quem escolhe viver Barretos 24 horas por dia. O line-up completo deve ser anunciado nos pr\u00f3ximos dias.<\/p>\n<p>\u201cO palco do camping cresce a cada edi\u00e7\u00e3o e se tornou um espa\u00e7o muito esperado por quem vive a Festa dessa forma. \u00c9 muito gratificante ver que grandes artistas abra\u00e7aram essa proposta e preparam apresenta\u00e7\u00f5es exclusivas para esse p\u00fablico, criando uma conex\u00e3o diferente e tornando a experi\u00eancia dos campistas ainda mais especial\u201d, afirma Pedro Muzeti, diretor cultural de Os Independentes.<\/p>\n<p>Localizado dentro do Parque do Pe\u00e3o, o camping oficial re\u00fane milhares de pessoas durante os 11 dias do evento e oferece estrutura completa de hospedagem, al\u00e9m de uma programa\u00e7\u00e3o exclusiva para seus h\u00f3spedes.<\/p>\n<p>Os passaportes para o camping est\u00e3o \u00e0 venda no site barretos.totalacesso.com e garantem acesso ao Parque do Pe\u00e3o e a todas as atra\u00e7\u00f5es da Festa.<\/p>\n<h2 class=\"wp-block-heading\"><strong>Servi\u00e7o<\/strong><\/h2>\n<p><strong>71\u00aa Festa do Pe\u00e3o de Barretos<\/strong><\/p>\n<p><strong>Data:<\/strong> 20 a 30 de agosto de 2026<\/p>\n<p><strong>Local: <\/strong>Parque do Pe\u00e3o \u2013 Barretos (SP)<\/p>\n<p><strong>Camping oficial: <\/strong>dentro do Parque do Pe\u00e3o, com acesso exclusivo aos h\u00f3spedes e programa\u00e7\u00e3o pr\u00f3pria de shows<\/p>\n<p><strong>Ingressos:<\/strong> barretos.totalacesso.com<\/p>\n<p><strong>Mais informa\u00e7\u00f5es<\/strong>: <a href=\"http:\/\/www.independentes.com.br\" rel=\"noopener\">www.independentes.com.br<\/a><\/p>\n<p><em>Cr\u00e9dito foto: Divulga\u00e7\u00e3o<\/em><\/p>\n<p><\/p>\n","protected":false},"excerpt":{"rendered":"<p>Cantor apresentar\u00e1  &#8220;Sertanejinho do Tel\u00f3&#8221; no dia 29 de agosto; atra\u00e7\u00e3o \u00e9 exclusiva para h\u00f3spedes do espa\u00e7o que fica dentro do Parque do Pe\u00e3o<\/p>\n","protected":false},"author":5,"featured_media":0,"comment_status":"","ping_status":"open","sticky":false,"template":"","format":"standard","meta":{"_jetpack_newsletter_access":"","_jetpack_dont_email_post_to_subs":false,"_jetpack_newsletter_tier_id":0,"_jetpack_memberships_contains_paywalled_content":false,"_mbp_banners":[],"_jetpack_feature_clip_id":0,"_jetpack_memberships_contains_paid_content":false,"footnotes":"","jetpack_publicize_message":"","jetpack_publicize_feature_enabled":true,"jetpack_social_post_already_shared":true,"jetpack_social_options":{"image_generator_settings":{"template":"highway","default_image_id":0,"font":"","enabled":false},"version":2},"jetpack_post_was_ever_published":false},"categories":[],"tags":[],"class_list":["post-72146","post","type-post","status-publish","format-standard"],"jetpack_publicize_connections":[],"jetpack-related-posts":[],"jetpack_shortlink":"https:\/\/wp.me\/p7Eq1F-iLE","jetpack_sharing_enabled":true,"jetpack_featured_media_url":"","_links":{"self":[{"href":"https:\/\/guialimeira.com.br\/news\/wp-json\/wp\/v2\/posts\/72146","targetHints":{"allow":["GET"]}}],"collection":[{"href":"https:\/\/guialimeira.com.br\/news\/wp-json\/wp\/v2\/posts"}],"about":[{"href":"https:\/\/guialimeira.com.br\/news\/wp-json\/wp\/v2\/types\/post"}],"author":[{"embeddable":true,"href":"https:\/\/guialimeira.com.br\/news\/wp-json\/wp\/v2\/users\/5"}],"replies":[{"embeddable":true,"href":"https:\/\/guialimeira.com.br\/news\/wp-json\/wp\/v2\/comments?post=72146"}],"version-history":[{"count":0,"href":"https:\/\/guialimeira.com.br\/news\/wp-json\/wp\/v2\/posts\/72146\/revisions"}],"wp:attachment":[{"href":"https:\/\/guialimeira.com.br\/news\/wp-json\/wp\/v2\/media?parent=72146"}],"wp:term":[{"taxonomy":"category","embeddable":true,"href":"https:\/\/guialimeira.com.br\/news\/wp-json\/wp\/v2\/categories?post=72146"},{"taxonomy":"post_tag","embeddable":true,"href":"https:\/\/guialimeira.com.br\/news\/wp-json\/wp\/v2\/tags?post=72146"}],"curies":[{"name":"wp","href":"https:\/\/api.w.org\/{rel}","templated":true}]}}