{"id":72131,"date":"2026-07-14T08:46:20","date_gmt":"2026-07-14T11:46:20","guid":{"rendered":"https:\/\/guialimeira.com.br\/falta-um-mes-para-o-reconet-fazenda-e-venda-de-ingressos-entra-na-reta-final\/"},"modified":"2026-07-14T08:46:20","modified_gmt":"2026-07-14T11:46:20","slug":"falta-um-mes-para-o-reconet-fazenda-e-venda-de-ingressos-entra-na-reta-final","status":"publish","type":"post","link":"https:\/\/guialimeira.com.br\/news\/falta-um-mes-para-o-reconet-fazenda-e-venda-de-ingressos-entra-na-reta-final\/","title":{"rendered":"Falta um m\u00eas para o ReCoNet Fazenda e venda de ingressos entra na reta final"},"content":{"rendered":"<p> <br \/>\n<\/p>\n<div data-id=\"626ab9d\" data-element_type=\"widget\" data-e-type=\"widget\" data-widget_type=\"theme-post-content.default\">\n<p class=\"wp-block-paragraph\"><em>Evento ter\u00e1 palestra com Sara Elydio, refer\u00eancia em estrat\u00e9gias para o varejo<\/em><\/p>\n<p class=\"wp-block-paragraph\">A contagem regressiva para um dos encontros de networking mais aguardados da regi\u00e3o entra na reta final. No dia 14 de agosto, empres\u00e1rios, executivos e lideran\u00e7as de diversos segmentos estar\u00e3o reunidos no ReCoNet Fazenda by TOTVS, que ser\u00e1 realizada a partir das 12h30, na Fazenda Marambaia, em Limeira.<\/p>\n<p class=\"wp-block-paragraph\">Um dos destaques dessa quarta edi\u00e7\u00e3o do evento ser\u00e1 a palestra com Sara Elydio, refer\u00eancia em tend\u00eancias e estrat\u00e9gias para o varejo. Sara acumula 15 anos transformando marketing em resultado dentro de grandes shopping centers pelo Brasil e ir\u00e1 compartilhar o que est\u00e1 acontecendo nos maiores eventos do setor ao redor do mundo.<\/p>\n<p class=\"wp-block-paragraph\">A edi\u00e7\u00e3o de 2026 ser\u00e1 marcada por duas importantes celebra\u00e7\u00f5es: os 20 anos da Renove Consultoria Empresarial e o bicenten\u00e1rio de Limeira. A expectativa \u00e9 reunir 300 participantes para uma tarde dedicada \u00e0 gera\u00e7\u00e3o de neg\u00f3cios, troca de experi\u00eancias, fortalecimento de relacionamentos e constru\u00e7\u00e3o de novas oportunidades.<\/p>\n<p class=\"wp-block-paragraph\">Isso tudo ocorre em ambiente descontra\u00eddo, onde os participantes ter\u00e3o uma experi\u00eancia completa, com churrasco, drinks e momentos de conviv\u00eancia em uma atmosfera que estimula a troca de conhecimentos e o surgimento de novos neg\u00f3cios.<\/p>\n<p class=\"wp-block-paragraph\">A organiza\u00e7\u00e3o orienta os interessados a garantirem a inscri\u00e7\u00e3o com anteced\u00eancia, j\u00e1 que nas \u00faltimas edi\u00e7\u00f5es os ingressos se esgotaram antes do prazo previsto devido \u00e0 grande procura. \u201cEm 2025 tivemos que encerrar as inscri\u00e7\u00f5es antecipadamente tamanha a procura dos empres\u00e1rios. Esse interesse comprova o sucesso desse evento, que acontece em um ambiente diferenciado, cercado pela natureza e longe da rotina dos escrit\u00f3rios. Esse contexto favorece encontros que v\u00e3o al\u00e9m do networking tradicional\u201d, destaca Rodrigo Roberto, Diretor Executivo Comercial (CCO) da Renove Consultoria Empresarial.<\/p>\n<p class=\"wp-block-paragraph\">Quem deseja participar desta edi\u00e7\u00e3o especial deve procurar pelo evento \u201cReCoNet Fazenda \u2013 Edi\u00e7\u00e3o Especial: 20 Anos de Renove Consultoria\u201d na plaforma Sympla e garantir sua vaga.<\/p>\n<\/div>\n<p><br \/>\n<br \/><a href=\"https:\/\/dinamuscomunicacao.com.br\/falta-um-mes-para-o-reconet-fazenda-e-venda-de-ingressos-entra-na-reta-final\/\" rel=\"noopener\"> Informa\u00e7\u00f5es: D\u00ednamus Comunica\u00e7\u00e3o <\/a><\/p>\n","protected":false},"excerpt":{"rendered":"<p>Evento ter\u00e1 palestra com Sara Elydio, refer\u00eancia em estrat\u00e9gias para o varejo A contagem regressiva para um dos encontros de networking mais aguardados da regi\u00e3o entra na reta final. No dia 14 de agosto, empres\u00e1rios, executivos e lideran\u00e7as de diversos segmentos estar\u00e3o reunidos no ReCoNet Fazenda by TOTVS, que ser\u00e1 realizada a partir das 12h30, [&hellip;]<\/p>\n","protected":false},"author":1,"featured_media":72132,"comment_status":"","ping_status":"open","sticky":false,"template":"","format":"standard","meta":{"_jetpack_newsletter_access":"","_jetpack_dont_email_post_to_subs":false,"_jetpack_newsletter_tier_id":0,"_jetpack_memberships_contains_paywalled_content":false,"_mbp_banners":[],"_jetpack_feature_clip_id":0,"_jetpack_memberships_contains_paid_content":false,"footnotes":"","jetpack_publicize_message":"","jetpack_publicize_feature_enabled":true,"jetpack_social_post_already_shared":true,"jetpack_social_options":{"image_generator_settings":{"template":"highway","default_image_id":0,"font":"","enabled":false},"version":2},"jetpack_post_was_ever_published":false},"categories":[16],"tags":[],"class_list":["post-72131","post","type-post","status-publish","format-standard","has-post-thumbnail","category-local"],"jetpack_publicize_connections":[],"jetpack-related-posts":[],"jetpack_shortlink":"https:\/\/wp.me\/p7Eq1F-iLp","jetpack_sharing_enabled":true,"jetpack_featured_media_url":"https:\/\/i0.wp.com\/guialimeira.com.br\/news\/wp-content\/uploads\/2026\/07\/WhatsApp-Image-2026-07-14-at-08.27.43-1.jpeg?fit=1600%2C903&ssl=1","_links":{"self":[{"href":"https:\/\/guialimeira.com.br\/news\/wp-json\/wp\/v2\/posts\/72131","targetHints":{"allow":["GET"]}}],"collection":[{"href":"https:\/\/guialimeira.com.br\/news\/wp-json\/wp\/v2\/posts"}],"about":[{"href":"https:\/\/guialimeira.com.br\/news\/wp-json\/wp\/v2\/types\/post"}],"author":[{"embeddable":true,"href":"https:\/\/guialimeira.com.br\/news\/wp-json\/wp\/v2\/users\/1"}],"replies":[{"embeddable":true,"href":"https:\/\/guialimeira.com.br\/news\/wp-json\/wp\/v2\/comments?post=72131"}],"version-history":[{"count":0,"href":"https:\/\/guialimeira.com.br\/news\/wp-json\/wp\/v2\/posts\/72131\/revisions"}],"wp:featuredmedia":[{"embeddable":true,"href":"https:\/\/guialimeira.com.br\/news\/wp-json\/wp\/v2\/media\/72132"}],"wp:attachment":[{"href":"https:\/\/guialimeira.com.br\/news\/wp-json\/wp\/v2\/media?parent=72131"}],"wp:term":[{"taxonomy":"category","embeddable":true,"href":"https:\/\/guialimeira.com.br\/news\/wp-json\/wp\/v2\/categories?post=72131"},{"taxonomy":"post_tag","embeddable":true,"href":"https:\/\/guialimeira.com.br\/news\/wp-json\/wp\/v2\/tags?post=72131"}],"curies":[{"name":"wp","href":"https:\/\/api.w.org\/{rel}","templated":true}]}}