{"id":7208,"date":"2024-06-02T12:33:48","date_gmt":"2024-06-02T15:33:48","guid":{"rendered":"https:\/\/guialimeira.com.br\/2024\/06\/02\/dia-mundial-do-meio-ambiente-evento-na-usp-debate-crise-climatica-e-sustentabilidade\/"},"modified":"2024-06-02T12:33:48","modified_gmt":"2024-06-02T15:33:48","slug":"dia-mundial-do-meio-ambiente-evento-na-usp-debate-crise-climatica-e-sustentabilidade","status":"publish","type":"post","link":"https:\/\/guialimeira.com.br\/news\/dia-mundial-do-meio-ambiente-evento-na-usp-debate-crise-climatica-e-sustentabilidade\/","title":{"rendered":"Dia Mundial do Meio Ambiente: evento na USP debate crise clim\u00e1tica e sustentabilidade"},"content":{"rendered":"<p> <br \/>\n<\/p>\n<div id=\"\">&#13;<br \/>\n                                <!-- Title -->&#13;<br \/>\n                                &#13;<br \/>\n&#13;<br \/>\n                                <!-- Excerpt -->&#13;<\/p>\n<p class=\"excerpt\">Palestras e roda de conversa no Instituto de Ci\u00eancias Biom\u00e9dicas da USP, no bairro do Butant\u00e3, s\u00e3o abertas ao p\u00fablico no dia 5 de junho<\/p>\n<p>&#13;<br \/>\n&#13;<br \/>\n                                &#13;\n                            <\/p><\/div>\n<div id=\"\">&#13;<\/p>\n<figure id=\"attachment_5891970\" style=\"width: 100%;max-width: 1200px\" class=\"wp-caption alignnone\"><img data-recalc-dims=\"1\" decoding=\"async\" loading=\"lazy\" class=\"size-full wp-image-5891970\" src=\"https:\/\/i0.wp.com\/www.saopaulo.sp.gov.br\/wp-content\/uploads\/2024\/05\/20231109_clima2.jpg?resize=696%2C365&#038;ssl=1\" alt=\"\" width=\"696\" height=\"365\" srcset=\"https:\/\/www.saopaulo.sp.gov.br\/wp-content\/uploads\/2024\/05\/20231109_clima2.jpg 1200w, https:\/\/www.saopaulo.sp.gov.br\/wp-content\/uploads\/2024\/05\/20231109_clima2-300x158.jpg 300w, https:\/\/www.saopaulo.sp.gov.br\/wp-content\/uploads\/2024\/05\/20231109_clima2-1024x538.jpg 1024w, https:\/\/www.saopaulo.sp.gov.br\/wp-content\/uploads\/2024\/05\/20231109_clima2-768x403.jpg 768w\" sizes=\"auto, (max-width: 1200px) 100vw, 1200px\"\/><figcaption class=\"wp-caption-text\">Crise clim\u00e1tica \u00e9 um dos temas do evento<\/figcaption><\/figure>\n<p>Em comemora\u00e7\u00e3o ao Dia Mundial do Meio Ambiente, a Comiss\u00e3o de Cultura e Extens\u00e3o do Instituto de Ci\u00eancias Biom\u00e9dicas (ICB) da USP vai promover no dia 5 de junho (quarta-feira) um evento com palestras e roda de conversa sobre temas relacionados \u00e0 crise clim\u00e1tica e as condi\u00e7\u00f5es das popula\u00e7\u00f5es vulner\u00e1veis. O tema escolhido pela Organiza\u00e7\u00e3o das Na\u00e7\u00f5es Unidas (ONU) tem foco em \u201cacelerar a restaura\u00e7\u00e3o da terra, a resili\u00eancia \u00e0 seca e o progresso da desertifica\u00e7\u00e3o\u201d. Haver\u00e1 transmiss\u00e3o on-line no Canal do ICB no Youtube, <a href=\"https:\/\/www.youtube.com\/ICBUSPcanal\" target=\"_blank\" rel=\"noopener noreferrer\">neste link<\/a>.<\/p>\n<p>\u201cA intensifica\u00e7\u00e3o das mudan\u00e7as clim\u00e1ticas e da polui\u00e7\u00e3o, res\u00edduos em excesso e da perda de biodiversidade s\u00e3o preocupantes e colocam os ecossistemas do mundo sob amea\u00e7a. Nesse sentido, o conhecimento gerado nas universidades como a USP \u00e9 essencial na busca para mitigar esses problemas\u201d, explicam as professoras Raif Musa Aziz e Rita Caf\u00e9 Ferreira, organizadoras do evento.<\/p>\n<p>Entre as 9h30 e 11h30, o instituto receber\u00e1 tr\u00eas professores da USP para palestras sobre o assunto. Ap\u00f3s uma apresenta\u00e7\u00e3o de p\u00f4steres, e uma exposi\u00e7\u00e3o de fotografias dos alunos do\u00a0<a href=\"https:\/\/ww3.icb.usp.br\/juntando-teatro-e-neurociencias-livro-arte-no-viver-60-coroa-projeto-que-dura-mais-de-10-anos\/\" target=\"_blank\" rel=\"noopener noreferrer\">programa USP 60+<\/a>, o evento ter\u00e1 a palestra\u00a0<em>Como Crescer Alimentos Durante a Crise Clim\u00e1tica?<\/em>, do professor Carlos Takeshi Hotta, do Instituto de Qu\u00edmica (IQ) da USP. Hotta apresentar\u00e1 algumas formas que cientistas estudiosos de plantas est\u00e3o buscando para possibilitar a produ\u00e7\u00e3o de alimentos durante uma crise clim\u00e1tica, garantindo seguran\u00e7a alimentar \u00e0 popula\u00e7\u00e3o.<\/p>\n<p>Na segunda apresenta\u00e7\u00e3o, denominada\u00a0<em>Integrando Sa\u00fade Humana, Animal e Ambiental em um Contexto de Desenvolvimento Sustent\u00e1vel<\/em>, o professor Welington Luiz de Araujo, do Departamento de Microbiologia do ICB, abordar\u00e1 as caracter\u00edsticas do rio Tiet\u00ea, focando no seu papel no desenvolvimento social e econ\u00f4mico e seu impacto na comunidade microbiana presente na \u00e1gua e sedimentos do rio. Por \u00faltimo, a palestra\u00a0<em>Sa\u00fade Ribeirinha da Amaz\u00f4nia: Solu\u00e7\u00e3o?<\/em>\u00a0discutir\u00e1 o perfil de sa\u00fade relacionado a fatores ambientais decorrentes da inadequa\u00e7\u00e3o do destino do lixo, merc\u00fario e esgoto e potabilidade de \u00e1gua. A apresenta\u00e7\u00e3o ser\u00e1 do professor Lu\u00eds Marcelo Aranha Camargo, do ICB V, em Rond\u00f4nia.<\/p>\n<p>O evento se encerrar\u00e1 com uma roda de conversa, incluindo os tr\u00eas palestrantes e o p\u00fablico ouvinte, com media\u00e7\u00e3o do professor Jos\u00e9 Greg\u00f3rio Cabrera Gomes, tamb\u00e9m do Departamento de Microbiologia. A programa\u00e7\u00e3o, com os hor\u00e1rios de cada atividade, est\u00e1 dispon\u00edvel\u00a0<a href=\"https:\/\/ww3.icb.usp.br\/eventos\/crise-ambiental\/\" target=\"_blank\" rel=\"noopener noreferrer\">neste link<\/a>.<\/p>\n<p>\u201cA atividade tamb\u00e9m espera receber alguns estudantes do ensino fundamental e m\u00e9dio, al\u00e9m de professores de escolas da regi\u00e3o leste da capital paulista, parte de uma parceria nossa com a Diretoria Regional de Educa\u00e7\u00e3o (D.R.E) da Regi\u00e3o Leste de S\u00e3o Paulo\u201d, explica Wothan Tavares de Lima, professor e vice-presidente da CCEx. A parceria tem o intuito de oferecer aos estudantes atividades extensionistas desenvolvidas pelos alunos de gradua\u00e7\u00e3o do ICB.<\/p>\n<p>Siga o canal \u201cGoverno de S\u00e3o Paulo\u201d no WhatsApp:<br \/><a href=\"https:\/\/bit.ly\/govspnozap\" target=\"_blank\" rel=\"noopener noreferrer\">https:\/\/bit.ly\/govspnozap<\/a><\/p>\n<\/p><\/div>\n<p><br \/>\n<br \/><a href=\"https:\/\/www.saopaulo.sp.gov.br\/spnoticias\/ultimas-noticias\/dia-mundial-do-meio-ambiente-evento-na-usp-debate-crise-climatica-e-sustentabilidade\/\" rel=\"noopener\">Informa\u00e7\u00f5es GOV.SP<\/a><\/p>\n","protected":false},"excerpt":{"rendered":"<p>&#13; &#13; &#13; &#13; &#13; Palestras e roda de conversa no Instituto de Ci\u00eancias Biom\u00e9dicas da USP, no bairro do Butant\u00e3, s\u00e3o abertas ao p\u00fablico no dia 5 de junho &#13; &#13; &#13; &#13; Crise clim\u00e1tica \u00e9 um dos temas do evento Em comemora\u00e7\u00e3o ao Dia Mundial do Meio Ambiente, a Comiss\u00e3o de Cultura e [&hellip;]<\/p>\n","protected":false},"author":1,"featured_media":7209,"comment_status":"open","ping_status":"open","sticky":false,"template":"","format":"standard","meta":{"_jetpack_newsletter_access":"","_jetpack_dont_email_post_to_subs":false,"_jetpack_newsletter_tier_id":0,"_jetpack_memberships_contains_paywalled_content":false,"_mbp_banners":[],"_jetpack_feature_clip_id":0,"_jetpack_memberships_contains_paid_content":false,"footnotes":"","jetpack_publicize_message":"","jetpack_publicize_feature_enabled":true,"jetpack_social_post_already_shared":true,"jetpack_social_options":{"image_generator_settings":{"template":"highway","default_image_id":0,"font":"","enabled":false},"version":2},"jetpack_post_was_ever_published":false},"categories":[21],"tags":[],"class_list":["post-7208","post","type-post","status-publish","format-standard","has-post-thumbnail","category-sp-news"],"jetpack_publicize_connections":[],"jetpack-related-posts":[],"jetpack_shortlink":"https:\/\/wp.me\/p7Eq1F-1Sg","jetpack_sharing_enabled":true,"jetpack_featured_media_url":"https:\/\/i0.wp.com\/guialimeira.com.br\/news\/wp-content\/uploads\/2024\/06\/Dia-Mundial-do-Meio-Ambiente-evento-na-USP-debate-crise.jpg?fit=1200%2C630&ssl=1","_links":{"self":[{"href":"https:\/\/guialimeira.com.br\/news\/wp-json\/wp\/v2\/posts\/7208","targetHints":{"allow":["GET"]}}],"collection":[{"href":"https:\/\/guialimeira.com.br\/news\/wp-json\/wp\/v2\/posts"}],"about":[{"href":"https:\/\/guialimeira.com.br\/news\/wp-json\/wp\/v2\/types\/post"}],"author":[{"embeddable":true,"href":"https:\/\/guialimeira.com.br\/news\/wp-json\/wp\/v2\/users\/1"}],"replies":[{"embeddable":true,"href":"https:\/\/guialimeira.com.br\/news\/wp-json\/wp\/v2\/comments?post=7208"}],"version-history":[{"count":0,"href":"https:\/\/guialimeira.com.br\/news\/wp-json\/wp\/v2\/posts\/7208\/revisions"}],"wp:featuredmedia":[{"embeddable":true,"href":"https:\/\/guialimeira.com.br\/news\/wp-json\/wp\/v2\/media\/7209"}],"wp:attachment":[{"href":"https:\/\/guialimeira.com.br\/news\/wp-json\/wp\/v2\/media?parent=7208"}],"wp:term":[{"taxonomy":"category","embeddable":true,"href":"https:\/\/guialimeira.com.br\/news\/wp-json\/wp\/v2\/categories?post=7208"},{"taxonomy":"post_tag","embeddable":true,"href":"https:\/\/guialimeira.com.br\/news\/wp-json\/wp\/v2\/tags?post=7208"}],"curies":[{"name":"wp","href":"https:\/\/api.w.org\/{rel}","templated":true}]}}