{"id":72078,"date":"2026-07-13T16:47:26","date_gmt":"2026-07-13T19:47:26","guid":{"rendered":"https:\/\/guialimeira.com.br\/departamento-de-igualdade-racial-promove-capacitacao-em-escola-de-cordeiropolis\/"},"modified":"2026-07-13T16:47:26","modified_gmt":"2026-07-13T19:47:26","slug":"departamento-de-igualdade-racial-promove-capacitacao-em-escola-de-cordeiropolis","status":"publish","type":"post","link":"https:\/\/guialimeira.com.br\/news\/departamento-de-igualdade-racial-promove-capacitacao-em-escola-de-cordeiropolis\/","title":{"rendered":"Departamento de Igualdade Racial promove capacita\u00e7\u00e3o em escola de Cordeir\u00f3polis"},"content":{"rendered":"<p> <br \/>\n<\/p>\n<div>\n                <main class=\"\">&#13;<br \/>\n                    &#13;<br \/>\n&#13;<br \/>\n&#13;<br \/>\n&#13;<br \/>\n&#13;<br \/>\n&#13;<br \/>\n    <img data-recalc-dims=\"1\" decoding=\"async\" src=\"https:\/\/i0.wp.com\/ecrie.com.br\/sistema\/conteudos\/imagem\/m_137_0_3_13072026164001.jpg?w=696&#038;ssl=1\" alt=\"Departamento de Igualdade Racial promove capacita\u00e7\u00e3o em escola de Cordeir\u00f3polis\"\/>&#13;<br \/>\n&#13;<br \/>\n&#13;<\/p>\n<p dir=\"ltr\">O Departamento de Promo\u00e7\u00e3o da Igualdade Racial (DPIR), vinculado \u00e0 Secretaria de Cultura da Prefeitura de Limeira, ampliou em junho sua atua\u00e7\u00e3o para al\u00e9m dos limites do munic\u00edpio e realizou, pela primeira vez, uma forma\u00e7\u00e3o intermunicipal de letramento racial no munic\u00edpio vizinho de Cordeir\u00f3polis. A iniciativa refor\u00e7a o papel do departamento na multiplica\u00e7\u00e3o de pol\u00edticas afirmativas na regi\u00e3o.<\/p>\n<p>&#13;<\/p>\n<p dir=\"ltr\">No dia 24 de junho, a equipe do DPIR esteve na Escola Estadual Abra\u00e3o Jamil, em Cordeir\u00f3polis, para uma capacita\u00e7\u00e3o que envolveu docentes, coordenadores, a vice-diretora e o diretor da institui\u00e7\u00e3o. A atividade contou tamb\u00e9m com a participa\u00e7\u00e3o direta de 62 estudantes dos anos finais do Ensino Fundamental (6\u00ba ao 9\u00ba ano) e do 1\u00ba ano do Ensino M\u00e9dio, unindo forma\u00e7\u00e3o de professores e di\u00e1logo com os pr\u00f3prios jovens dentro do ambiente escolar.<\/p>\n<p>&#13;<\/p>\n<p dir=\"ltr\">A diretora do DPIR, Ana Lu\u00edsa de Luca Hebling, avaliou que a ida a outro munic\u00edpio marca um novo est\u00e1gio do trabalho desenvolvido pela equipe. &#8220;Chegar a Cordeir\u00f3polis e conversar com professores, gestores e estudantes numa mesma forma\u00e7\u00e3o mostra que esse debate ultrapassa os limites de uma cidade. \u00c9 assim que se constr\u00f3i, aos poucos, uma rede regional mais preparada para enfrentar o racismo dentro da escola&#8221;, afirmou.<\/p>\n<p>&#13;<\/p>\n<p dir=\"ltr\"><img data-recalc-dims=\"1\" decoding=\"async\" src=\"https:\/\/i0.wp.com\/ecrie.com.br\/sistema\/conteudos\/imagem\/g_137_1_2_13072026164001.jpg?w=696&#038;ssl=1\" alt=\"DPIR 2\"\/><\/p>\n<p>&#13;<\/p>\n<h2 dir=\"ltr\">Forma\u00e7\u00f5es continuam na rede estadual de Limeira<\/h2>\n<p>&#13;<\/p>\n<p dir=\"ltr\">Paralelamente \u00e0 agenda intermunicipal, o DPIR deu sequ\u00eancia ao ciclo de capacita\u00e7\u00f5es voltadas ao corpo docente da rede estadual em Limeira, com foco nos conceitos hist\u00f3ricos de ra\u00e7a e nas manifesta\u00e7\u00f5es do racismo estrutural e institucional no cotidiano escolar.<\/p>\n<p>&#13;<\/p>\n<p dir=\"ltr\">Nos dias 16, 17 e 25 de junho, o departamento realizou tr\u00eas encontros na Escola Estadual Professor Antonio Perches Lordello, que juntos reuniram 36 docentes. No dia 18 de junho, foi a vez da Escola Estadual Professora Maria Aparecida Soares de Lucca, no Jardim Gl\u00f3ria, onde 17 docentes participaram da capacita\u00e7\u00e3o.<\/p>\n<p>&#13;<\/p>\n<p dir=\"ltr\">Os encontros foram conduzidos pela diretora Ana Lu\u00edsa de Luca Hebling e pelo assessor de Pol\u00edticas P\u00fablicas do DPIR, Carlos Elisbon, que refor\u00e7ou o car\u00e1ter pr\u00e1tico das forma\u00e7\u00f5es. &#8220;Nosso objetivo \u00e9 dar ferramentas concretas para que educadores e gestores reconhe\u00e7am pr\u00e1ticas discriminat\u00f3rias no dia a dia da escola e saibam como agir diante delas&#8221;, disse Elisbon.<\/p>\n<p>&#13;<\/p>\n<p dir=\"ltr\"><img data-recalc-dims=\"1\" decoding=\"async\" src=\"https:\/\/i0.wp.com\/ecrie.com.br\/sistema\/conteudos\/imagem\/g_137_2_1_13072026164001.jpg?w=696&#038;ssl=1\" alt=\"DPIR 3\"\/><\/p>\n<p>&#13;<br \/>\n&#13;<br \/>\n&#13;<br \/>\n&#13;<\/p>\n<article class=\"conteudo-relacionado no-print\">&#13;<br \/>\n        &#13;<br \/>\n&#13;<br \/>\n        &#13;<br \/>\n    <\/article>\n<p>&#13;<br \/>\n&#13;<br \/>\n                <\/main><\/p><\/div>\n<p><br \/>\n<br \/><a href=\"https:\/\/limeira.sp.gov.br\/departamento-de-igualdade-racial-promove-capacitacao-em-escola-de-cordeiropolis\" rel=\"noopener\">Informa\u00e7\u00f5es da PML <\/a><\/p>\n","protected":false},"excerpt":{"rendered":"<p>&#13; &#13; &#13; &#13; &#13; &#13; &#13; &#13; &#13; &#13; O Departamento de Promo\u00e7\u00e3o da Igualdade Racial (DPIR), vinculado \u00e0 Secretaria de Cultura da Prefeitura de Limeira, ampliou em junho sua atua\u00e7\u00e3o para al\u00e9m dos limites do munic\u00edpio e realizou, pela primeira vez, uma forma\u00e7\u00e3o intermunicipal de letramento racial no munic\u00edpio vizinho de Cordeir\u00f3polis. A [&hellip;]<\/p>\n","protected":false},"author":1,"featured_media":72079,"comment_status":"","ping_status":"open","sticky":false,"template":"","format":"standard","meta":{"_jetpack_newsletter_access":"","_jetpack_dont_email_post_to_subs":false,"_jetpack_newsletter_tier_id":0,"_jetpack_memberships_contains_paywalled_content":false,"_mbp_banners":[],"_jetpack_feature_clip_id":0,"_jetpack_memberships_contains_paid_content":false,"footnotes":"","jetpack_publicize_message":"","jetpack_publicize_feature_enabled":true,"jetpack_social_post_already_shared":true,"jetpack_social_options":{"image_generator_settings":{"template":"highway","default_image_id":0,"font":"","enabled":false},"version":2},"jetpack_post_was_ever_published":false},"categories":[16],"tags":[],"class_list":["post-72078","post","type-post","status-publish","format-standard","has-post-thumbnail","category-local"],"jetpack_publicize_connections":[],"jetpack-related-posts":[],"jetpack_shortlink":"https:\/\/wp.me\/p7Eq1F-iKy","jetpack_sharing_enabled":true,"jetpack_featured_media_url":"https:\/\/i0.wp.com\/guialimeira.com.br\/news\/wp-content\/uploads\/2026\/07\/m_137_0_3_13072026164001.jpg?fit=1024%2C576&ssl=1","_links":{"self":[{"href":"https:\/\/guialimeira.com.br\/news\/wp-json\/wp\/v2\/posts\/72078","targetHints":{"allow":["GET"]}}],"collection":[{"href":"https:\/\/guialimeira.com.br\/news\/wp-json\/wp\/v2\/posts"}],"about":[{"href":"https:\/\/guialimeira.com.br\/news\/wp-json\/wp\/v2\/types\/post"}],"author":[{"embeddable":true,"href":"https:\/\/guialimeira.com.br\/news\/wp-json\/wp\/v2\/users\/1"}],"replies":[{"embeddable":true,"href":"https:\/\/guialimeira.com.br\/news\/wp-json\/wp\/v2\/comments?post=72078"}],"version-history":[{"count":0,"href":"https:\/\/guialimeira.com.br\/news\/wp-json\/wp\/v2\/posts\/72078\/revisions"}],"wp:featuredmedia":[{"embeddable":true,"href":"https:\/\/guialimeira.com.br\/news\/wp-json\/wp\/v2\/media\/72079"}],"wp:attachment":[{"href":"https:\/\/guialimeira.com.br\/news\/wp-json\/wp\/v2\/media?parent=72078"}],"wp:term":[{"taxonomy":"category","embeddable":true,"href":"https:\/\/guialimeira.com.br\/news\/wp-json\/wp\/v2\/categories?post=72078"},{"taxonomy":"post_tag","embeddable":true,"href":"https:\/\/guialimeira.com.br\/news\/wp-json\/wp\/v2\/tags?post=72078"}],"curies":[{"name":"wp","href":"https:\/\/api.w.org\/{rel}","templated":true}]}}