{"id":72070,"date":"2026-07-13T15:26:39","date_gmt":"2026-07-13T18:26:39","guid":{"rendered":"https:\/\/guialimeira.com.br\/projeto-de-empreendedorismo-do-sebrae-sp-capacita-maes-de-atendidos-pela-apae-limeira\/"},"modified":"2026-07-13T15:26:39","modified_gmt":"2026-07-13T18:26:39","slug":"projeto-de-empreendedorismo-do-sebrae-sp-capacita-maes-de-atendidos-pela-apae-limeira","status":"publish","type":"post","link":"https:\/\/guialimeira.com.br\/news\/projeto-de-empreendedorismo-do-sebrae-sp-capacita-maes-de-atendidos-pela-apae-limeira\/","title":{"rendered":"Projeto\u00a0de empreendedorismo\u00a0do Sebrae-SP\u00a0capacita m\u00e3es de atendidos pela APAE Limeira"},"content":{"rendered":"<p> <br \/>\n<\/p>\n<div data-id=\"626ab9d\" data-element_type=\"widget\" data-e-type=\"widget\" data-widget_type=\"theme-post-content.default\">\n<p class=\"wp-block-paragraph\"><em>Projeto fruto de parceria entre as duas institui\u00e7\u00f5es foi conclu\u00eddo na \u00faltima semana<\/em><\/p>\n<p class=\"wp-block-paragraph\">O Sebrae-SP e a APAE Limeira (Associa\u00e7\u00e3o de Pais e Amigos dos Excepcionais) conclu\u00edram, na \u00faltima semana, o projeto\u00a0<em>Incuba\u00e7\u00e3o de Neg\u00f3cios<\/em>, uma iniciativa do programa\u00a0<strong>Sebrae Comunidades<\/strong>. A a\u00e7\u00e3o tem como prop\u00f3sito capacitar pessoas em situa\u00e7\u00e3o de vulnerabilidade social para empreender com baixo investimento.\u00a0O\u00a0projeto foi direcionado \u00e0s m\u00e3es de pessoas atendidas pela institui\u00e7\u00e3o, oferecendo a elas novas perspectivas de gera\u00e7\u00e3o de renda e autonomia financeira.\u00a0<\/p>\n<p class=\"wp-block-paragraph\">Lan\u00e7ado em mar\u00e7o, o percurso formativo contou com aulas te\u00f3ricas, consultorias individuais e coletivas, al\u00e9m de exerc\u00edcios pr\u00e1ticos de vendas. A metodologia adotada abordou temas essenciais para a gest\u00e3o do dia a dia do neg\u00f3cio, preparando as participantes para os desafios reais do empreendedorismo.\u00a0<\/p>\n<p class=\"wp-block-paragraph\">Ao longo da execu\u00e7\u00e3o do projeto, as mulheres participaram de v\u00e1rias atividades. Foram cinco dias de aulas inicialmente, que percorreram as dez etapas da metodologia,\u00a0abordando temas como criatividade e inova\u00e7\u00e3o, perfil empreendedor, marketing, planejamento,\u00a0finan\u00e7as,\u00a0compet\u00eancias socioemocionais e outras. Na sequ\u00eancia,\u00a0iniciou-se\u00a0a fase de incuba\u00e7\u00e3o, que \u00e9 um processo de refor\u00e7o de conte\u00fado, com dura\u00e7\u00e3o total de 90 dias. Nesse per\u00edodo,\u00a0foram\u00a012 encontros de consultorias individuais e coletivas.\u00a0<\/p>\n<p class=\"wp-block-paragraph\">O intuito\u00a0foi\u00a0apoiar as mulheres na conquista da autonomia financeira, com foco em quem j\u00e1\u00a0tinha\u00a0algum neg\u00f3cio\u00a0ou pensava em come\u00e7ar.\u00a0D\u00e9bora Rodrigues, analista de neg\u00f3cios do Sebrae-SP, ressalta a entrega e o talento das mulheres.\u00a0\u201cO projeto\u00a0foi um sucesso, tivemos participantes engajadas, comprometidas e que se dedicaram muito para aprender tudo que os facilitadores tinham a ensinar.\u00a0Ver a evolu\u00e7\u00e3o de cada uma delas, superando desafios di\u00e1rios para estar ali, \u00e9 inspirador. Nosso objetivo vai al\u00e9m dos neg\u00f3cios,\u00a0queremos que essa autonomia financeira traga mais qualidade de vida e novas perspectivas para as fam\u00edlias delas\u201d.\u00a0<\/p>\n<p class=\"wp-block-paragraph\">\u201cPor meio desse projeto, n\u00f3s conseguimos fortalecer as hist\u00f3rias, criar oportunidades e possibilitar novos caminhos de crescimento, autonomia e desenvolvimento, vendo a transforma\u00e7\u00e3o na vida dessas fam\u00edlias. Foi muito bonito ver cada participante descobrindo o potencial de seus produtos e a emo\u00e7\u00e3o quando entenderam os caminhos para transform\u00e1-los em fonte de renda para a fam\u00edlia\u201d,\u00a0complementa\u00a0Fulvio Drago, presidente da APAE Limeira.\u00a0<\/p>\n<p class=\"wp-block-paragraph\"><strong>Divisor de \u00e1guas<\/strong>\u00a0<\/p>\n<p class=\"wp-block-paragraph\">Para\u00a0Vanessa Furlanetto, o projeto\u00a0trouxe conhecimentos\u00a0importantes para seu neg\u00f3cio. Ela\u00a0produz\u00a0mesa de frios para eventos\u00a0e t\u00e1buas individuais para encomendas.\u00a0\u201cEsse projeto\u00a0veio como um divisor de \u00e1guas. Ele me ensinou que a gente tem que sair da nossa zona de conforto, tentar novos caminhos e nos permitir.\u00a0Que venham mais oportunidades para n\u00f3s m\u00e3es at\u00edpicas, porque\u00a0a\u00a0gente precisa desse olhar de esperan\u00e7a.\u201d\u00a0<\/p>\n<p class=\"wp-block-paragraph\">Carla Siqueira tamb\u00e9m participou do projeto\u00a0e relata\u00a0como o aprendizado pr\u00e1tico mudou sua vis\u00e3o sobre o pr\u00f3prio potencial e abriu novas frentes de atua\u00e7\u00e3o para o futuro.\u00a0\u201cO Sebrae me ajudou a ter v\u00e1rios planos na vida.\u00a0O projeto\u00a0abriu a minha mente para ter o plano A, que \u00e9 meu foco, mas eu tamb\u00e9m tenho o plano B\u00a0e o plano C. Meu foco \u00e9 a dan\u00e7a, eu sou professora de dan\u00e7a, s\u00f3 que eu dava aulas para um c\u00edrculo pequeno de amigos. Ent\u00e3o o projeto abriu a minha mente para alcan\u00e7ar as pessoas, traz\u00ea-las e mostrar a cultura que eu carrego comigo, que \u00e9 do samba\u201d, finaliza.\u00a0<\/p>\n<p class=\"wp-block-paragraph\">Release: Comunica\u00e7\u00e3o Sebrae-SP.<\/p>\n<\/div>\n<p><br \/>\n<br \/><a href=\"https:\/\/dinamuscomunicacao.com.br\/projeto-de-empreendedorismo-do-sebrae-sp-capacita-maes-de-atendidos-pela-apae-limeira\/\" rel=\"noopener\"> Informa\u00e7\u00f5es: D\u00ednamus Comunica\u00e7\u00e3o <\/a><\/p>\n","protected":false},"excerpt":{"rendered":"<p>Projeto fruto de parceria entre as duas institui\u00e7\u00f5es foi conclu\u00eddo na \u00faltima semana O Sebrae-SP e a APAE Limeira (Associa\u00e7\u00e3o de Pais e Amigos dos Excepcionais) conclu\u00edram, na \u00faltima semana, o projeto\u00a0Incuba\u00e7\u00e3o de Neg\u00f3cios, uma iniciativa do programa\u00a0Sebrae Comunidades. A a\u00e7\u00e3o tem como prop\u00f3sito capacitar pessoas em situa\u00e7\u00e3o de vulnerabilidade social para empreender com baixo [&hellip;]<\/p>\n","protected":false},"author":1,"featured_media":72071,"comment_status":"","ping_status":"open","sticky":false,"template":"","format":"standard","meta":{"_jetpack_newsletter_access":"","_jetpack_dont_email_post_to_subs":false,"_jetpack_newsletter_tier_id":0,"_jetpack_memberships_contains_paywalled_content":false,"_mbp_banners":[],"_jetpack_feature_clip_id":0,"_jetpack_memberships_contains_paid_content":false,"footnotes":"","jetpack_publicize_message":"","jetpack_publicize_feature_enabled":true,"jetpack_social_post_already_shared":true,"jetpack_social_options":{"image_generator_settings":{"template":"highway","default_image_id":0,"font":"","enabled":false},"version":2},"jetpack_post_was_ever_published":false},"categories":[16],"tags":[],"class_list":["post-72070","post","type-post","status-publish","format-standard","has-post-thumbnail","category-local"],"jetpack_publicize_connections":[],"jetpack-related-posts":[],"jetpack_shortlink":"https:\/\/wp.me\/p7Eq1F-iKq","jetpack_sharing_enabled":true,"jetpack_featured_media_url":"https:\/\/i0.wp.com\/guialimeira.com.br\/news\/wp-content\/uploads\/2026\/07\/APAE-Sebrae.jpeg?fit=1136%2C720&ssl=1","_links":{"self":[{"href":"https:\/\/guialimeira.com.br\/news\/wp-json\/wp\/v2\/posts\/72070","targetHints":{"allow":["GET"]}}],"collection":[{"href":"https:\/\/guialimeira.com.br\/news\/wp-json\/wp\/v2\/posts"}],"about":[{"href":"https:\/\/guialimeira.com.br\/news\/wp-json\/wp\/v2\/types\/post"}],"author":[{"embeddable":true,"href":"https:\/\/guialimeira.com.br\/news\/wp-json\/wp\/v2\/users\/1"}],"replies":[{"embeddable":true,"href":"https:\/\/guialimeira.com.br\/news\/wp-json\/wp\/v2\/comments?post=72070"}],"version-history":[{"count":0,"href":"https:\/\/guialimeira.com.br\/news\/wp-json\/wp\/v2\/posts\/72070\/revisions"}],"wp:featuredmedia":[{"embeddable":true,"href":"https:\/\/guialimeira.com.br\/news\/wp-json\/wp\/v2\/media\/72071"}],"wp:attachment":[{"href":"https:\/\/guialimeira.com.br\/news\/wp-json\/wp\/v2\/media?parent=72070"}],"wp:term":[{"taxonomy":"category","embeddable":true,"href":"https:\/\/guialimeira.com.br\/news\/wp-json\/wp\/v2\/categories?post=72070"},{"taxonomy":"post_tag","embeddable":true,"href":"https:\/\/guialimeira.com.br\/news\/wp-json\/wp\/v2\/tags?post=72070"}],"curies":[{"name":"wp","href":"https:\/\/api.w.org\/{rel}","templated":true}]}}