{"id":72068,"date":"2026-07-13T15:25:25","date_gmt":"2026-07-13T18:25:25","guid":{"rendered":"https:\/\/guialimeira.com.br\/secretaria-de-protecao-animal-resgata-cadela-com-grave-lesao-ocular-em-limeira\/"},"modified":"2026-07-13T15:25:25","modified_gmt":"2026-07-13T18:25:25","slug":"secretaria-de-protecao-animal-resgata-cadela-com-grave-lesao-ocular-em-limeira","status":"publish","type":"post","link":"https:\/\/guialimeira.com.br\/news\/secretaria-de-protecao-animal-resgata-cadela-com-grave-lesao-ocular-em-limeira\/","title":{"rendered":"Secretaria de Prote\u00e7\u00e3o Animal resgata cadela com grave les\u00e3o ocular em Limeira"},"content":{"rendered":"<p> <br \/>\n<br \/><img data-recalc-dims=\"1\" decoding=\"async\" src=\"https:\/\/i0.wp.com\/ecrie.com.br\/sistema\/conteudos\/imagem\/m_137_0_1_13072026152051.jpeg?w=696&#038;ssl=1\" \/><\/p>\n<p style=\"text-align: justify\">A Secretaria de Prote&ccedil;&atilde;o Animal de Limeira realizou, neste domingo (12), o resgate e o atendimento de uma cadela de aproximadamente dois anos, ap&oacute;s acionamento da Pol&iacute;cia Militar. A cadela foi encaminhada &agrave; Cl&iacute;nica Veterin&aacute;ria Municipal Espa&ccedil;o Amigo Pet, onde recebeu atendimento veterin&aacute;rio e permanece sob os cuidados da equipe.<\/p>\n<p style=\"text-align: justify\">Durante a avalia&ccedil;&atilde;o, a equipe veterin&aacute;ria constatou que a cadela, j&aacute; castrada, apresentava uma grave les&atilde;o em um dos olhos e aus&ecirc;ncia de reflexo pupilar no outro, al&eacute;m de dor e hipertermia. Apesar do quadro, o animal apresentava boas condi&ccedil;&otilde;es f&iacute;sicas. Para esta semana, est&aacute; prevista uma cirurgia em um dos olhos, com o objetivo de aliviar o sofrimento do animal e preservar sua qualidade de vida.<\/p>\n<p style=\"text-align: justify\">Na manh&atilde; desta segunda-feira (13), uma mulher se apresentou como poss&iacute;vel tutora da cadela, chamada Princesa. A Secretaria de Prote&ccedil;&atilde;o Animal ir&aacute; apurar as circunst&acirc;ncias que levaram ao estado de sa&uacute;de do animal para verificar se as les&otilde;es foram provocadas por um acidente ou por eventual neglig&ecirc;ncia. A fiscaliza&ccedil;&atilde;o da pasta j&aacute; foi acionada e acompanhar&aacute; o caso. Somente ap&oacute;s a conclus&atilde;o da apura&ccedil;&atilde;o ser&aacute; definida a possibilidade de retorno da cadela &agrave; tutora.<\/p>\n<p style=\"text-align: justify\">A secret&aacute;ria de Prote&ccedil;&atilde;o Animal, Juliana Kopczynski, destacou que a prioridade da equipe foi garantir atendimento imediato ao animal. &#8220;Assim que a Secretaria foi acionada, mobilizamos nossa equipe para prestar todo o atendimento necess&aacute;rio. Neste momento, nossa prioridade &eacute; assegurar a recupera&ccedil;&atilde;o da Princesa e, paralelamente, apurar as circunst&acirc;ncias do caso para que todas as medidas cab&iacute;veis sejam adotadas, sempre em defesa do bem-estar animal&#8221;, afirmou.<\/p>\n<p><br \/>\n<br \/><a href=\"https:\/\/limeira.sp.gov.br\/secretaria-de-protecao-animal-resgata-cadela-com-grave-lesao-ocular-em-limeira\" rel=\"noopener\">Informa\u00e7\u00f5es da PML <\/a><\/p>\n","protected":false},"excerpt":{"rendered":"<p>A Secretaria de Prote&ccedil;&atilde;o Animal de Limeira realizou, neste domingo (12), o resgate e o atendimento de uma cadela de aproximadamente dois anos, ap&oacute;s acionamento da Pol&iacute;cia Militar. A cadela foi encaminhada &agrave; Cl&iacute;nica Veterin&aacute;ria Municipal Espa&ccedil;o Amigo Pet, onde recebeu atendimento veterin&aacute;rio e permanece sob os cuidados da equipe. Durante a avalia&ccedil;&atilde;o, a equipe [&hellip;]<\/p>\n","protected":false},"author":1,"featured_media":72069,"comment_status":"","ping_status":"open","sticky":false,"template":"","format":"standard","meta":{"_jetpack_newsletter_access":"","_jetpack_dont_email_post_to_subs":false,"_jetpack_newsletter_tier_id":0,"_jetpack_memberships_contains_paywalled_content":false,"_mbp_banners":[],"_jetpack_feature_clip_id":0,"_jetpack_memberships_contains_paid_content":false,"footnotes":"","jetpack_publicize_message":"","jetpack_publicize_feature_enabled":true,"jetpack_social_post_already_shared":true,"jetpack_social_options":{"image_generator_settings":{"template":"highway","default_image_id":0,"font":"","enabled":false},"version":2},"jetpack_post_was_ever_published":false},"categories":[16],"tags":[],"class_list":["post-72068","post","type-post","status-publish","format-standard","has-post-thumbnail","category-local"],"jetpack_publicize_connections":[],"jetpack-related-posts":[],"jetpack_shortlink":"https:\/\/wp.me\/p7Eq1F-iKo","jetpack_sharing_enabled":true,"jetpack_featured_media_url":"https:\/\/i0.wp.com\/guialimeira.com.br\/news\/wp-content\/uploads\/2026\/07\/m_137_0_1_13072026152051.jpeg?fit=1024%2C846&ssl=1","_links":{"self":[{"href":"https:\/\/guialimeira.com.br\/news\/wp-json\/wp\/v2\/posts\/72068","targetHints":{"allow":["GET"]}}],"collection":[{"href":"https:\/\/guialimeira.com.br\/news\/wp-json\/wp\/v2\/posts"}],"about":[{"href":"https:\/\/guialimeira.com.br\/news\/wp-json\/wp\/v2\/types\/post"}],"author":[{"embeddable":true,"href":"https:\/\/guialimeira.com.br\/news\/wp-json\/wp\/v2\/users\/1"}],"replies":[{"embeddable":true,"href":"https:\/\/guialimeira.com.br\/news\/wp-json\/wp\/v2\/comments?post=72068"}],"version-history":[{"count":0,"href":"https:\/\/guialimeira.com.br\/news\/wp-json\/wp\/v2\/posts\/72068\/revisions"}],"wp:featuredmedia":[{"embeddable":true,"href":"https:\/\/guialimeira.com.br\/news\/wp-json\/wp\/v2\/media\/72069"}],"wp:attachment":[{"href":"https:\/\/guialimeira.com.br\/news\/wp-json\/wp\/v2\/media?parent=72068"}],"wp:term":[{"taxonomy":"category","embeddable":true,"href":"https:\/\/guialimeira.com.br\/news\/wp-json\/wp\/v2\/categories?post=72068"},{"taxonomy":"post_tag","embeddable":true,"href":"https:\/\/guialimeira.com.br\/news\/wp-json\/wp\/v2\/tags?post=72068"}],"curies":[{"name":"wp","href":"https:\/\/api.w.org\/{rel}","templated":true}]}}