{"id":72064,"date":"2026-07-13T15:05:23","date_gmt":"2026-07-13T18:05:23","guid":{"rendered":"https:\/\/guialimeira.com.br\/limeira-celebra-94-anos-da-revolucao-constitucionalista-em-cerimonia-civica\/"},"modified":"2026-07-13T15:05:23","modified_gmt":"2026-07-13T18:05:23","slug":"limeira-celebra-94-anos-da-revolucao-constitucionalista-em-cerimonia-civica","status":"publish","type":"post","link":"https:\/\/guialimeira.com.br\/news\/limeira-celebra-94-anos-da-revolucao-constitucionalista-em-cerimonia-civica\/","title":{"rendered":"Limeira celebra 94 anos da Revolu\u00e7\u00e3o Constitucionalista em cerim\u00f4nia c\u00edvica"},"content":{"rendered":"<p> <br \/>\n<\/p>\n<div id=\"\">&#13;<br \/>\n                    &#13;<br \/>\n&#13;<br \/>\n&#13;<br \/>\n&#13;<br \/>\n&#13;<br \/>\n&#13;<br \/>\n    <img data-recalc-dims=\"1\" decoding=\"async\" src=\"https:\/\/i0.wp.com\/ecrie.com.br\/sistema\/conteudos\/imagem\/m_137_0_1_13072026150433.jpeg?w=696&#038;ssl=1\" alt=\"Limeira celebra 94 anos da Revolu\u00e7\u00e3o Constitucionalista em cerim\u00f4nia c\u00edvica\"\/>&#13;<br \/>\n&#13;<br \/>\n&#13;<\/p>\n<p>A Prefeitura de Limeira, por meio da Comiss\u00e3o Municipal de Civismo, realizou nesta quinta-feira (9), \u00e0s 9h, uma cerim\u00f4nia c\u00edvica em homenagem \u00e0 Revolu\u00e7\u00e3o Constitucionalista de 1932. O evento aconteceu na Pra\u00e7a Soldado Constitucionalista de 1932, em frente ao Cemit\u00e9rio Saudade I, e reuniu for\u00e7as de seguran\u00e7a, autoridades, entidades civis, familiares de ex-combatentes e a popula\u00e7\u00e3o.<\/p>\n<p>&#13;<\/p>\n<p>A programa\u00e7\u00e3o marcou os 94 anos do movimento, que mobilizou milhares de paulistas entre julho e outubro de 1932 na luta pela convoca\u00e7\u00e3o de uma Assembleia Constituinte e por uma nova Constitui\u00e7\u00e3o para o pa\u00eds. Limeira teve participa\u00e7\u00e3o ativa na Revolu\u00e7\u00e3o, com moradores integrando as tropas paulistas e contribuindo com recursos para o esfor\u00e7o de guerra.<\/p>\n<p>&#13;<\/p>\n<p>Participaram da cerim\u00f4nia o Tiro de Guerra 02-020, o Corpo de Bombeiros, a Guarda Civil Municipal (GCM), o 36\u00ba Batalh\u00e3o da Pol\u00edcia Militar (36\u00ba BPM\/I), os grupos escoteiros Tatuibi 51, Limeira 362 e Tupinamb\u00e1s 543, a Fope Limeira (For\u00e7a Patriota Estudantil) e a Corpora\u00e7\u00e3o Musical Henrique Marques.<br \/>A solenidade foi aberta com a chegada das tropas e o hasteamento das bandeiras ao som do Hino Nacional. A Bandeira do Brasil foi hasteada pelo subtenente Isaque Fagundes, chefe de instru\u00e7\u00e3o do TG, a de S\u00e3o Paulo pelo capit\u00e3o Seleghim, comandante da 1\u00aa Companhia do 36\u00ba BPM\/I, e a de Limeira pelo prefeito Murilo F\u00e9lix.<\/p>\n<p>&#13;<\/p>\n<p>Tamb\u00e9m participaram do ato c\u00edvico o tenente-coronel Neymar dos Santos, comandante do 36\u00ba BPM\/I; o tenente Lucas F\u00e9lix da Silva, comandante do Corpo de Bombeiros de Limeira; o comandante da GCM de Limeira, Henrique Paes; o presidente da Comiss\u00e3o Municipal de Civismo e secret\u00e1rio-executivo do prefeito, Silvio Britto; os secret\u00e1rios municipais Anderson Pereira (Seguran\u00e7a P\u00fablica e Defesa Civil), Ant\u00f4nio Montesano Neto (Educa\u00e7\u00e3o), Bruno Cunha (Comunica\u00e7\u00e3o), Juliana Kopczynski (Prote\u00e7\u00e3o Animal) Dimas Peruzza (Esporte e Lazer) e Thiago Martins (Turismo e Eventos).<\/p>\n<p>&#13;<\/p>\n<p>O evento contou ainda com a presen\u00e7a do presidente da C\u00e2mara Municipal, Everton Ferreira, e dos vereadores Guilherme Guido, Helder do T\u00e1xi, Estev\u00e3o Nogueira e Mariana Calsa.<\/p>\n<p>&#13;<\/p>\n<p>O encerramento reuniu a deposi\u00e7\u00e3o de flores no Mausol\u00e9u do Sargento Alberto Pierrotti e o toque de sil\u00eancio, executado pelo trompetista Jo\u00e3o Teixeira, ex-integrante da banda marcial do Senai e do Conservat\u00f3rio de Tatu\u00ed, em homenagem p\u00f3stuma aos ex-combatentes limeirenses.<\/p>\n<p>&#13;<br \/>\n&#13;<br \/>\n&#13;<br \/>\n&#13;<\/p>\n<article class=\"conteudo-relacionado no-print\">&#13;<br \/>\n        &#13;<br \/>\n&#13;<br \/>\n        &#13;<br \/>\n    <\/article>\n<p>&#13;<br \/>\n&#13;\n                <\/p><\/div>\n<p><br \/>\n<br \/><a href=\"https:\/\/limeira.sp.gov.br\/limeira-celebra-94-anos-da-revolucao-constitucionalista-em-cerimonia-civica\" rel=\"noopener\">Informa\u00e7\u00f5es da PML <\/a><\/p>\n","protected":false},"excerpt":{"rendered":"<p>&#13; &#13; &#13; &#13; &#13; &#13; &#13; &#13; &#13; &#13; A Prefeitura de Limeira, por meio da Comiss\u00e3o Municipal de Civismo, realizou nesta quinta-feira (9), \u00e0s 9h, uma cerim\u00f4nia c\u00edvica em homenagem \u00e0 Revolu\u00e7\u00e3o Constitucionalista de 1932. O evento aconteceu na Pra\u00e7a Soldado Constitucionalista de 1932, em frente ao Cemit\u00e9rio Saudade I, e reuniu for\u00e7as [&hellip;]<\/p>\n","protected":false},"author":1,"featured_media":72065,"comment_status":"","ping_status":"open","sticky":false,"template":"","format":"standard","meta":{"_jetpack_newsletter_access":"","_jetpack_dont_email_post_to_subs":false,"_jetpack_newsletter_tier_id":0,"_jetpack_memberships_contains_paywalled_content":false,"_mbp_banners":[],"_jetpack_feature_clip_id":0,"_jetpack_memberships_contains_paid_content":false,"footnotes":"","jetpack_publicize_message":"","jetpack_publicize_feature_enabled":true,"jetpack_social_post_already_shared":true,"jetpack_social_options":{"image_generator_settings":{"template":"highway","default_image_id":0,"font":"","enabled":false},"version":2},"jetpack_post_was_ever_published":false},"categories":[16],"tags":[],"class_list":["post-72064","post","type-post","status-publish","format-standard","has-post-thumbnail","category-local"],"jetpack_publicize_connections":[],"jetpack-related-posts":[],"jetpack_shortlink":"https:\/\/wp.me\/p7Eq1F-iKk","jetpack_sharing_enabled":true,"jetpack_featured_media_url":"https:\/\/i0.wp.com\/guialimeira.com.br\/news\/wp-content\/uploads\/2026\/07\/m_137_0_1_13072026150433.jpeg?fit=1024%2C576&ssl=1","_links":{"self":[{"href":"https:\/\/guialimeira.com.br\/news\/wp-json\/wp\/v2\/posts\/72064","targetHints":{"allow":["GET"]}}],"collection":[{"href":"https:\/\/guialimeira.com.br\/news\/wp-json\/wp\/v2\/posts"}],"about":[{"href":"https:\/\/guialimeira.com.br\/news\/wp-json\/wp\/v2\/types\/post"}],"author":[{"embeddable":true,"href":"https:\/\/guialimeira.com.br\/news\/wp-json\/wp\/v2\/users\/1"}],"replies":[{"embeddable":true,"href":"https:\/\/guialimeira.com.br\/news\/wp-json\/wp\/v2\/comments?post=72064"}],"version-history":[{"count":0,"href":"https:\/\/guialimeira.com.br\/news\/wp-json\/wp\/v2\/posts\/72064\/revisions"}],"wp:featuredmedia":[{"embeddable":true,"href":"https:\/\/guialimeira.com.br\/news\/wp-json\/wp\/v2\/media\/72065"}],"wp:attachment":[{"href":"https:\/\/guialimeira.com.br\/news\/wp-json\/wp\/v2\/media?parent=72064"}],"wp:term":[{"taxonomy":"category","embeddable":true,"href":"https:\/\/guialimeira.com.br\/news\/wp-json\/wp\/v2\/categories?post=72064"},{"taxonomy":"post_tag","embeddable":true,"href":"https:\/\/guialimeira.com.br\/news\/wp-json\/wp\/v2\/tags?post=72064"}],"curies":[{"name":"wp","href":"https:\/\/api.w.org\/{rel}","templated":true}]}}