{"id":72062,"date":"2026-07-13T15:00:25","date_gmt":"2026-07-13T18:00:25","guid":{"rendered":"https:\/\/guialimeira.com.br\/15-animais-resgatados-ganham-nova-familia-durante-jogo-da-inter-de-limeira\/"},"modified":"2026-07-13T15:00:25","modified_gmt":"2026-07-13T18:00:25","slug":"15-animais-resgatados-ganham-nova-familia-durante-jogo-da-inter-de-limeira","status":"publish","type":"post","link":"https:\/\/guialimeira.com.br\/news\/15-animais-resgatados-ganham-nova-familia-durante-jogo-da-inter-de-limeira\/","title":{"rendered":"15 animais resgatados ganham nova fam\u00edlia durante jogo da Inter de Limeira"},"content":{"rendered":"<p> <br \/>\n<\/p>\n<div id=\"\">&#13;<br \/>\n                    &#13;<br \/>\n&#13;<br \/>\n&#13;<br \/>\n&#13;<br \/>\n&#13;<br \/>\n&#13;<br \/>\n    <img data-recalc-dims=\"1\" decoding=\"async\" src=\"https:\/\/i0.wp.com\/ecrie.com.br\/sistema\/conteudos\/imagem\/m_137_0_1_13072026114946.jpeg?w=696&#038;ssl=1\" alt=\"15 animais resgatados ganham nova fam\u00edlia durante jogo da Inter de Limeira\"\/>&#13;<br \/>\n&#13;<br \/>\n&#13;<\/p>\n<p style=\"text-align: justify;\">A campanha de ado\u00e7\u00e3o respons\u00e1vel promovida pela Prefeitura de Limeira, em parceria com a Inter de Limeira, garantiu um novo lar para animais resgatados neste domingo (12), no Est\u00e1dio Major Jos\u00e9 Levy Sobrinho, o Limeir\u00e3o. 15 pets, sendo 12 c\u00e3es e tr\u00eas gatos, ganharam uma nova fam\u00edlia durante a partida entre Inter de Limeira e Amazonas-AM, v\u00e1lida pela S\u00e9rie C do Campeonato Brasileiro.<\/p>\n<p>&#13;<\/p>\n<p style=\"text-align: justify;\">Um dos destaques da iniciativa foi o jogador Gabriel Dias de Oliveira, que participou da entrada simb\u00f3lica em campo ao lado dos animais antes do in\u00edcio da partida. Encantado com dois c\u00e3es, o atleta decidiu adot\u00e1-los. &#8220;N\u00e3o tinha planejado adotar, mas, quando vi aqueles dois ali, n\u00e3o teve como resistir&#8221;, contou.<\/p>\n<p>&#13;<\/p>\n<p style=\"text-align: justify;\">A campanha tamb\u00e9m sensibilizou outras pessoas que participaram do evento. A seguran\u00e7a Ariane Cristina Clemente, que trabalhava no est\u00e1dio, adotou dois c\u00e3es. &#8220;Foi amor \u00e0 primeira vista. N\u00e3o deu para resistir e vou levar os dois para casa&#8221;, disse. J\u00e1 o motorista Paulo C\u00e9sar de Farias foi ao Limeir\u00e3o com o objetivo de adotar um animal, ap\u00f3s perder recentemente a gata da fam\u00edlia. Ele acabou levando dois gatos para casa e nem chegou a assistir \u00e0 partida. &#8220;Perdemos nossa gatinha h\u00e1 pouco tempo e eu sabia que precisava voltar a ter esse amor em casa. S\u00f3 senti felicidade&#8221;, relatou.<\/p>\n<p>&#13;<\/p>\n<p style=\"text-align: justify;\">Para o prefeito Murilo F\u00e9lix, iniciativas como essa mostram a for\u00e7a de somar esfor\u00e7os em torno de um mesmo objetivo. &#8220;A prote\u00e7\u00e3o animal depende da uni\u00e3o de todos. Por isso essa parceria com a Inter foi t\u00e3o importante: junta o time, a torcida e o poder p\u00fablico em volta de uma causa que \u00e9 de todo mundo&#8221;, afirmou.<\/p>\n<p>&#13;<\/p>\n<p style=\"text-align: justify;\">Al\u00e9m da feira de ado\u00e7\u00e3o, a Prefeitura promoveu uma campanha de arrecada\u00e7\u00e3o de ra\u00e7\u00e3o para c\u00e3es e gatos. Em parceria com a Inter de Limeira, torcedores que doaram alimentos tiveram direito \u00e0 meia-entrada para acompanhar a partida. As doa\u00e7\u00f5es ser\u00e3o destinadas aos animais atendidos pela Secretaria de Prote\u00e7\u00e3o Animal e a fam\u00edlias em situa\u00e7\u00e3o de vulnerabilidade que possuem animais de estima\u00e7\u00e3o.<\/p>\n<p>&#13;<\/p>\n<p style=\"text-align: justify;\">A secret\u00e1ria de Prote\u00e7\u00e3o Animal, Juliana Kopczynski, destacou que o resultado da a\u00e7\u00e3o refor\u00e7a a import\u00e2ncia de levar a causa da ado\u00e7\u00e3o respons\u00e1vel para perto da popula\u00e7\u00e3o. &#8220;Quando as pessoas t\u00eam a oportunidade de conhecer os animais de perto, a ado\u00e7\u00e3o acontece de forma espont\u00e2nea&#8221;, ressaltou.<\/p>\n<p>&#13;<\/p>\n<p style=\"text-align: justify;\">Diante do resultado positivo, a Prefeitura de Limeira j\u00e1 estuda realizar uma nova edi\u00e7\u00e3o da iniciativa ainda em 2026, novamente em parceria com a Inter de Limeira.<br \/>Essa a\u00e7\u00e3o est\u00e1 alinhada ao Objetivo de Desenvolvimento Sustent\u00e1vel (ODS) 15 da Organiza\u00e7\u00e3o das Na\u00e7\u00f5es Unidas (ONU), que prev\u00ea o bem-estar dos animais.<\/p>\n<p>&#13;<br \/>\n&#13;<br \/>\n&#13;<br \/>\n&#13;<\/p>\n<article class=\"conteudo-relacionado no-print\">&#13;<br \/>\n        &#13;<br \/>\n&#13;<br \/>\n        &#13;<br \/>\n    <\/article>\n<p>&#13;<br \/>\n&#13;\n                <\/p><\/div>\n<p><br \/>\n<br \/><a href=\"https:\/\/limeira.sp.gov.br\/15-animais-resgatados-ganham-nova-familia-durante-jogo-da-inter-de-limeira\" rel=\"noopener\">Informa\u00e7\u00f5es da PML <\/a><\/p>\n","protected":false},"excerpt":{"rendered":"<p>&#13; &#13; &#13; &#13; &#13; &#13; &#13; &#13; &#13; &#13; A campanha de ado\u00e7\u00e3o respons\u00e1vel promovida pela Prefeitura de Limeira, em parceria com a Inter de Limeira, garantiu um novo lar para animais resgatados neste domingo (12), no Est\u00e1dio Major Jos\u00e9 Levy Sobrinho, o Limeir\u00e3o. 15 pets, sendo 12 c\u00e3es e tr\u00eas gatos, ganharam uma [&hellip;]<\/p>\n","protected":false},"author":1,"featured_media":72063,"comment_status":"","ping_status":"open","sticky":false,"template":"","format":"standard","meta":{"_jetpack_newsletter_access":"","_jetpack_dont_email_post_to_subs":false,"_jetpack_newsletter_tier_id":0,"_jetpack_memberships_contains_paywalled_content":false,"_mbp_banners":[],"_jetpack_feature_clip_id":0,"_jetpack_memberships_contains_paid_content":false,"footnotes":"","jetpack_publicize_message":"","jetpack_publicize_feature_enabled":true,"jetpack_social_post_already_shared":true,"jetpack_social_options":{"image_generator_settings":{"template":"highway","default_image_id":0,"font":"","enabled":false},"version":2},"jetpack_post_was_ever_published":false},"categories":[16],"tags":[],"class_list":["post-72062","post","type-post","status-publish","format-standard","has-post-thumbnail","category-local"],"jetpack_publicize_connections":[],"jetpack-related-posts":[],"jetpack_shortlink":"https:\/\/wp.me\/p7Eq1F-iKi","jetpack_sharing_enabled":true,"jetpack_featured_media_url":"https:\/\/i0.wp.com\/guialimeira.com.br\/news\/wp-content\/uploads\/2026\/07\/m_137_0_1_13072026114946.jpeg?fit=1024%2C666&ssl=1","_links":{"self":[{"href":"https:\/\/guialimeira.com.br\/news\/wp-json\/wp\/v2\/posts\/72062","targetHints":{"allow":["GET"]}}],"collection":[{"href":"https:\/\/guialimeira.com.br\/news\/wp-json\/wp\/v2\/posts"}],"about":[{"href":"https:\/\/guialimeira.com.br\/news\/wp-json\/wp\/v2\/types\/post"}],"author":[{"embeddable":true,"href":"https:\/\/guialimeira.com.br\/news\/wp-json\/wp\/v2\/users\/1"}],"replies":[{"embeddable":true,"href":"https:\/\/guialimeira.com.br\/news\/wp-json\/wp\/v2\/comments?post=72062"}],"version-history":[{"count":0,"href":"https:\/\/guialimeira.com.br\/news\/wp-json\/wp\/v2\/posts\/72062\/revisions"}],"wp:featuredmedia":[{"embeddable":true,"href":"https:\/\/guialimeira.com.br\/news\/wp-json\/wp\/v2\/media\/72063"}],"wp:attachment":[{"href":"https:\/\/guialimeira.com.br\/news\/wp-json\/wp\/v2\/media?parent=72062"}],"wp:term":[{"taxonomy":"category","embeddable":true,"href":"https:\/\/guialimeira.com.br\/news\/wp-json\/wp\/v2\/categories?post=72062"},{"taxonomy":"post_tag","embeddable":true,"href":"https:\/\/guialimeira.com.br\/news\/wp-json\/wp\/v2\/tags?post=72062"}],"curies":[{"name":"wp","href":"https:\/\/api.w.org\/{rel}","templated":true}]}}