{"id":72060,"date":"2026-07-13T14:55:21","date_gmt":"2026-07-13T17:55:21","guid":{"rendered":"https:\/\/guialimeira.com.br\/em-preparacao-para-os-regionais-atleta-da-ala-conquista-vice-campeonato-em-piracicaba\/"},"modified":"2026-07-13T14:55:21","modified_gmt":"2026-07-13T17:55:21","slug":"em-preparacao-para-os-regionais-atleta-da-ala-conquista-vice-campeonato-em-piracicaba","status":"publish","type":"post","link":"https:\/\/guialimeira.com.br\/news\/em-preparacao-para-os-regionais-atleta-da-ala-conquista-vice-campeonato-em-piracicaba\/","title":{"rendered":"Em prepara\u00e7\u00e3o para os Regionais, atleta da ALA conquista vice-campeonato em Piracicaba"},"content":{"rendered":"<p> <br \/>\n<br \/><img data-recalc-dims=\"1\" decoding=\"async\" src=\"https:\/\/i0.wp.com\/ecrie.com.br\/sistema\/conteudos\/imagem\/m_137_0_1_13072026145255.jpeg?w=696&#038;ssl=1\" \/><\/p>\n<div>\n<h3 data-reticencias=\"34\">15 animais resgatados ganham nova fam\u00edlia durante jogo da Inter de Limeira<\/h3>\n<p class=\"descricao\" data-reticencias=\"44 [...]\">&#13;<br \/>\n                                    A\u00e7\u00e3o de ado\u00e7\u00e3o respons\u00e1vel ocorreu durante a partida contra o Amazonas-AM, pela S\u00e9rie C; jogador Gabriel Dias de Oliveira levou dois c\u00e3es para casa&#13;\n                                <\/p>\n<\/p><\/div>\n<p><br \/>\n<br \/><a href=\"https:\/\/limeira.sp.gov.br\/em-preparacao-para-os-regionais-atleta-da-ala-conquista-vice-campeonato-em-piracicaba\" rel=\"noopener\">Informa\u00e7\u00f5es da PML <\/a><\/p>\n","protected":false},"excerpt":{"rendered":"<p>15 animais resgatados ganham nova fam\u00edlia durante jogo da Inter de Limeira &#13; A\u00e7\u00e3o de ado\u00e7\u00e3o respons\u00e1vel ocorreu durante a partida contra o Amazonas-AM, pela S\u00e9rie C; jogador Gabriel Dias de Oliveira levou dois c\u00e3es para casa&#13; Informa\u00e7\u00f5es da PML<\/p>\n","protected":false},"author":1,"featured_media":72061,"comment_status":"","ping_status":"open","sticky":false,"template":"","format":"standard","meta":{"_jetpack_newsletter_access":"","_jetpack_dont_email_post_to_subs":false,"_jetpack_newsletter_tier_id":0,"_jetpack_memberships_contains_paywalled_content":false,"_mbp_banners":[],"_jetpack_feature_clip_id":0,"_jetpack_memberships_contains_paid_content":false,"footnotes":"","jetpack_publicize_message":"","jetpack_publicize_feature_enabled":true,"jetpack_social_post_already_shared":true,"jetpack_social_options":{"image_generator_settings":{"template":"highway","default_image_id":0,"font":"","enabled":false},"version":2},"jetpack_post_was_ever_published":false},"categories":[16],"tags":[],"class_list":["post-72060","post","type-post","status-publish","format-standard","has-post-thumbnail","category-local"],"jetpack_publicize_connections":[],"jetpack-related-posts":[],"jetpack_shortlink":"https:\/\/wp.me\/p7Eq1F-iKg","jetpack_sharing_enabled":true,"jetpack_featured_media_url":"https:\/\/i0.wp.com\/guialimeira.com.br\/news\/wp-content\/uploads\/2026\/07\/m_137_0_1_13072026145255.jpeg?fit=960%2C540&ssl=1","_links":{"self":[{"href":"https:\/\/guialimeira.com.br\/news\/wp-json\/wp\/v2\/posts\/72060","targetHints":{"allow":["GET"]}}],"collection":[{"href":"https:\/\/guialimeira.com.br\/news\/wp-json\/wp\/v2\/posts"}],"about":[{"href":"https:\/\/guialimeira.com.br\/news\/wp-json\/wp\/v2\/types\/post"}],"author":[{"embeddable":true,"href":"https:\/\/guialimeira.com.br\/news\/wp-json\/wp\/v2\/users\/1"}],"replies":[{"embeddable":true,"href":"https:\/\/guialimeira.com.br\/news\/wp-json\/wp\/v2\/comments?post=72060"}],"version-history":[{"count":0,"href":"https:\/\/guialimeira.com.br\/news\/wp-json\/wp\/v2\/posts\/72060\/revisions"}],"wp:featuredmedia":[{"embeddable":true,"href":"https:\/\/guialimeira.com.br\/news\/wp-json\/wp\/v2\/media\/72061"}],"wp:attachment":[{"href":"https:\/\/guialimeira.com.br\/news\/wp-json\/wp\/v2\/media?parent=72060"}],"wp:term":[{"taxonomy":"category","embeddable":true,"href":"https:\/\/guialimeira.com.br\/news\/wp-json\/wp\/v2\/categories?post=72060"},{"taxonomy":"post_tag","embeddable":true,"href":"https:\/\/guialimeira.com.br\/news\/wp-json\/wp\/v2\/tags?post=72060"}],"curies":[{"name":"wp","href":"https:\/\/api.w.org\/{rel}","templated":true}]}}