{"id":720,"date":"2024-04-02T12:27:45","date_gmt":"2024-04-02T15:27:45","guid":{"rendered":"https:\/\/guialimeira.com.br\/2024\/04\/02\/pacheco-cita-separacao-dos-poderes-e-exclui-reoneracao-dos-municipios\/"},"modified":"2024-04-02T12:27:45","modified_gmt":"2024-04-02T15:27:45","slug":"pacheco-cita-separacao-dos-poderes-e-exclui-reoneracao-dos-municipios","status":"publish","type":"post","link":"https:\/\/guialimeira.com.br\/news\/pacheco-cita-separacao-dos-poderes-e-exclui-reoneracao-dos-municipios\/","title":{"rendered":"Pacheco cita separa\u00e7\u00e3o dos Poderes e exclui reonera\u00e7\u00e3o dos munic\u00edpios"},"content":{"rendered":"<p> <br \/>\n<\/p>\n<div>\n<p>O presidente do Congresso Nacional, senador Rodrigo Pacheco (PSD-MG), citando o princ\u00edpio da separa\u00e7\u00e3o dos Poderes da Rep\u00fablica, excluiu a reonera\u00e7\u00e3o da folha de pagamento dos munic\u00edpios brasileiros do texto da\u00a0Medida Provis\u00f3ria (MP) 1.202\/2023. A decis\u00e3o foi tomada por Pacheco nessa segunda-feira (1\u00ba) ao prorrogar, por mais 60 dias, os efeitos da MP, mas com a derrubada da parte\u00a0que trata da reonera\u00e7\u00e3o de 8% para 20%.<img data-recalc-dims=\"1\" decoding=\"async\" src=\"https:\/\/i0.wp.com\/agenciabrasil.ebc.com.br\/ebc.png?w=696&#038;ssl=1\" style=\"width:1px; height:1px; display:inline;\"\/><img data-recalc-dims=\"1\" decoding=\"async\" src=\"https:\/\/i0.wp.com\/agenciabrasil.ebc.com.br\/ebc.gif?w=696&#038;ssl=1\" style=\"width:1px; height:1px; display:inline;\"\/><\/p>\n<p>O presidente do Congresso argumentou que \u201co poder de editar medidas provis\u00f3rias n\u00e3o pode ter o cond\u00e3o de frustrar prontamente uma decis\u00e3o tomada pelo Poder Legislativo\u201d, acrescentando que a MP estaria \u201cem evidente conflito com o princ\u00edpio da separa\u00e7\u00e3o dos Poderes\u201d.<\/p>\n<p>Editada no fim do ano passado, essa medida provis\u00f3ria, originalmente, pretendeu reonerar a folha de pagamento de 17 setores econ\u00f4micos, dos munic\u00edpios com at\u00e9 156 mil habitantes e tamb\u00e9m acabar com os incentivos tribut\u00e1rios do Programa Emergencial de Retomada do Setor de Eventos (Perse). O governo defendeu que a medida era necess\u00e1ria para<a href=\"https:\/\/agenciabrasil.ebc.com.br\/economia\/noticia\/2023-12\/haddad-anuncia-medidas-de-arrecadacao-com-reoneracao-gradual-da-folha\" target=\"_blank\" rel=\"noopener\"> cumprir a meta de d\u00e9ficit fiscal zero<\/a> prevista para 2024.\u00a0<\/p>\n<p>A edi\u00e7\u00e3o dessa MP gerou atritos com o Legislativo uma vez que o Congresso Nacional havia derrubado, poucos dias antes, o veto presidencial que tinha barrado a desonera\u00e7\u00e3o desses impostos dos munic\u00edpios e dos 17 setores econ\u00f4micos. Ap\u00f3s negocia\u00e7\u00f5es com os parlamentares, o <a href=\"https:\/\/agenciabrasil.ebc.com.br\/economia\/noticia\/2024-02\/lula-revoga-reoneracao-de-17-setores-da-economia\" target=\"_blank\" rel=\"noopener\">governo recuou e editou\u00a0nova MP<\/a>, em fevereiro deste ano, excluindo a reonera\u00e7\u00e3o dos 17 setores econ\u00f4micos, mas mantendo a dos munic\u00edpios e as mudan\u00e7as no Perse.\u00a0<\/p>\n<p>De acordo com Pacheco, pela regra da noventena &#8211; prazo de 90 dias para que uma lei de altera\u00e7\u00e3o de tributos passe a ter efeito, as prefeituras passariam a sofrer os efeitos da reonera\u00e7\u00e3o de impostos nesta ter\u00e7a-feira (2). Em vez dos atuais 8% de al\u00edquota de contribui\u00e7\u00e3o previdenci\u00e1ria sobre as folhas de pagamentos, passariam a arcar com 20% de al\u00edquota.<\/p>\n<p>Em nota encaminhada \u00e0 imprensa, Pacheco destacou que a discuss\u00e3o sobre o tema deve ser feita via projeto de lei, e n\u00e3o por medida provis\u00f3ria. Ao contr\u00e1rio do projeto de lei, a MP tem efeitos imediatos, apesar de precisar ser confirmada pela C\u00e2mara e pelo Senado em at\u00e9 120 dias.<\/p>\n<p>\u201cEstamos abertos \u00e0 discuss\u00e3o c\u00e9lere e ao melhor e mais justo modelo para o Brasil. Mas, de fato, uma MP n\u00e3o pode revogar uma lei promulgada no dia anterior, como se fosse mais um turno do processo legislativo. Isso garante previsibilidade e seguran\u00e7a jur\u00eddica para todos os envolvidos\u201d, completou Pacheco.<\/p>\n<\/p><\/div>\n<p><br \/>\n<br \/><a href=\"https:\/\/agenciabrasil.ebc.com.br\/politica\/noticia\/2024-04\/pacheco-cita-separacao-de-poderes-e-exclui-reoneracao-dos-municipios\" rel=\"noopener\">Ag\u00eancia Brasil<\/a><\/p>\n","protected":false},"excerpt":{"rendered":"<p>O presidente do Congresso Nacional, senador Rodrigo Pacheco (PSD-MG), citando o princ\u00edpio da separa\u00e7\u00e3o dos Poderes da Rep\u00fablica, excluiu a reonera\u00e7\u00e3o da folha de pagamento dos munic\u00edpios brasileiros do texto da\u00a0Medida Provis\u00f3ria (MP) 1.202\/2023. A decis\u00e3o foi tomada por Pacheco nessa segunda-feira (1\u00ba) ao prorrogar, por mais 60 dias, os efeitos da MP, mas com [&hellip;]<\/p>\n","protected":false},"author":1,"featured_media":721,"comment_status":"open","ping_status":"open","sticky":false,"template":"","format":"standard","meta":{"_jetpack_newsletter_access":"","_jetpack_dont_email_post_to_subs":false,"_jetpack_newsletter_tier_id":0,"_jetpack_memberships_contains_paywalled_content":false,"_mbp_banners":[],"_jetpack_feature_clip_id":0,"_jetpack_memberships_contains_paid_content":false,"footnotes":"","jetpack_publicize_message":"","jetpack_publicize_feature_enabled":true,"jetpack_social_post_already_shared":true,"jetpack_social_options":{"image_generator_settings":{"template":"highway","default_image_id":0,"font":"","enabled":false},"version":2},"jetpack_post_was_ever_published":false},"categories":[22],"tags":[],"class_list":["post-720","post","type-post","status-publish","format-standard","has-post-thumbnail","category-nacional"],"jetpack_publicize_connections":[],"jetpack-related-posts":[],"jetpack_shortlink":"https:\/\/wp.me\/p7Eq1F-bC","jetpack_sharing_enabled":true,"jetpack_featured_media_url":"https:\/\/i0.wp.com\/guialimeira.com.br\/news\/wp-content\/uploads\/2024\/04\/lula5284.jpg?fit=1600%2C800&ssl=1","_links":{"self":[{"href":"https:\/\/guialimeira.com.br\/news\/wp-json\/wp\/v2\/posts\/720","targetHints":{"allow":["GET"]}}],"collection":[{"href":"https:\/\/guialimeira.com.br\/news\/wp-json\/wp\/v2\/posts"}],"about":[{"href":"https:\/\/guialimeira.com.br\/news\/wp-json\/wp\/v2\/types\/post"}],"author":[{"embeddable":true,"href":"https:\/\/guialimeira.com.br\/news\/wp-json\/wp\/v2\/users\/1"}],"replies":[{"embeddable":true,"href":"https:\/\/guialimeira.com.br\/news\/wp-json\/wp\/v2\/comments?post=720"}],"version-history":[{"count":0,"href":"https:\/\/guialimeira.com.br\/news\/wp-json\/wp\/v2\/posts\/720\/revisions"}],"wp:featuredmedia":[{"embeddable":true,"href":"https:\/\/guialimeira.com.br\/news\/wp-json\/wp\/v2\/media\/721"}],"wp:attachment":[{"href":"https:\/\/guialimeira.com.br\/news\/wp-json\/wp\/v2\/media?parent=720"}],"wp:term":[{"taxonomy":"category","embeddable":true,"href":"https:\/\/guialimeira.com.br\/news\/wp-json\/wp\/v2\/categories?post=720"},{"taxonomy":"post_tag","embeddable":true,"href":"https:\/\/guialimeira.com.br\/news\/wp-json\/wp\/v2\/tags?post=720"}],"curies":[{"name":"wp","href":"https:\/\/api.w.org\/{rel}","templated":true}]}}