{"id":7190,"date":"2024-06-01T20:13:50","date_gmt":"2024-06-01T23:13:50","guid":{"rendered":"https:\/\/guialimeira.com.br\/2024\/06\/01\/renovada-selecao-feminina-goleia-jamaica-na-arena-pernambuco\/"},"modified":"2024-06-01T20:13:50","modified_gmt":"2024-06-01T23:13:50","slug":"renovada-selecao-feminina-goleia-jamaica-na-arena-pernambuco","status":"publish","type":"post","link":"https:\/\/guialimeira.com.br\/news\/renovada-selecao-feminina-goleia-jamaica-na-arena-pernambuco\/","title":{"rendered":"Renovada, sele\u00e7\u00e3o feminina goleia Jamaica na Arena Pernambuco"},"content":{"rendered":"<p> <br \/>\n<\/p>\n<div>\n<p>A renovada sele\u00e7\u00e3o brasileira feminina de futebol goleou a Jamaica por 4 a 0 e virou a p\u00e1gina da elimina\u00e7\u00e3o precoce na primeira fase da Copa do Mundo no ano passado. A chuva de gols na Arena Pernambuco, em Recife, come\u00e7ou com um gola\u00e7o da lateral Adriana, depois teve gol contra da zagueira Swaby e coube \u00e0 atacante Marta levar os mais de 28\u00a0mil torcedores \u00e0 loucura ao marcar duas vezes na etapa final, selando o triunfo brasileiro com gosto de revanche. Em 2023, \u00a0a sele\u00e7\u00e3o deu adeus ao Mundial ap\u00f3s 0 a 0 com as jamaicanas, na \u00faltima rodada da fase inicial.<img data-recalc-dims=\"1\" decoding=\"async\" src=\"https:\/\/i0.wp.com\/agenciabrasil.ebc.com.br\/ebc.png?w=696&#038;ssl=1\" style=\"width:1px; height:1px; display:inline;\"\/><img data-recalc-dims=\"1\" decoding=\"async\" src=\"https:\/\/i0.wp.com\/agenciabrasil.ebc.com.br\/ebc.gif?w=696&#038;ssl=1\" style=\"width:1px; height:1px; display:inline;\"\/><\/p>\n<blockquote class=\"twitter-tweet\">\n<p dir=\"ltr\" lang=\"pt\" xml:lang=\"pt\">FIM DE JOGO COM VIT\u00d3RIA DO BRASIL!<\/p>\n<p>Que dia espetacular! Casa cheia e um grande jogo da nossa Sele\u00e7\u00e3o! Valeu, meninas! \ud83d\udc9a\ud83d\udc9b <a href=\"https:\/\/t.co\/gRIj2pANnG\">pic.twitter.com\/gRIj2pANnG<\/a><\/p>\n<p>\u2014 Sele\u00e7\u00e3o Feminina de Futebol (@SelecaoFeminina) <a href=\"https:\/\/twitter.com\/SelecaoFeminina\/status\/1797025044511465812?ref_src=twsrc%5Etfw\" rel=\"noopener\">June 1, 2024<\/a><\/p><\/blockquote>\n<p>A sele\u00e7\u00e3o, comandada pelo t\u00e9cnico Arthur Elias\u00a0volta a campo contra as jamaicas na pr\u00f3xima ter\u00e7a-feira (4), \u00e0s 20h (hor\u00e1rio de Bras\u00edlia), na Arena Fonte Nova, em Salvador. O duelo ser\u00e1 o \u00faltimo antes da defini\u00e7\u00e3o da lista de convocadas \u00e0 Olimp\u00edada de Paris. Assim como neste s\u00e1bado (1\u00ba) a partida tamb\u00e9m ter\u00e1 ter\u00e1 transmiss\u00e3o ao vivo da\u00a0<strong>TV Brasil.\u00a0<\/strong><\/p>\n<p>Ap\u00f3s o &#8220;chocolate&#8221; em campo, Marta comemorou o resultado e apoio da torcida pernambucana. A atacante\u00a0revelou que segue brigando para estar\u00a0na lista final\u00a0de Athur Elias para Paris 2024.<\/p>\n<p>&#8220;Acho que isso \u00e9 primordial. Se n\u00e3o tiver esse sentimento, essa emo\u00e7\u00e3o em cada partida, principalmente vestindo a camisa amarelinha, \u00e9 melhor n\u00e3o jogar, \u00e9 melhor parar. Eu sinto tudo isso, principalmente aqui no Nordeste onde as pessoas s\u00e3o muito calorosas. Desde o primeiro dia sentimos isso e gra\u00e7as a Deus deu tudo certo, o time se imp\u00f4s do come\u00e7o ao fim e essa \u00e9 a mentalidade e a postura que vamos amadurecer. S\u00f3 tenho a agradecer essa noite fant\u00e1stica&#8221;, disse Marta. &#8220;Estou num grupo muito especial de meninas super inteligentes e talentosas e isso faz que a gente tenha essa mentalidade de dar nosso melhor a cada dia. E a gente est\u00e1 fazendo isso para estar preparada para Paris&#8221;.<\/p>\n<blockquote class=\"twitter-tweet\">\n<p dir=\"ltr\" lang=\"pt\" xml:lang=\"pt\">1\u00b0 TEMPO &#8211; 25 min: GOOOOOOOOOOOOOOOOOOOOOOOOOOOOOOOOOOOOOOOOOOOOOOOOOOOOOOOOOOOOOOOL DO BRASIL!<\/p>\n<p>QUE GOLA\u00c7O DA ADRIANA! A NOSSA CAMISA 9 ACERTA UM LINDO CHUTE E ABRE O PLACAR!<\/p>\n<p>\ud83c\udde7\ud83c\uddf7 1&#215;0 \ud83c\uddef\ud83c\uddf2 | <a href=\"https:\/\/twitter.com\/hashtag\/GuerreirasDoBrasil?src=hash&amp;ref_src=twsrc%5Etfw\" rel=\"noopener\">#GuerreirasDoBrasil<\/a> <a href=\"https:\/\/twitter.com\/hashtag\/BRAxJAM?src=hash&amp;ref_src=twsrc%5Etfw\" rel=\"noopener\">#BRAxJAM<\/a> <a href=\"https:\/\/t.co\/11embBikfG\">pic.twitter.com\/11embBikfG<\/a><\/p>\n<p>\u2014 Sele\u00e7\u00e3o Feminina de Futebol (@SelecaoFeminina) <a href=\"https:\/\/twitter.com\/SelecaoFeminina\/status\/1797002124074570107?ref_src=twsrc%5Etfw\" rel=\"noopener\">June 1, 2024<\/a><\/p><\/blockquote>\n<p>O Brasil controlou o jogo no primeiro tempo, com 70% de dom\u00ednio da posse de bola. Bem entrosadas, as brasileiras marcaram as advers\u00e1rias na sa\u00edda de bola e foram mais criativas. A primeira a balan\u00e7ar a rede foi a lateral-direita Adriana. Aos 25 minutos, ap\u00f3s passe de Yay\u00e1, ela se livrou da marca\u00e7\u00e3o e desferiu um chute certeiro no \u00e2ngulo, sem chance para a goleira Spencer. Depois, ao 38 minutos, em ataque de Ludmila dentro da pequena \u00e1rea, a bola rebateu na zagueira Chantelle Swaby, que marcou contra.<\/p>\n<p>Na etapa final, o ritmo da sele\u00e7\u00e3o foi ainda mais intenso. J\u00e1 aos oito minutos, a torcida comemorou gol de cabe\u00e7a de Yaya, que seria o terceiro, mas logo em seguida ele foi anulado, devido \u00e0 fata de Ludmila na zagueira Swab. A sele\u00e7\u00e3o foi enfileirando chances reais de gol. Ao 15 minutos, Adriana disparou pela esquerda e rolou para Marta que deperdi\u00e7ou. Na sequ\u00eancia, aos 17, Ludemila mandou uma bomba, mas a goleira Spencer defendeu com o p\u00e9. A blitz brasileira continuou. Aos 18 minutos, Adriana rolou para Marta chutar de canhota e acetar o fundo da rede, para del\u00edrio da torcida. Antes do fim, a Rainha mandou um torpedo de fora da \u00e1rea e fechou a goleada, para festa nas arquibancadas.<\/p>\n<p>\u00a0<\/p>\n<\/p><\/div>\n<p><script async src=\"\/\/platform.twitter.com\/widgets.js\" charset=\"utf-8\"><\/script><br \/>\n<br \/><br \/>\n<br \/><a href=\"https:\/\/agenciabrasil.ebc.com.br\/esportes\/noticia\/2024-06\/renovada-selecao-feminina-goleia-jamaica-na-arena-pernambuco\" rel=\"noopener\">Ag\u00eancia Brasil<\/a><\/p>\n","protected":false},"excerpt":{"rendered":"<p>A renovada sele\u00e7\u00e3o brasileira feminina de futebol goleou a Jamaica por 4 a 0 e virou a p\u00e1gina da elimina\u00e7\u00e3o precoce na primeira fase da Copa do Mundo no ano passado. A chuva de gols na Arena Pernambuco, em Recife, come\u00e7ou com um gola\u00e7o da lateral Adriana, depois teve gol contra da zagueira Swaby e [&hellip;]<\/p>\n","protected":false},"author":1,"featured_media":7191,"comment_status":"open","ping_status":"open","sticky":false,"template":"","format":"standard","meta":{"_jetpack_newsletter_access":"","_jetpack_dont_email_post_to_subs":false,"_jetpack_newsletter_tier_id":0,"_jetpack_memberships_contains_paywalled_content":false,"_mbp_banners":[],"_jetpack_feature_clip_id":0,"_jetpack_memberships_contains_paid_content":false,"footnotes":"","jetpack_publicize_message":"","jetpack_publicize_feature_enabled":true,"jetpack_social_post_already_shared":true,"jetpack_social_options":{"image_generator_settings":{"template":"highway","default_image_id":0,"font":"","enabled":false},"version":2},"jetpack_post_was_ever_published":false},"categories":[23],"tags":[],"class_list":["post-7190","post","type-post","status-publish","format-standard","has-post-thumbnail","category-esportes"],"jetpack_publicize_connections":[],"jetpack-related-posts":[],"jetpack_shortlink":"https:\/\/wp.me\/p7Eq1F-1RY","jetpack_sharing_enabled":true,"jetpack_featured_media_url":"https:\/\/i0.wp.com\/guialimeira.com.br\/news\/wp-content\/uploads\/2024\/06\/selecao_fem_goleia_jamaica_recife.jpg?fit=1600%2C800&ssl=1","_links":{"self":[{"href":"https:\/\/guialimeira.com.br\/news\/wp-json\/wp\/v2\/posts\/7190","targetHints":{"allow":["GET"]}}],"collection":[{"href":"https:\/\/guialimeira.com.br\/news\/wp-json\/wp\/v2\/posts"}],"about":[{"href":"https:\/\/guialimeira.com.br\/news\/wp-json\/wp\/v2\/types\/post"}],"author":[{"embeddable":true,"href":"https:\/\/guialimeira.com.br\/news\/wp-json\/wp\/v2\/users\/1"}],"replies":[{"embeddable":true,"href":"https:\/\/guialimeira.com.br\/news\/wp-json\/wp\/v2\/comments?post=7190"}],"version-history":[{"count":0,"href":"https:\/\/guialimeira.com.br\/news\/wp-json\/wp\/v2\/posts\/7190\/revisions"}],"wp:featuredmedia":[{"embeddable":true,"href":"https:\/\/guialimeira.com.br\/news\/wp-json\/wp\/v2\/media\/7191"}],"wp:attachment":[{"href":"https:\/\/guialimeira.com.br\/news\/wp-json\/wp\/v2\/media?parent=7190"}],"wp:term":[{"taxonomy":"category","embeddable":true,"href":"https:\/\/guialimeira.com.br\/news\/wp-json\/wp\/v2\/categories?post=7190"},{"taxonomy":"post_tag","embeddable":true,"href":"https:\/\/guialimeira.com.br\/news\/wp-json\/wp\/v2\/tags?post=7190"}],"curies":[{"name":"wp","href":"https:\/\/api.w.org\/{rel}","templated":true}]}}