{"id":71808,"date":"2026-07-09T10:49:36","date_gmt":"2026-07-09T13:49:36","guid":{"rendered":"https:\/\/guialimeira.com.br\/?p=71808"},"modified":"2026-07-09T10:49:39","modified_gmt":"2026-07-09T13:49:39","slug":"prefeitura-de-limeira-convoca-candidatos-aprovados-nos-concursos-publicos-de-monitor-e-psicologo","status":"publish","type":"post","link":"https:\/\/guialimeira.com.br\/news\/prefeitura-de-limeira-convoca-candidatos-aprovados-nos-concursos-publicos-de-monitor-e-psicologo\/","title":{"rendered":"Prefeitura de Limeira convoca candidatos aprovados nos concursos p\u00fablicos de Monitor e Psic\u00f3logo"},"content":{"rendered":"\n<p class=\"wp-block-paragraph\">A Prefeitura de Limeira publicou nesta quinta-feira (9) um novo <strong>Edital de Convoca\u00e7\u00e3o<\/strong> destinado a candidatos aprovados em concursos p\u00fablicos para os cargos de <strong>Monitor<\/strong> e <strong>Psic\u00f3logo<\/strong>. A convoca\u00e7\u00e3o foi divulgada pelo Departamento de Gest\u00e3o de Pessoas da Secretaria Municipal de Administra\u00e7\u00e3o e faz parte do processo de ingresso de novos servidores no quadro da administra\u00e7\u00e3o municipal.<\/p>\n\n\n\n<h2 class=\"wp-block-heading\">Candidatos devem providenciar a documenta\u00e7\u00e3o para posse<\/h2>\n\n\n\n<p class=\"wp-block-paragraph\">De acordo com o edital, os candidatos convocados precisam acessar a <strong>\u00c1rea do Servidor<\/strong> no portal da Prefeitura de Limeira para consultar a rela\u00e7\u00e3o completa de documentos exigidos para a posse, al\u00e9m da ficha cadastral e das declara\u00e7\u00f5es obrigat\u00f3rias.<\/p>\n\n\n\n<p class=\"wp-block-paragraph\">O prazo para posse \u00e9 de <strong>30 dias<\/strong>, contados a partir da data da nomea\u00e7\u00e3o. O cumprimento desse prazo \u00e9 essencial para garantir a efetiva\u00e7\u00e3o no cargo p\u00fablico.<\/p>\n\n\n\n<h2 class=\"wp-block-heading\">Convocados para o cargo de Monitor<\/h2>\n\n\n\n<p class=\"wp-block-paragraph\">A convoca\u00e7\u00e3o contempla candidatos aprovados no <strong>Concurso P\u00fablico n\u00ba 01\/2023<\/strong> para o cargo de Monitor, incluindo vagas da ampla concorr\u00eancia e reserva destinada a candidatos afro-brasileiros.<\/p>\n\n\n\n<p class=\"wp-block-paragraph\">Foram convocados:<\/p>\n\n\n\n<ul class=\"wp-block-list\">\n<li>Paula Let\u00edcia Basso<\/li>\n\n\n\n<li>Gemima Graziela da Silva<\/li>\n\n\n\n<li>Paula Fernanda Rodrigues Santos (candidata afro-brasileira)<\/li>\n<\/ul>\n\n\n\n<p class=\"wp-block-paragraph\">Os profissionais atuar\u00e3o na Secretaria de Educa\u00e7\u00e3o, conforme previsto no edital oficial.<\/p>\n\n\n\n<h2 class=\"wp-block-heading\">Convocados para o cargo de Psic\u00f3logo<\/h2>\n\n\n\n<p class=\"wp-block-paragraph\">Tamb\u00e9m foram chamados candidatos aprovados para o cargo de Psic\u00f3logo, destinados \u00e0 Secretaria de Promo\u00e7\u00e3o Social (SEPROSOM).<\/p>\n\n\n\n<p class=\"wp-block-paragraph\">Os convocados s\u00e3o:<\/p>\n\n\n\n<ul class=\"wp-block-list\">\n<li>Daiane Araujo de Arruda<\/li>\n\n\n\n<li>Ulian Parada Fabian<\/li>\n<\/ul>\n\n\n\n<p class=\"wp-block-paragraph\">A convoca\u00e7\u00e3o integra o processo de refor\u00e7o das equipes respons\u00e1veis pelo atendimento \u00e0 popula\u00e7\u00e3o nos servi\u00e7os municipais.<\/p>\n\n\n\n<h2 class=\"wp-block-heading\">Como consultar a documenta\u00e7\u00e3o<\/h2>\n\n\n\n<p class=\"wp-block-paragraph\">Os candidatos devem acessar a <strong>\u00c1rea do Servidor<\/strong> no site oficial da Prefeitura de Limeira e seguir o caminho:<\/p>\n\n\n\n<p class=\"wp-block-paragraph\"><strong>Carreira \u2192 Ingresso no Servi\u00e7o P\u00fablico<\/strong><\/p>\n\n\n\n<p class=\"wp-block-paragraph\">Nesse ambiente est\u00e3o dispon\u00edveis:<\/p>\n\n\n\n<ul class=\"wp-block-list\">\n<li>Rela\u00e7\u00e3o de documentos para posse;<\/li>\n\n\n\n<li>Ficha cadastral;<\/li>\n\n\n\n<li>Declara\u00e7\u00f5es obrigat\u00f3rias;<\/li>\n\n\n\n<li>Demais orienta\u00e7\u00f5es para conclus\u00e3o do processo de ingresso no servi\u00e7o p\u00fablico.<\/li>\n<\/ul>\n\n\n\n<h2 class=\"wp-block-heading\">Pr\u00f3ximos passos<\/h2>\n\n\n\n<p class=\"wp-block-paragraph\">A convoca\u00e7\u00e3o representa mais uma etapa do processo de nomea\u00e7\u00e3o dos aprovados nos concursos p\u00fablicos do munic\u00edpio. Os candidatos devem ficar atentos aos prazos e providenciar toda a documenta\u00e7\u00e3o exigida para evitar o cancelamento da nomea\u00e7\u00e3o.<\/p>\n\n\n\n<p class=\"wp-block-paragraph\">O edital \u00e9 assinado pelo diretor de Gest\u00e3o de Pessoas, Michel Azevedo Araujo, e foi publicado na edi\u00e7\u00e3o n\u00ba 7280 do Jornal Oficial do Munic\u00edpio de Limeira, em 9 de julho de 2026.<\/p>\n\n\n\n<p class=\"wp-block-paragraph\"><\/p>\n","protected":false},"excerpt":{"rendered":"<p>A Prefeitura de Limeira publicou nesta quinta-feira (9) um novo Edital de Convoca\u00e7\u00e3o destinado a candidatos aprovados em concursos p\u00fablicos para os cargos de Monitor e Psic\u00f3logo. A convoca\u00e7\u00e3o foi divulgada pelo Departamento de Gest\u00e3o de Pessoas da Secretaria Municipal de Administra\u00e7\u00e3o e faz parte do processo de ingresso de novos servidores no quadro da [&hellip;]<\/p>\n","protected":false},"author":1,"featured_media":71809,"comment_status":"closed","ping_status":"open","sticky":false,"template":"","format":"standard","meta":{"_jetpack_newsletter_access":"","_jetpack_dont_email_post_to_subs":false,"_jetpack_newsletter_tier_id":0,"_jetpack_memberships_contains_paywalled_content":false,"_mbp_banners":[],"_jetpack_feature_clip_id":0,"_jetpack_memberships_contains_paid_content":false,"footnotes":"","jetpack_publicize_message":"","jetpack_publicize_feature_enabled":true,"jetpack_social_post_already_shared":true,"jetpack_social_options":{"image_generator_settings":{"template":"highway","default_image_id":0,"font":"","enabled":false},"version":2},"jetpack_post_was_ever_published":false},"categories":[16],"tags":[],"class_list":["post-71808","post","type-post","status-publish","format-standard","has-post-thumbnail","category-local"],"jetpack_publicize_connections":[],"jetpack-related-posts":[],"jetpack_shortlink":"https:\/\/wp.me\/p7Eq1F-iGc","jetpack_sharing_enabled":true,"jetpack_featured_media_url":"https:\/\/i0.wp.com\/guialimeira.com.br\/news\/wp-content\/uploads\/2026\/07\/prefeitura-limeira-img.png?fit=1536%2C1024&ssl=1","_links":{"self":[{"href":"https:\/\/guialimeira.com.br\/news\/wp-json\/wp\/v2\/posts\/71808","targetHints":{"allow":["GET"]}}],"collection":[{"href":"https:\/\/guialimeira.com.br\/news\/wp-json\/wp\/v2\/posts"}],"about":[{"href":"https:\/\/guialimeira.com.br\/news\/wp-json\/wp\/v2\/types\/post"}],"author":[{"embeddable":true,"href":"https:\/\/guialimeira.com.br\/news\/wp-json\/wp\/v2\/users\/1"}],"replies":[{"embeddable":true,"href":"https:\/\/guialimeira.com.br\/news\/wp-json\/wp\/v2\/comments?post=71808"}],"version-history":[{"count":1,"href":"https:\/\/guialimeira.com.br\/news\/wp-json\/wp\/v2\/posts\/71808\/revisions"}],"predecessor-version":[{"id":71810,"href":"https:\/\/guialimeira.com.br\/news\/wp-json\/wp\/v2\/posts\/71808\/revisions\/71810"}],"wp:featuredmedia":[{"embeddable":true,"href":"https:\/\/guialimeira.com.br\/news\/wp-json\/wp\/v2\/media\/71809"}],"wp:attachment":[{"href":"https:\/\/guialimeira.com.br\/news\/wp-json\/wp\/v2\/media?parent=71808"}],"wp:term":[{"taxonomy":"category","embeddable":true,"href":"https:\/\/guialimeira.com.br\/news\/wp-json\/wp\/v2\/categories?post=71808"},{"taxonomy":"post_tag","embeddable":true,"href":"https:\/\/guialimeira.com.br\/news\/wp-json\/wp\/v2\/tags?post=71808"}],"curies":[{"name":"wp","href":"https:\/\/api.w.org\/{rel}","templated":true}]}}