{"id":71765,"date":"2026-07-08T17:53:16","date_gmt":"2026-07-08T20:53:16","guid":{"rendered":"https:\/\/guialimeira.com.br\/festa-julina-unificada-promove-inclusao-e-integracao-na-antiga-estacao-ferroviaria-de-limeira\/"},"modified":"2026-07-08T17:53:16","modified_gmt":"2026-07-08T20:53:16","slug":"festa-julina-unificada-promove-inclusao-e-integracao-na-antiga-estacao-ferroviaria-de-limeira","status":"publish","type":"post","link":"https:\/\/guialimeira.com.br\/news\/festa-julina-unificada-promove-inclusao-e-integracao-na-antiga-estacao-ferroviaria-de-limeira\/","title":{"rendered":"Festa Julina unificada promove inclus\u00e3o e integra\u00e7\u00e3o na Antiga Esta\u00e7\u00e3o Ferrovi\u00e1ria de Limeira"},"content":{"rendered":"<p> <br \/>\n<\/p>\n<div>\n                <main class=\"\">&#13;<br \/>\n                    &#13;<br \/>\n&#13;<br \/>\n&#13;<br \/>\n&#13;<br \/>\n&#13;<br \/>\n&#13;<br \/>\n    <img data-recalc-dims=\"1\" decoding=\"async\" src=\"https:\/\/i0.wp.com\/ecrie.com.br\/sistema\/conteudos\/imagem\/m_137_0_1_08072026173713.jpg?w=696&#038;ssl=1\" alt=\"Festa Julina unificada promove inclus\u00e3o e integra\u00e7\u00e3o na Antiga Esta\u00e7\u00e3o Ferrovi\u00e1ria de Limeira\"\/>&#13;<br \/>\n&#13;<br \/>\n&#13;<\/p>\n<p>\u00a0<\/p>\n<p>&#13;<\/p>\n<p style=\"text-align: justify;\">A plataforma da antiga Esta\u00e7\u00e3o Ferrovi\u00e1ria reviveu, nesta quarta-feira (8), o movimento que marcou sua hist\u00f3ria. Em vez do embarque e desembarque de passageiros, o espa\u00e7o recebeu a Festa Julina Unificada, que aproximou pessoas de diferentes servi\u00e7os da Prefeitura de Limeira em um momento de conviv\u00eancia, integra\u00e7\u00e3o e inclus\u00e3o.<\/p>\n<p>&#13;<\/p>\n<p style=\"text-align: justify;\">Promovido pelo Caps II e pelo Caps Infantojuvenil (IJ), o evento envolveu pessoas atendidas pela Resid\u00eancia Terap\u00eautica, Resid\u00eancia Inclusiva, Casa de Conviv\u00eancia e pelo Casepafe, organiza\u00e7\u00e3o da sociedade civil respons\u00e1vel por servi\u00e7os de acolhimento e prote\u00e7\u00e3o de crian\u00e7as e adolescentes. Com apoio das secretarias de Cultura e de Promo\u00e7\u00e3o Social (Seprosom), o evento refor\u00e7ou a import\u00e2ncia da atua\u00e7\u00e3o intersetorial e da parceria entre diferentes \u00e1reas da administra\u00e7\u00e3o municipal. <\/p>\n<p>Daiana Paula Voigt Garcia, de 48 anos, m\u00e3e de uma adolescente de 13 anos acompanhada h\u00e1 um ano pelo Caps Infantojuvenil (IJ), relatou que o atendimento trouxe avan\u00e7os significativos para a filha, especialmente na socializa\u00e7\u00e3o. &#8220;Ela mudou bastante, j\u00e1 se relaciona muito melhor comigo e se comunica mais.&#8221; Daiana tamb\u00e9m destacou a import\u00e2ncia da Festa Julina Unificada como uma importante oportunidade de socializa\u00e7\u00e3o e conviv\u00eancia.<\/p>\n<p>&#13;<\/p>\n<p style=\"text-align: justify;\">Programa\u00e7\u00e3o<\/p>\n<p>&#13;<\/p>\n<p style=\"text-align: justify;\">Al\u00e9m de comidas t\u00edpicas, como pipoca, cuscuz, arroz-doce e algod\u00e3o-doce, a festa contou com pescaria para as crian\u00e7as, bingo para adolescentes e adultos, bazar e decora\u00e7\u00e3o com bandeirinhas, criando um ambiente acolhedor.<\/p>\n<p>&#13;<\/p>\n<p style=\"text-align: justify;\">A coordenadora do Caps II, Ariana Val\u00e9rio da Cunha de Souza, destacou que a Festa Julina Unificada vai al\u00e9m da celebra\u00e7\u00e3o das tradi\u00e7\u00f5es t\u00edpicas. Segundo ela, a iniciativa fortalece o v\u00ednculo entre usu\u00e1rios, familiares e profissionais, promove a inclus\u00e3o social e evidencia a import\u00e2ncia da parceria entre as \u00e1reas da Sa\u00fade e da Cultura.<\/p>\n<p>&#13;<\/p>\n<p style=\"text-align: justify;\">&#8220;A escolha da Antiga Esta\u00e7\u00e3o Ferrovi\u00e1ria refor\u00e7a o prop\u00f3sito de aproximar as pessoas atendidas dos bens hist\u00f3rico-culturais da cidade. \u00c9 muito importante que elas estejam inseridas na sociedade e tenham acesso \u00e0 cultura. Essa parceria fortalece o envolvimento, amplia as possibilidades de conviv\u00eancia e contribui para o processo de reabilita\u00e7\u00e3o psicossocial&#8221;, afirmou.<\/p>\n<p>&#13;<br \/>\n&#13;<br \/>\n&#13;<br \/>\n&#13;<br \/>\n&#13;<\/p>\n<article class=\"conteudo-relacionado no-print\">&#13;<br \/>\n        &#13;<br \/>\n&#13;<br \/>\n        &#13;<br \/>\n    <\/article>\n<p>&#13;<br \/>\n&#13;<br \/>\n                <\/main><\/p><\/div>\n<p><br \/>\n<br \/><a href=\"https:\/\/limeira.sp.gov.br\/festa-julina-unificada-promove-inclusao-e-integracao-na-antiga-estacao-ferroviaria-de-limeira\" rel=\"noopener\">Informa\u00e7\u00f5es da PML <\/a><\/p>\n","protected":false},"excerpt":{"rendered":"<p>&#13; &#13; &#13; &#13; &#13; &#13; &#13; &#13; &#13; &#13; \u00a0 &#13; A plataforma da antiga Esta\u00e7\u00e3o Ferrovi\u00e1ria reviveu, nesta quarta-feira (8), o movimento que marcou sua hist\u00f3ria. Em vez do embarque e desembarque de passageiros, o espa\u00e7o recebeu a Festa Julina Unificada, que aproximou pessoas de diferentes servi\u00e7os da Prefeitura de Limeira em um [&hellip;]<\/p>\n","protected":false},"author":1,"featured_media":71766,"comment_status":"","ping_status":"open","sticky":false,"template":"","format":"standard","meta":{"_jetpack_newsletter_access":"","_jetpack_dont_email_post_to_subs":false,"_jetpack_newsletter_tier_id":0,"_jetpack_memberships_contains_paywalled_content":false,"_mbp_banners":[],"_jetpack_feature_clip_id":0,"_jetpack_memberships_contains_paid_content":false,"footnotes":"","jetpack_publicize_message":"","jetpack_publicize_feature_enabled":true,"jetpack_social_post_already_shared":true,"jetpack_social_options":{"image_generator_settings":{"template":"highway","default_image_id":0,"font":"","enabled":false},"version":2},"jetpack_post_was_ever_published":false},"categories":[16],"tags":[],"class_list":["post-71765","post","type-post","status-publish","format-standard","has-post-thumbnail","category-local"],"jetpack_publicize_connections":[],"jetpack-related-posts":[],"jetpack_shortlink":"https:\/\/wp.me\/p7Eq1F-iFv","jetpack_sharing_enabled":true,"jetpack_featured_media_url":"https:\/\/i0.wp.com\/guialimeira.com.br\/news\/wp-content\/uploads\/2026\/07\/m_137_0_1_08072026173713.jpg?fit=1024%2C576&ssl=1","_links":{"self":[{"href":"https:\/\/guialimeira.com.br\/news\/wp-json\/wp\/v2\/posts\/71765","targetHints":{"allow":["GET"]}}],"collection":[{"href":"https:\/\/guialimeira.com.br\/news\/wp-json\/wp\/v2\/posts"}],"about":[{"href":"https:\/\/guialimeira.com.br\/news\/wp-json\/wp\/v2\/types\/post"}],"author":[{"embeddable":true,"href":"https:\/\/guialimeira.com.br\/news\/wp-json\/wp\/v2\/users\/1"}],"replies":[{"embeddable":true,"href":"https:\/\/guialimeira.com.br\/news\/wp-json\/wp\/v2\/comments?post=71765"}],"version-history":[{"count":0,"href":"https:\/\/guialimeira.com.br\/news\/wp-json\/wp\/v2\/posts\/71765\/revisions"}],"wp:featuredmedia":[{"embeddable":true,"href":"https:\/\/guialimeira.com.br\/news\/wp-json\/wp\/v2\/media\/71766"}],"wp:attachment":[{"href":"https:\/\/guialimeira.com.br\/news\/wp-json\/wp\/v2\/media?parent=71765"}],"wp:term":[{"taxonomy":"category","embeddable":true,"href":"https:\/\/guialimeira.com.br\/news\/wp-json\/wp\/v2\/categories?post=71765"},{"taxonomy":"post_tag","embeddable":true,"href":"https:\/\/guialimeira.com.br\/news\/wp-json\/wp\/v2\/tags?post=71765"}],"curies":[{"name":"wp","href":"https:\/\/api.w.org\/{rel}","templated":true}]}}