{"id":71735,"date":"2026-07-08T15:15:56","date_gmt":"2026-07-08T18:15:56","guid":{"rendered":"https:\/\/guialimeira.com.br\/limeira-realiza-nova-audiencia-publica-sobre-igualdade-racial\/"},"modified":"2026-07-08T15:15:56","modified_gmt":"2026-07-08T18:15:56","slug":"limeira-realiza-nova-audiencia-publica-sobre-igualdade-racial","status":"publish","type":"post","link":"https:\/\/guialimeira.com.br\/news\/limeira-realiza-nova-audiencia-publica-sobre-igualdade-racial\/","title":{"rendered":"Limeira realiza nova audi\u00eancia p\u00fablica sobre igualdade racial"},"content":{"rendered":"<p> <br \/>\n<\/p>\n<div>\n                <main class=\"\">&#13;<br \/>\n                    &#13;<br \/>\n&#13;<br \/>\n&#13;<br \/>\n&#13;<br \/>\n&#13;<br \/>\n&#13;<br \/>\n    <img data-recalc-dims=\"1\" decoding=\"async\" src=\"https:\/\/i0.wp.com\/ecrie.com.br\/sistema\/conteudos\/imagem\/m_137_0_1_08072026151048.jpg?w=696&#038;ssl=1\" alt=\"Limeira realiza nova audi\u00eancia p\u00fablica sobre igualdade racial\"\/>&#13;<br \/>\n&#13;<br \/>\n&#13;<\/p>\n<p>A Prefeitura de Limeira, por meio do Departamento de Promo\u00e7\u00e3o da Igualdade Racial (DPIR) da Secretaria de Cultura, definiu a data para a continuidade da audi\u00eancia p\u00fablica voltada \u00e0 apresenta\u00e7\u00e3o e discuss\u00e3o do Plano Municipal de Igualdade Racial. O novo encontro acontecer\u00e1 na pr\u00f3xima ter\u00e7a-feira (14), \u00e0s 18h, no anfiteatro da Biblioteca Municipal Professor Jo\u00e3o de Sousa Ferraz, localizada no Parque Cidade.<\/p>\n<p>&#13;<\/p>\n<p>A nova agenda foi estabelecida para garantir a conclus\u00e3o dos trabalhos iniciados na primeira audi\u00eancia p\u00fablica, realizada na \u00faltima ter\u00e7a-feira (7). Devido \u00e0 relev\u00e2ncia da pauta, \u00e0 expressiva presen\u00e7a de lideran\u00e7as locais e ao grande engajamento demonstrado pelas diferentes frentes que compareceram ao encontro, o cronograma foi estendido para que haja tempo h\u00e1bil para o encerramento e a valida\u00e7\u00e3o de todo o documento estrat\u00e9gico.<\/p>\n<p>&#13;<\/p>\n<p>O projeto b\u00e1sico vem sendo constru\u00eddo de forma integrada com representantes do poder p\u00fablico e da sociedade civil, incluindo contribui\u00e7\u00f5es do Conselho Municipal dos Interesses do Cidad\u00e3o Negro (Comicin), do Gr\u00eamio Recreativo Limeirense, de integrantes de movimentos sociais e sugest\u00f5es enviadas por formul\u00e1rios digitais. Nesta nova sess\u00e3o, a comunidade ter\u00e1 o espa\u00e7o necess\u00e1rio para dar sequ\u00eancia \u00e0 an\u00e1lise detalhada e ao debate das diretrizes que compor\u00e3o o texto final.<\/p>\n<p>&#13;<\/p>\n<p>A diretora do DPIR, Ana Lu\u00edsa de Luca Hebling, ressaltou a import\u00e2ncia de estender o cronograma para assegurar a escuta qualificada de todos os setores. &#8220;A audi\u00eancia que realizamos foi muito importante e trouxe um debate intenso, respeitoso e democr\u00e1tico. A constru\u00e7\u00e3o de um plano dessa magnitude exige responsabilidade e espa\u00e7o para acolher ideias e pensamentos divergentes. Abrir essa nova data \u00e9 fundamental para darmos sequ\u00eancia e voz a todas as frentes&#8221;, destacou.<\/p>\n<p>&#13;<\/p>\n<p>A formula\u00e7\u00e3o das metas cumpre um dos compromissos da administra\u00e7\u00e3o municipal e \u00e9 um passo estrat\u00e9gico para o fortalecimento das pol\u00edticas p\u00fablicas locais, alinhando a cidade aos requisitos de ades\u00e3o ao Sistema Nacional de Promo\u00e7\u00e3o da Igualdade Racial (SINAPIR), bem como ao Pacto das Cidades Antirracistas.<\/p>\n<p>&#13;<\/p>\n<p>\u00a0<\/p>\n<p>&#13;<br \/>\n&#13;<br \/>\n&#13;<br \/>\n&#13;<\/p>\n<article class=\"conteudo-relacionado no-print\">&#13;<br \/>\n        &#13;<br \/>\n&#13;<br \/>\n        &#13;<br \/>\n    <\/article>\n<p>&#13;<br \/>\n&#13;<br \/>\n                <\/main><\/p><\/div>\n<p><br \/>\n<br \/><a href=\"https:\/\/limeira.sp.gov.br\/limeira-realiza-nova-audiencia-publica-sobre-igualdade-racial\" rel=\"noopener\">Informa\u00e7\u00f5es da PML <\/a><\/p>\n","protected":false},"excerpt":{"rendered":"<p>&#13; &#13; &#13; &#13; &#13; &#13; &#13; &#13; &#13; &#13; A Prefeitura de Limeira, por meio do Departamento de Promo\u00e7\u00e3o da Igualdade Racial (DPIR) da Secretaria de Cultura, definiu a data para a continuidade da audi\u00eancia p\u00fablica voltada \u00e0 apresenta\u00e7\u00e3o e discuss\u00e3o do Plano Municipal de Igualdade Racial. O novo encontro acontecer\u00e1 na pr\u00f3xima ter\u00e7a-feira [&hellip;]<\/p>\n","protected":false},"author":1,"featured_media":71736,"comment_status":"","ping_status":"open","sticky":false,"template":"","format":"standard","meta":{"_jetpack_newsletter_access":"","_jetpack_dont_email_post_to_subs":false,"_jetpack_newsletter_tier_id":0,"_jetpack_memberships_contains_paywalled_content":false,"_mbp_banners":[],"_jetpack_feature_clip_id":0,"_jetpack_memberships_contains_paid_content":false,"footnotes":"","jetpack_publicize_message":"","jetpack_publicize_feature_enabled":true,"jetpack_social_post_already_shared":true,"jetpack_social_options":{"image_generator_settings":{"template":"highway","default_image_id":0,"font":"","enabled":false},"version":2},"jetpack_post_was_ever_published":false},"categories":[16],"tags":[],"class_list":["post-71735","post","type-post","status-publish","format-standard","has-post-thumbnail","category-local"],"jetpack_publicize_connections":[],"jetpack-related-posts":[],"jetpack_shortlink":"https:\/\/wp.me\/p7Eq1F-iF1","jetpack_sharing_enabled":true,"jetpack_featured_media_url":"https:\/\/i0.wp.com\/guialimeira.com.br\/news\/wp-content\/uploads\/2026\/07\/m_137_0_1_08072026151048.jpg?fit=1024%2C478&ssl=1","_links":{"self":[{"href":"https:\/\/guialimeira.com.br\/news\/wp-json\/wp\/v2\/posts\/71735","targetHints":{"allow":["GET"]}}],"collection":[{"href":"https:\/\/guialimeira.com.br\/news\/wp-json\/wp\/v2\/posts"}],"about":[{"href":"https:\/\/guialimeira.com.br\/news\/wp-json\/wp\/v2\/types\/post"}],"author":[{"embeddable":true,"href":"https:\/\/guialimeira.com.br\/news\/wp-json\/wp\/v2\/users\/1"}],"replies":[{"embeddable":true,"href":"https:\/\/guialimeira.com.br\/news\/wp-json\/wp\/v2\/comments?post=71735"}],"version-history":[{"count":0,"href":"https:\/\/guialimeira.com.br\/news\/wp-json\/wp\/v2\/posts\/71735\/revisions"}],"wp:featuredmedia":[{"embeddable":true,"href":"https:\/\/guialimeira.com.br\/news\/wp-json\/wp\/v2\/media\/71736"}],"wp:attachment":[{"href":"https:\/\/guialimeira.com.br\/news\/wp-json\/wp\/v2\/media?parent=71735"}],"wp:term":[{"taxonomy":"category","embeddable":true,"href":"https:\/\/guialimeira.com.br\/news\/wp-json\/wp\/v2\/categories?post=71735"},{"taxonomy":"post_tag","embeddable":true,"href":"https:\/\/guialimeira.com.br\/news\/wp-json\/wp\/v2\/tags?post=71735"}],"curies":[{"name":"wp","href":"https:\/\/api.w.org\/{rel}","templated":true}]}}