{"id":71733,"date":"2026-07-08T15:05:19","date_gmt":"2026-07-08T18:05:19","guid":{"rendered":"https:\/\/guialimeira.com.br\/campanha-julho-sem-plastico-leva-estudantes-a-casa-ecologica-para-conscientizacao-sobre-descarte-correto-de-residuos\/"},"modified":"2026-07-08T15:05:19","modified_gmt":"2026-07-08T18:05:19","slug":"campanha-julho-sem-plastico-leva-estudantes-a-casa-ecologica-para-conscientizacao-sobre-descarte-correto-de-residuos","status":"publish","type":"post","link":"https:\/\/guialimeira.com.br\/news\/campanha-julho-sem-plastico-leva-estudantes-a-casa-ecologica-para-conscientizacao-sobre-descarte-correto-de-residuos\/","title":{"rendered":"Campanha \u201cJulho sem Pl\u00e1stico\u201d leva estudantes \u00e0 Casa Ecol\u00f3gica para conscientiza\u00e7\u00e3o sobre descarte correto de res\u00edduos"},"content":{"rendered":"<p> <br \/>\n<\/p>\n<div>\n                <main class=\"\">&#13;<br \/>\n                    &#13;<br \/>\n&#13;<br \/>\n&#13;<br \/>\n&#13;<br \/>\n&#13;<br \/>\n&#13;<br \/>\n    <img data-recalc-dims=\"1\" decoding=\"async\" src=\"https:\/\/i0.wp.com\/ecrie.com.br\/sistema\/conteudos\/imagem\/m_137_0_1_08072026150427.jpg?w=696&#038;ssl=1\" alt=\"Campanha \u201cJulho sem Pl\u00e1stico\u201d leva estudantes \u00e0 Casa Ecol\u00f3gica para conscientiza\u00e7\u00e3o sobre descarte correto de res\u00edduos\"\/>&#13;<br \/>\n&#13;<br \/>\n&#13;<\/p>\n<p style=\"text-align: justify;\">A conscientiza\u00e7\u00e3o sobre o descarte correto de res\u00edduos foi tema de uma visita monitorada realizada nesta quarta-feira (8) na Casa Ecol\u00f3gica, no Horto Florestal de Limeira. A atividade reuniu 24 estudantes da EMEIEF Prof\u00aa Maria Aparecida Degaspari e integra a programa\u00e7\u00e3o da campanha \u201cJulho sem Pl\u00e1stico\u201d, promovida pela Prefeitura de Limeira, por meio da Secretaria de Meio Ambiente e Saneamento.<\/p>\n<p>&#13;<\/p>\n<p style=\"text-align: justify;\">Durante a visita, os alunos conheceram a Casa Ecol\u00f3gica, modelo de constru\u00e7\u00e3o civil desenvolvido com t\u00e9cnicas de baixo impacto ambiental, e participaram de orienta\u00e7\u00f5es sobre sustentabilidade, consumo consciente e gest\u00e3o adequada dos res\u00edduos s\u00f3lidos. A iniciativa tamb\u00e9m abordou a import\u00e2ncia da reciclagem e os problemas ambientais causados pela polui\u00e7\u00e3o pl\u00e1stica.<\/p>\n<p>&#13;<\/p>\n<p style=\"text-align: justify;\">Os estudantes receberam informa\u00e7\u00f5es sobre a destina\u00e7\u00e3o correta de materiais recicl\u00e1veis, como papel, pl\u00e1stico, vidro e metal, al\u00e9m de debaterem a\u00e7\u00f5es voltadas \u00e0 redu\u00e7\u00e3o da gera\u00e7\u00e3o de res\u00edduos e \u00e0 preserva\u00e7\u00e3o dos recursos naturais.<\/p>\n<p>&#13;<\/p>\n<p style=\"text-align: justify;\">A atividade integra a campanha \u201cJulho sem Pl\u00e1stico\u201d, institu\u00edda pela Lei Municipal n\u00ba 6.349\/2020 e incorporada ao calend\u00e1rio oficial de eventos do munic\u00edpio. \u201cA educa\u00e7\u00e3o ambiental \u00e9 uma ferramenta essencial para formar cidad\u00e3os mais conscientes e comprometidos com a preserva\u00e7\u00e3o dos recursos naturais\u201d, destacou o secret\u00e1rio de Meio Ambiente e Saneamento, F\u00e1bio Luccas Rosa Junior.<\/p>\n<p>&#13;<\/p>\n<p style=\"text-align: justify;\">A campanha \u201cJulho sem Pl\u00e1stico\u201d j\u00e1 realizou outras atividades, como estande de orienta\u00e7\u00f5es na Prefeitura, Trilha Ecol\u00f3gica das Abelhas e Trilha Ecol\u00f3gica da Arboriza\u00e7\u00e3o.<\/p>\n<p>&#13;<\/p>\n<p style=\"text-align: justify;\">Pr\u00f3ximas atividades<\/p>\n<p>&#13;<\/p>\n<p style=\"text-align: justify;\">Estande de Orienta\u00e7\u00f5es<br \/>14, 21 e 28 de julho (ter\u00e7a-feira)<br \/>8h30 \u00e0s 9h30<br \/>Local: Hall de Entrada da Prefeitura de Limeira<br \/>P\u00fablico-alvo: popula\u00e7\u00e3o em geral<\/p>\n<p>&#13;<\/p>\n<p style=\"text-align: justify;\">Barreira Educativa<br \/>24 de julho (sexta-feira)<br \/>9h \u00e0s 10h30<br \/>Local: a definir<br \/>P\u00fablico-alvo: popula\u00e7\u00e3o em geral<\/p>\n<p>&#13;<\/p>\n<p style=\"text-align: justify;\">Oficina Educativa<br \/>30 de julho (quinta-feira)<br \/>Local: N\u00facleo Minerva<br \/>P\u00fablico-alvo: estudantes com altas habilidades do N\u00facleo Minerva<\/p>\n<p>&#13;<br \/>\n&#13;<br \/>\n&#13;<br \/>\n&#13;<\/p>\n<article class=\"conteudo-relacionado no-print\">&#13;<br \/>\n        &#13;<br \/>\n&#13;<br \/>\n        &#13;<br \/>\n    <\/article>\n<p>&#13;<br \/>\n&#13;<br \/>\n                <\/main><\/p><\/div>\n<p><br \/>\n<br \/><a href=\"https:\/\/limeira.sp.gov.br\/campanha-julho-sem-plastico-leva-estudantes-a-casa-ecologica-para-conscientizacao-sobre-descarte-correto-de-residuos-\" rel=\"noopener\">Informa\u00e7\u00f5es da PML <\/a><\/p>\n","protected":false},"excerpt":{"rendered":"<p>&#13; &#13; &#13; &#13; &#13; &#13; &#13; &#13; &#13; &#13; A conscientiza\u00e7\u00e3o sobre o descarte correto de res\u00edduos foi tema de uma visita monitorada realizada nesta quarta-feira (8) na Casa Ecol\u00f3gica, no Horto Florestal de Limeira. A atividade reuniu 24 estudantes da EMEIEF Prof\u00aa Maria Aparecida Degaspari e integra a programa\u00e7\u00e3o da campanha \u201cJulho sem [&hellip;]<\/p>\n","protected":false},"author":1,"featured_media":71734,"comment_status":"","ping_status":"open","sticky":false,"template":"","format":"standard","meta":{"_jetpack_newsletter_access":"","_jetpack_dont_email_post_to_subs":false,"_jetpack_newsletter_tier_id":0,"_jetpack_memberships_contains_paywalled_content":false,"_mbp_banners":[],"_jetpack_feature_clip_id":0,"_jetpack_memberships_contains_paid_content":false,"footnotes":"","jetpack_publicize_message":"","jetpack_publicize_feature_enabled":true,"jetpack_social_post_already_shared":true,"jetpack_social_options":{"image_generator_settings":{"template":"highway","default_image_id":0,"font":"","enabled":false},"version":2},"jetpack_post_was_ever_published":false},"categories":[16],"tags":[],"class_list":["post-71733","post","type-post","status-publish","format-standard","has-post-thumbnail","category-local"],"jetpack_publicize_connections":[],"jetpack-related-posts":[],"jetpack_shortlink":"https:\/\/wp.me\/p7Eq1F-iEZ","jetpack_sharing_enabled":true,"jetpack_featured_media_url":"https:\/\/i0.wp.com\/guialimeira.com.br\/news\/wp-content\/uploads\/2026\/07\/m_137_0_1_08072026150427.jpg?fit=1024%2C575&ssl=1","_links":{"self":[{"href":"https:\/\/guialimeira.com.br\/news\/wp-json\/wp\/v2\/posts\/71733","targetHints":{"allow":["GET"]}}],"collection":[{"href":"https:\/\/guialimeira.com.br\/news\/wp-json\/wp\/v2\/posts"}],"about":[{"href":"https:\/\/guialimeira.com.br\/news\/wp-json\/wp\/v2\/types\/post"}],"author":[{"embeddable":true,"href":"https:\/\/guialimeira.com.br\/news\/wp-json\/wp\/v2\/users\/1"}],"replies":[{"embeddable":true,"href":"https:\/\/guialimeira.com.br\/news\/wp-json\/wp\/v2\/comments?post=71733"}],"version-history":[{"count":0,"href":"https:\/\/guialimeira.com.br\/news\/wp-json\/wp\/v2\/posts\/71733\/revisions"}],"wp:featuredmedia":[{"embeddable":true,"href":"https:\/\/guialimeira.com.br\/news\/wp-json\/wp\/v2\/media\/71734"}],"wp:attachment":[{"href":"https:\/\/guialimeira.com.br\/news\/wp-json\/wp\/v2\/media?parent=71733"}],"wp:term":[{"taxonomy":"category","embeddable":true,"href":"https:\/\/guialimeira.com.br\/news\/wp-json\/wp\/v2\/categories?post=71733"},{"taxonomy":"post_tag","embeddable":true,"href":"https:\/\/guialimeira.com.br\/news\/wp-json\/wp\/v2\/tags?post=71733"}],"curies":[{"name":"wp","href":"https:\/\/api.w.org\/{rel}","templated":true}]}}