{"id":71724,"date":"2026-07-08T13:48:16","date_gmt":"2026-07-08T16:48:16","guid":{"rendered":"https:\/\/guialimeira.com.br\/projeto-empodera-promove-palestra-sobre-espanhol-como-ferramenta-para-impulsionar-negocios\/"},"modified":"2026-07-08T13:48:16","modified_gmt":"2026-07-08T16:48:16","slug":"projeto-empodera-promove-palestra-sobre-espanhol-como-ferramenta-para-impulsionar-negocios","status":"publish","type":"post","link":"https:\/\/guialimeira.com.br\/news\/projeto-empodera-promove-palestra-sobre-espanhol-como-ferramenta-para-impulsionar-negocios\/","title":{"rendered":"Projeto Empodera promove palestra sobre espanhol como ferramenta para impulsionar neg\u00f3cios"},"content":{"rendered":"<p> <br \/>\n<\/p>\n<div id=\"\">&#13;<br \/>\n                    &#13;<br \/>\n&#13;<br \/>\n&#13;<br \/>\n&#13;<\/p>\n<header class=\"list-header\">&#13;<br \/>\n    &#13;<br \/>\n&#13;<\/p>\n<nav class=\"breadcrumbs__container no-print\">&#13;<br \/>\n    <a class=\"breadcrumbs__item\" href=\"https:\/\/limeira.sp.gov.br\/\" rel=\"noopener\">In\u00edcio<\/a>&#13;<br \/>\n&#13;<br \/>\n&#13;<br \/>\n&#13;<br \/>\n<\/nav>\n<p>&#13;<br \/>\n&#13;<br \/>\n    &#13;<br \/>\n&#13;<\/p>\n<p class=\"page-description\">&#13;<br \/>\n            A\u00e7\u00e3o mostra como o idioma pode ampliar conex\u00f5es, fortalecer rela\u00e7\u00f5es comerciais e abrir portas para novos mercados&#13;\n        <\/p>\n<p>&#13;<br \/>\n&#13;<br \/>\n    &#13;<br \/>\n<\/header>\n<p>&#13;<br \/>\n&#13;<br \/>\n    <img data-recalc-dims=\"1\" decoding=\"async\" src=\"https:\/\/i0.wp.com\/ecrie.com.br\/sistema\/conteudos\/imagem\/m_137_0_1_08072026134512.jpeg?w=696&#038;ssl=1\" alt=\"Projeto Empodera promove palestra sobre espanhol como ferramenta para impulsionar neg\u00f3cios\"\/>&#13;<br \/>\n&#13;<br \/>\n&#13;<\/p>\n<p style=\"text-align: justify;\">A Prefeitura de Limeira realiza a palestra &#8220;Espanhol Estrat\u00e9gico: Conecte, Comunique e Conquiste Novos Mercados&#8221;, na quarta-feira (28), das 19h \u00e0s 20h, no Audit\u00f3rio do N\u00facleo de Atendimento ao Cidad\u00e3o (NAC). A atividade, promovida pelo Fundo Social de Limeira, por meio do Projeto Empodera, \u00e9 gratuita e voltada ao p\u00fablico adulto. Os interessados podem se inscrever gratuitamente pelo formul\u00e1rio: <a href=\"https:\/\/forms.gle\/Rj7CZ2EZrmF6V1WcA\" rel=\"noopener\">https:\/\/forms.gle\/Rj7CZ2EZrmF6V1WcA<\/a><\/p>\n<p>&#13;<\/p>\n<p style=\"text-align: justify;\">Ministrada por Marisela Castillo, a palestra apresentar\u00e1 o espanhol como um diferencial estrat\u00e9gico para a comunica\u00e7\u00e3o e o fortalecimento dos neg\u00f3cios. O encontro busca mostrar como o dom\u00ednio do idioma pode ampliar oportunidades comerciais, fortalecer o relacionamento com clientes e parceiros e facilitar a inser\u00e7\u00e3o em mercados de l\u00edngua espanhola, contribuindo para o crescimento profissional e empresarial dos participantes.<\/p>\n<p>&#13;<\/p>\n<p style=\"text-align: justify;\">A iniciativa busca incentivar o desenvolvimento de compet\u00eancias que contribuam para a qualifica\u00e7\u00e3o profissional, o empreendedorismo e a expans\u00e3o de oportunidades de neg\u00f3cios, evidenciando a comunica\u00e7\u00e3o como um diferencial competitivo em um mercado cada vez mais conectado.<\/p>\n<p>&#13;<\/p>\n<p style=\"text-align: justify;\">A iniciativa est\u00e1 alinhada ao Objetivo de Desenvolvimento Sustent\u00e1vel (ODS) 8 \u2013 Trabalho Decente e Crescimento Econ\u00f4mico, ao incentivar a qualifica\u00e7\u00e3o profissional, o empreendedorismo e a gera\u00e7\u00e3o de oportunidades de desenvolvimento econ\u00f4mico.<\/p>\n<p>&#13;<\/p>\n<p style=\"text-align: justify;\"><strong>SERVI\u00c7O:<\/strong><br \/>Evento: Palestra &#8220;Espanhol Estrat\u00e9gico: Conecte, Comunique e Conquiste Novos Mercados&#8221; &#8211; com Marisela Castillo <br \/>Data: 28 de julho<br \/>Hor\u00e1rio: 19h \u00e0s 20h<br \/>Local: Audit\u00f3rio do NAC (N\u00facleo de Atendimento ao Cidad\u00e3o)<br \/>Endere\u00e7o: Av. Dr. Lauro Corr\u00eaa da Silva, 3.800 \u2013 Jardim Ad\u00e9lia Cavicchia Grotta<br \/>Inscri\u00e7\u00f5es pelo formul\u00e1rio: <a href=\"https:\/\/forms.gle\/Rj7CZ2EZrmF6V1WcA\" rel=\"noopener\">https:\/\/forms.gle\/Rj7CZ2EZrmF6V1WcA<\/a><\/p>\n<p>&#13;<br \/>\n&#13;<br \/>\n&#13;<br \/>\n&#13;<\/p>\n<article class=\"conteudo-relacionado no-print\">&#13;<\/p>\n<header class=\"list-header\">&#13;<\/p>\n<h4>Conte\u00fados Relacionados<\/h4>\n<p>&#13;<br \/>\n        <\/header>\n<p>&#13;<br \/>\n&#13;<br \/>\n        &#13;<br \/>\n    <\/article>\n<p>&#13;<br \/>\n&#13;\n                <\/p><\/div>\n<p><br \/>\n<br \/><a href=\"https:\/\/limeira.sp.gov.br\/projeto-empodera-promove-palestra-sobre-espanhol-como-ferramenta-para-impulsionar-negocios\" rel=\"noopener\">Informa\u00e7\u00f5es da PML <\/a><\/p>\n","protected":false},"excerpt":{"rendered":"<p>&#13; &#13; &#13; &#13; &#13; &#13; &#13; &#13; &#13; In\u00edcio&#13; &#13; &#13; &#13; &#13; &#13; &#13; &#13; &#13; A\u00e7\u00e3o mostra como o idioma pode ampliar conex\u00f5es, fortalecer rela\u00e7\u00f5es comerciais e abrir portas para novos mercados&#13; &#13; &#13; &#13; &#13; &#13; &#13; &#13; &#13; A Prefeitura de Limeira realiza a palestra &#8220;Espanhol Estrat\u00e9gico: Conecte, Comunique e [&hellip;]<\/p>\n","protected":false},"author":1,"featured_media":71725,"comment_status":"","ping_status":"open","sticky":false,"template":"","format":"standard","meta":{"_jetpack_newsletter_access":"","_jetpack_dont_email_post_to_subs":false,"_jetpack_newsletter_tier_id":0,"_jetpack_memberships_contains_paywalled_content":false,"_mbp_banners":[],"_jetpack_feature_clip_id":0,"_jetpack_memberships_contains_paid_content":false,"footnotes":"","jetpack_publicize_message":"","jetpack_publicize_feature_enabled":true,"jetpack_social_post_already_shared":true,"jetpack_social_options":{"image_generator_settings":{"template":"highway","default_image_id":0,"font":"","enabled":false},"version":2},"jetpack_post_was_ever_published":false},"categories":[16],"tags":[],"class_list":["post-71724","post","type-post","status-publish","format-standard","has-post-thumbnail","category-local"],"jetpack_publicize_connections":[],"jetpack-related-posts":[],"jetpack_shortlink":"https:\/\/wp.me\/p7Eq1F-iEQ","jetpack_sharing_enabled":true,"jetpack_featured_media_url":"https:\/\/i0.wp.com\/guialimeira.com.br\/news\/wp-content\/uploads\/2026\/07\/m_137_0_1_08072026134512.jpeg?fit=1024%2C682&ssl=1","_links":{"self":[{"href":"https:\/\/guialimeira.com.br\/news\/wp-json\/wp\/v2\/posts\/71724","targetHints":{"allow":["GET"]}}],"collection":[{"href":"https:\/\/guialimeira.com.br\/news\/wp-json\/wp\/v2\/posts"}],"about":[{"href":"https:\/\/guialimeira.com.br\/news\/wp-json\/wp\/v2\/types\/post"}],"author":[{"embeddable":true,"href":"https:\/\/guialimeira.com.br\/news\/wp-json\/wp\/v2\/users\/1"}],"replies":[{"embeddable":true,"href":"https:\/\/guialimeira.com.br\/news\/wp-json\/wp\/v2\/comments?post=71724"}],"version-history":[{"count":0,"href":"https:\/\/guialimeira.com.br\/news\/wp-json\/wp\/v2\/posts\/71724\/revisions"}],"wp:featuredmedia":[{"embeddable":true,"href":"https:\/\/guialimeira.com.br\/news\/wp-json\/wp\/v2\/media\/71725"}],"wp:attachment":[{"href":"https:\/\/guialimeira.com.br\/news\/wp-json\/wp\/v2\/media?parent=71724"}],"wp:term":[{"taxonomy":"category","embeddable":true,"href":"https:\/\/guialimeira.com.br\/news\/wp-json\/wp\/v2\/categories?post=71724"},{"taxonomy":"post_tag","embeddable":true,"href":"https:\/\/guialimeira.com.br\/news\/wp-json\/wp\/v2\/tags?post=71724"}],"curies":[{"name":"wp","href":"https:\/\/api.w.org\/{rel}","templated":true}]}}