{"id":71719,"date":"2026-07-08T12:47:16","date_gmt":"2026-07-08T15:47:16","guid":{"rendered":"https:\/\/guialimeira.com.br\/sao-leopoldo-mandic-visita-camara-de-limeira-e-destaca-seu-papel-social\/"},"modified":"2026-07-08T12:47:16","modified_gmt":"2026-07-08T15:47:16","slug":"sao-leopoldo-mandic-visita-camara-de-limeira-e-destaca-seu-papel-social","status":"publish","type":"post","link":"https:\/\/guialimeira.com.br\/news\/sao-leopoldo-mandic-visita-camara-de-limeira-e-destaca-seu-papel-social\/","title":{"rendered":"S\u00e3o Leopoldo Mandic visita C\u00e2mara de Limeira e destaca seu papel social"},"content":{"rendered":"<p> <br \/>\n<\/p>\n<div data-id=\"626ab9d\" data-element_type=\"widget\" data-e-type=\"widget\" data-widget_type=\"theme-post-content.default\">\n<p class=\"wp-block-paragraph\"><em>Diretor da unidade de Limeira fez uso da Tribuna Livre durante sess\u00e3o ordin\u00e1ria<\/em><\/p>\n<figure class=\"wp-block-image size-large\"><img data-recalc-dims=\"1\" data-attachment-id=\"6292\" data-permalink=\"https:\/\/guialimeira.com.br\/news\/universidades-e-institutos-federais-de-ensino-superior-mantem-greve\/24052024-pzzb3909-jpg\/\" data-orig-file=\"https:\/\/i0.wp.com\/guialimeira.com.br\/news\/wp-content\/uploads\/2024\/05\/24052024-pzzb3909.jpg?fit=1600%2C800&amp;ssl=1\" data-orig-size=\"1600,800\" data-comments-opened=\"1\" data-image-meta=\"{&quot;aperture&quot;:&quot;0&quot;,&quot;credit&quot;:&quot;&quot;,&quot;camera&quot;:&quot;&quot;,&quot;caption&quot;:&quot;&quot;,&quot;created_timestamp&quot;:&quot;0&quot;,&quot;copyright&quot;:&quot;&quot;,&quot;focal_length&quot;:&quot;0&quot;,&quot;iso&quot;:&quot;0&quot;,&quot;shutter_speed&quot;:&quot;0&quot;,&quot;title&quot;:&quot;&quot;,&quot;orientation&quot;:&quot;0&quot;}\" data-image-title=\"24052024-pzzb3909.jpg\" data-image-description=\"\" data-image-caption=\"\" data-large-file=\"https:\/\/i0.wp.com\/guialimeira.com.br\/news\/wp-content\/uploads\/2024\/05\/24052024-pzzb3909.jpg?fit=696%2C348&amp;ssl=1\" data-lazyloaded=\"1\" fetchpriority=\"high\" decoding=\"async\" width=\"696\" height=\"391\" src=\"https:\/\/i0.wp.com\/dinamuscomunicacao.com.br\/wp-content\/uploads\/2026\/07\/WhatsApp-Image-2026-07-06-at-22.10.24-1-1024x575.jpeg?resize=696%2C391&#038;ssl=1\" alt=\"\" class=\"wp-image-6292\" srcset=\"https:\/\/dinamuscomunicacao.com.br\/wp-content\/uploads\/2026\/07\/WhatsApp-Image-2026-07-06-at-22.10.24-1-1024x575.jpeg 1024w, https:\/\/dinamuscomunicacao.com.br\/wp-content\/uploads\/2026\/07\/WhatsApp-Image-2026-07-06-at-22.10.24-1-300x168.jpeg 300w, https:\/\/dinamuscomunicacao.com.br\/wp-content\/uploads\/2026\/07\/WhatsApp-Image-2026-07-06-at-22.10.24-1-768x431.jpeg 768w, https:\/\/dinamuscomunicacao.com.br\/wp-content\/uploads\/2026\/07\/WhatsApp-Image-2026-07-06-at-22.10.24-1-1536x862.jpeg 1536w, https:\/\/dinamuscomunicacao.com.br\/wp-content\/uploads\/2026\/07\/WhatsApp-Image-2026-07-06-at-22.10.24-1.jpeg 1600w\" data-sizes=\"(max-width: 1024px) 100vw, 1024px\"\/><\/figure>\n<p class=\"wp-block-paragraph\">Os primeiros anos da implanta\u00e7\u00e3o do curso de Medicina da Faculdade S\u00e3o Leopoldo Mandic, em Limeira, e os resultados alcan\u00e7ados neste per\u00edodo foram tema da Tribuna Livre da sess\u00e3o da C\u00e2mara Municipal nesta segunda-feira, 6 de julho. O diretor da unidade, Arthur Filgueiras, apresentou a institui\u00e7\u00e3o e o momento atual aos vereadores de Limeira.<\/p>\n<p class=\"wp-block-paragraph\">Inicialmente, o diretor contextualizou a trajet\u00f3ria do Grupo S\u00e3o Leopoldo Mandic no estado de S\u00e3o Paulo, que, h\u00e1 mais de 30 anos, atua na forma\u00e7\u00e3o de profissionais da \u00e1rea da sa\u00fade, tanto na gradua\u00e7\u00e3o quanto na p\u00f3s-gradua\u00e7\u00e3o. Atualmente, o grupo mant\u00e9m quatro faculdades de Medicina. A unidade de Limeira \u00e9 a mais recente e oferece 55 novas vagas por ano. \u201cSomos nota m\u00e1xima no Minist\u00e9rio da Educa\u00e7\u00e3o. Isso significa que atendemos, com excel\u00eancia, a todos os crit\u00e9rios para ofertar um curso de Medicina\u201d, destacou Filgueiras.<\/p>\n<p class=\"wp-block-paragraph\">O grupo tamb\u00e9m administra hospitais, ambulat\u00f3rios e cl\u00ednicas, com atendimento priorit\u00e1rio a pacientes do Sistema \u00danico de Sa\u00fade (SUS). S\u00e3o mais de 10 mil consultas ambulatoriais por m\u00eas, o que representa cerca de 400 mil atendimentos pelo SUS por ano.<\/p>\n<p class=\"wp-block-paragraph\">Atualmente, a S\u00e3o Leopoldo Mandic conta com mais de 150 m\u00e9dicos residentes, profissionais j\u00e1 formados que atuam na rede de sa\u00fade do estado de S\u00e3o Paulo. Em Limeira, h\u00e1 residentes em forma\u00e7\u00e3o nas \u00e1reas de Medicina de Fam\u00edlia e Comunidade, Cl\u00ednica M\u00e9dica e Pediatria. Todos atuam em unidades b\u00e1sicas de sa\u00fade mantidas pela Prefeitura de Limeira.<\/p>\n<p class=\"wp-block-paragraph\">A Faculdade S\u00e3o Leopoldo Mandic Limeira conta com 574 leitos e infraestrutura de ponta em seus laborat\u00f3rios, incluindo as \u00e1reas de Anatomia, Morfologia, Habilidades M\u00e9dicas e centros de simula\u00e7\u00e3o. \u201cNosso curso contempla mais de 8 mil horas e mais de 40% dessa carga hor\u00e1ria \u00e9 composta por atividades pr\u00e1ticas. Por isso, a popula\u00e7\u00e3o pode contar com os atendimentos realizados por nossos alunos durante a fase do internato, sempre sob a supervis\u00e3o de professores. Isso representa um refor\u00e7o para a rede de sa\u00fade e tem obtido grande sucesso na fixa\u00e7\u00e3o de profissionais na regi\u00e3o ap\u00f3s a forma\u00e7\u00e3o\u201d, explicou Filgueiras.<\/p>\n<p class=\"wp-block-paragraph\">Outro destaque apresentado pelo diretor foi a recente avalia\u00e7\u00e3o da unidade de Limeira pela Comiss\u00e3o de Acompanhamento e Monitoramento de Escolas M\u00e9dicas (Camem). Vinculada ao Minist\u00e9rio da Educa\u00e7\u00e3o, a comiss\u00e3o visita as institui\u00e7\u00f5es antes que os alunos atinjam 50% de sua forma\u00e7\u00e3o, validando a continuidade da oferta. A Faculdade S\u00e3o Leopoldo Mandic Limeira recebeu nota m\u00e1xima.<\/p>\n<p class=\"wp-block-paragraph\"><strong>ProUni<\/strong><\/p>\n<p class=\"wp-block-paragraph\">A implanta\u00e7\u00e3o da Faculdade de Medicina em Limeira faz parte do Programa Mais M\u00e9dicos, do Governo Federal. Como contrapartida social, 10% das vagas s\u00e3o destinadas \u00e0 concess\u00e3o de bolsas de estudo.<\/p>\n<p class=\"wp-block-paragraph\">Desde 2025, a S\u00e3o Leopoldo Mandic integra o Programa Universidade para Todos (ProUni). Neste momento, a unidade de Limeira est\u00e1 com inscri\u00e7\u00f5es abertas para cinco bolsas de estudo integrais (100%). As inscri\u00e7\u00f5es devem ser feitas exclusivamente pela internet, por meio da p\u00e1gina do ProUni (https:\/\/acessounico.mec.gov.br\/prouni), at\u00e9 o dia 10 de julho.<\/p>\n<\/div>\n<p><br \/>\n<br \/><a href=\"https:\/\/dinamuscomunicacao.com.br\/sao-leopoldo-mandic-visita-camara-de-limeira-e-destaca-seu-papel-social\/\" rel=\"noopener\"> Informa\u00e7\u00f5es: D\u00ednamus Comunica\u00e7\u00e3o <\/a><\/p>\n","protected":false},"excerpt":{"rendered":"<p>Diretor da unidade de Limeira fez uso da Tribuna Livre durante sess\u00e3o ordin\u00e1ria Os primeiros anos da implanta\u00e7\u00e3o do curso de Medicina da Faculdade S\u00e3o Leopoldo Mandic, em Limeira, e os resultados alcan\u00e7ados neste per\u00edodo foram tema da Tribuna Livre da sess\u00e3o da C\u00e2mara Municipal nesta segunda-feira, 6 de julho. O diretor da unidade, Arthur [&hellip;]<\/p>\n","protected":false},"author":1,"featured_media":71720,"comment_status":"","ping_status":"open","sticky":false,"template":"","format":"standard","meta":{"_jetpack_newsletter_access":"","_jetpack_dont_email_post_to_subs":false,"_jetpack_newsletter_tier_id":0,"_jetpack_memberships_contains_paywalled_content":false,"_mbp_banners":[],"_jetpack_feature_clip_id":0,"_jetpack_memberships_contains_paid_content":false,"footnotes":"","jetpack_publicize_message":"","jetpack_publicize_feature_enabled":true,"jetpack_social_post_already_shared":true,"jetpack_social_options":{"image_generator_settings":{"template":"highway","default_image_id":0,"font":"","enabled":false},"version":2},"jetpack_post_was_ever_published":false},"categories":[16],"tags":[],"class_list":["post-71719","post","type-post","status-publish","format-standard","has-post-thumbnail","category-local"],"jetpack_publicize_connections":[],"jetpack-related-posts":[],"jetpack_shortlink":"https:\/\/wp.me\/p7Eq1F-iEL","jetpack_sharing_enabled":true,"jetpack_featured_media_url":"https:\/\/i0.wp.com\/guialimeira.com.br\/news\/wp-content\/uploads\/2026\/07\/WhatsApp-Image-2026-07-06-at-22.10.24.jpeg?fit=1600%2C898&ssl=1","_links":{"self":[{"href":"https:\/\/guialimeira.com.br\/news\/wp-json\/wp\/v2\/posts\/71719","targetHints":{"allow":["GET"]}}],"collection":[{"href":"https:\/\/guialimeira.com.br\/news\/wp-json\/wp\/v2\/posts"}],"about":[{"href":"https:\/\/guialimeira.com.br\/news\/wp-json\/wp\/v2\/types\/post"}],"author":[{"embeddable":true,"href":"https:\/\/guialimeira.com.br\/news\/wp-json\/wp\/v2\/users\/1"}],"replies":[{"embeddable":true,"href":"https:\/\/guialimeira.com.br\/news\/wp-json\/wp\/v2\/comments?post=71719"}],"version-history":[{"count":0,"href":"https:\/\/guialimeira.com.br\/news\/wp-json\/wp\/v2\/posts\/71719\/revisions"}],"wp:featuredmedia":[{"embeddable":true,"href":"https:\/\/guialimeira.com.br\/news\/wp-json\/wp\/v2\/media\/71720"}],"wp:attachment":[{"href":"https:\/\/guialimeira.com.br\/news\/wp-json\/wp\/v2\/media?parent=71719"}],"wp:term":[{"taxonomy":"category","embeddable":true,"href":"https:\/\/guialimeira.com.br\/news\/wp-json\/wp\/v2\/categories?post=71719"},{"taxonomy":"post_tag","embeddable":true,"href":"https:\/\/guialimeira.com.br\/news\/wp-json\/wp\/v2\/tags?post=71719"}],"curies":[{"name":"wp","href":"https:\/\/api.w.org\/{rel}","templated":true}]}}