{"id":71717,"date":"2026-07-08T12:41:17","date_gmt":"2026-07-08T15:41:17","guid":{"rendered":"https:\/\/guialimeira.com.br\/prefeitura-abre-inscricoes-para-oficina-de-artesanato-em-limeira\/"},"modified":"2026-07-08T12:41:17","modified_gmt":"2026-07-08T15:41:17","slug":"prefeitura-abre-inscricoes-para-oficina-de-artesanato-em-limeira","status":"publish","type":"post","link":"https:\/\/guialimeira.com.br\/news\/prefeitura-abre-inscricoes-para-oficina-de-artesanato-em-limeira\/","title":{"rendered":"Prefeitura abre inscri\u00e7\u00f5es para oficina de artesanato em Limeira"},"content":{"rendered":"<p> <br \/>\n<\/p>\n<div>\n                <main class=\"\">&#13;<br \/>\n                    &#13;<br \/>\n&#13;<br \/>\n&#13;<br \/>\n&#13;<br \/>\n&#13;<br \/>\n&#13;<br \/>\n    <img data-recalc-dims=\"1\" decoding=\"async\" src=\"https:\/\/i0.wp.com\/ecrie.com.br\/sistema\/conteudos\/imagem\/m_137_0_1_08072026123641.jpg?w=696&#038;ssl=1\" alt=\"Prefeitura abre inscri\u00e7\u00f5es para oficina de artesanato em Limeira\"\/>&#13;<br \/>\n&#13;<br \/>\n&#13;<\/p>\n<p style=\"text-align: justify;\">A Prefeitura de Limeira est\u00e1 com inscri\u00e7\u00f5es abertas para a oficina de artesanato &#8220;Caixas Decoradas&#8221;, ministrada pela artes\u00e3 e pedagoga K\u00e1tia Citelli Garcia. A atividade \u00e9 gratuita e oferece 15 vagas. Os interessados podem se inscrever gratuitamente pelo formul\u00e1rio: <a href=\"https:\/\/forms.gle\/TQYVAhWghiXBTxeV7\" rel=\"noopener\">https:\/\/forms.gle\/TQYVAhWghiXBTxeV7<\/a>.<\/p>\n<p>&#13;<\/p>\n<p style=\"text-align: justify;\">A oficina ser\u00e1 realizada na sala do Projeto Empodera, localizada na Avenida Lauro Corr\u00eaa da Silva, 3.800, Jardim Ad\u00e9lia Cavichia, sempre das 14h \u00e0s 16h30, nos dias 21 e 28 de julho, e 4 e 11 de agosto.<\/p>\n<p>&#13;<\/p>\n<p style=\"text-align: justify;\">Durante os quatro encontros, os participantes aprender\u00e3o t\u00e9cnicas de decora\u00e7\u00e3o de caixas artesanais, desenvolvendo habilidades manuais, criatividade e no\u00e7\u00f5es de acabamento. A oficina tamb\u00e9m busca incentivar a gera\u00e7\u00e3o de renda, o empreendedorismo e a valoriza\u00e7\u00e3o do artesanato como oportunidade de desenvolvimento pessoal e profissional.<\/p>\n<p>&#13;<\/p>\n<p style=\"text-align: justify;\">A oficina integra a programa\u00e7\u00e3o do Projeto Empodera, iniciativa do Fundo Social de Limeira que promove a\u00e7\u00f5es de capacita\u00e7\u00e3o, qualifica\u00e7\u00e3o e desenvolvimento de habilidades, contribuindo para a autonomia, a inclus\u00e3o produtiva e a amplia\u00e7\u00e3o de oportunidades para a popula\u00e7\u00e3o.<\/p>\n<p>&#13;<\/p>\n<p style=\"text-align: justify;\">A iniciativa est\u00e1 alinhada ao Objetivo de Desenvolvimento Sustent\u00e1vel (ODS) 8 \u2013 Trabalho Decente e Crescimento Econ\u00f4mico, ao incentivar a qualifica\u00e7\u00e3o, o empreendedorismo e a gera\u00e7\u00e3o de oportunidades de trabalho e renda.<\/p>\n<p>&#13;<\/p>\n<p style=\"text-align: justify;\"><strong>SERVI\u00c7O<\/strong><\/p>\n<p>&#13;<\/p>\n<p style=\"text-align: justify;\">Evento: Oficina de artesanato &#8220;Caixas Decoradas&#8221;, K\u00e1tia Citelli Garcia<br \/>Vagas: 15<br \/>Data: 21 e 28 de julho, e 4 e 11 de agosto.<br \/>Hor\u00e1rio: das 14h \u00e0s 16h30<br \/>Local: Espa\u00e7o Empodera (N\u00facleo de Atendimento ao Cidad\u00e3o)<br \/>Endere\u00e7o: Av. Dr. Lauro Corr\u00eaa da Silva, 3.800 \u2013 Jardim Ad\u00e9lia Cavicchia Grotta<br \/>Inscri\u00e7\u00f5es: pelo formul\u00e1rio:<a href=\"https:\/\/forms.gle\/TQYVAhWghiXBTxeV7\" rel=\"noopener\"> https:\/\/forms.gle\/TQYVAhWghiXBTxeV7<\/a>.<\/p>\n<p>&#13;<br \/>\n&#13;<br \/>\n&#13;<br \/>\n&#13;<\/p>\n<article class=\"conteudo-relacionado no-print\">&#13;<br \/>\n        &#13;<br \/>\n&#13;<br \/>\n        &#13;<br \/>\n    <\/article>\n<p>&#13;<br \/>\n&#13;<br \/>\n                <\/main><\/p><\/div>\n<p><br \/>\n<br \/><a href=\"https:\/\/limeira.sp.gov.br\/prefeitura-abre-inscricoes-para-oficina-de-artesanato-em-limeira\" rel=\"noopener\">Informa\u00e7\u00f5es da PML <\/a><\/p>\n","protected":false},"excerpt":{"rendered":"<p>&#13; &#13; &#13; &#13; &#13; &#13; &#13; &#13; &#13; &#13; A Prefeitura de Limeira est\u00e1 com inscri\u00e7\u00f5es abertas para a oficina de artesanato &#8220;Caixas Decoradas&#8221;, ministrada pela artes\u00e3 e pedagoga K\u00e1tia Citelli Garcia. A atividade \u00e9 gratuita e oferece 15 vagas. Os interessados podem se inscrever gratuitamente pelo formul\u00e1rio: https:\/\/forms.gle\/TQYVAhWghiXBTxeV7. &#13; A oficina ser\u00e1 realizada [&hellip;]<\/p>\n","protected":false},"author":1,"featured_media":71718,"comment_status":"","ping_status":"open","sticky":false,"template":"","format":"standard","meta":{"_jetpack_newsletter_access":"","_jetpack_dont_email_post_to_subs":false,"_jetpack_newsletter_tier_id":0,"_jetpack_memberships_contains_paywalled_content":false,"_mbp_banners":[],"_jetpack_feature_clip_id":0,"_jetpack_memberships_contains_paid_content":false,"footnotes":"","jetpack_publicize_message":"","jetpack_publicize_feature_enabled":true,"jetpack_social_post_already_shared":true,"jetpack_social_options":{"image_generator_settings":{"template":"highway","default_image_id":0,"font":"","enabled":false},"version":2},"jetpack_post_was_ever_published":false},"categories":[16],"tags":[],"class_list":["post-71717","post","type-post","status-publish","format-standard","has-post-thumbnail","category-local"],"jetpack_publicize_connections":[],"jetpack-related-posts":[],"jetpack_shortlink":"https:\/\/wp.me\/p7Eq1F-iEJ","jetpack_sharing_enabled":true,"jetpack_featured_media_url":"https:\/\/i0.wp.com\/guialimeira.com.br\/news\/wp-content\/uploads\/2026\/07\/m_137_0_1_08072026123641.jpg?fit=1024%2C682&ssl=1","_links":{"self":[{"href":"https:\/\/guialimeira.com.br\/news\/wp-json\/wp\/v2\/posts\/71717","targetHints":{"allow":["GET"]}}],"collection":[{"href":"https:\/\/guialimeira.com.br\/news\/wp-json\/wp\/v2\/posts"}],"about":[{"href":"https:\/\/guialimeira.com.br\/news\/wp-json\/wp\/v2\/types\/post"}],"author":[{"embeddable":true,"href":"https:\/\/guialimeira.com.br\/news\/wp-json\/wp\/v2\/users\/1"}],"replies":[{"embeddable":true,"href":"https:\/\/guialimeira.com.br\/news\/wp-json\/wp\/v2\/comments?post=71717"}],"version-history":[{"count":0,"href":"https:\/\/guialimeira.com.br\/news\/wp-json\/wp\/v2\/posts\/71717\/revisions"}],"wp:featuredmedia":[{"embeddable":true,"href":"https:\/\/guialimeira.com.br\/news\/wp-json\/wp\/v2\/media\/71718"}],"wp:attachment":[{"href":"https:\/\/guialimeira.com.br\/news\/wp-json\/wp\/v2\/media?parent=71717"}],"wp:term":[{"taxonomy":"category","embeddable":true,"href":"https:\/\/guialimeira.com.br\/news\/wp-json\/wp\/v2\/categories?post=71717"},{"taxonomy":"post_tag","embeddable":true,"href":"https:\/\/guialimeira.com.br\/news\/wp-json\/wp\/v2\/tags?post=71717"}],"curies":[{"name":"wp","href":"https:\/\/api.w.org\/{rel}","templated":true}]}}