{"id":71709,"date":"2026-07-08T11:46:12","date_gmt":"2026-07-08T14:46:12","guid":{"rendered":"https:\/\/guialimeira.com.br\/festa-da-laranja-2026-destaca-os-200-anos-de-limeira-e-valoriza-a-fruta-simbolo-da-cidade\/"},"modified":"2026-07-08T11:46:12","modified_gmt":"2026-07-08T14:46:12","slug":"festa-da-laranja-2026-destaca-os-200-anos-de-limeira-e-valoriza-a-fruta-simbolo-da-cidade","status":"publish","type":"post","link":"https:\/\/guialimeira.com.br\/news\/festa-da-laranja-2026-destaca-os-200-anos-de-limeira-e-valoriza-a-fruta-simbolo-da-cidade\/","title":{"rendered":"Festa da Laranja 2026 destaca os 200 anos de Limeira e valoriza a fruta s\u00edmbolo da cidade"},"content":{"rendered":"<p> <br \/>\n<\/p>\n<div data-id=\"626ab9d\" data-element_type=\"widget\" data-e-type=\"widget\" data-widget_type=\"theme-post-content.default\">\n<p class=\"wp-block-paragraph\">A 14\u00aa edi\u00e7\u00e3o da Festa da Laranja j\u00e1 tem data marcada. O evento, que re\u00fane cultura, hist\u00f3ria, gastronomia, entretenimento e oportunidades de neg\u00f3cios, ser\u00e1 realizado de 24 a 27 de setembro, no Parque Cidade.<\/p>\n<p class=\"wp-block-paragraph\">Em 2026, a festa ganha um significado ainda mais especial ao integrar as comemora\u00e7\u00f5es dos 200 anos de Limeira. Para marcar a ocasi\u00e3o, os expositores da pra\u00e7a de alimenta\u00e7\u00e3o foram desafiados a criar pelo menos um prato que tenha laranja, fruta s\u00edmbolo do munic\u00edpio, como ingrediente principal.<\/p>\n<p class=\"wp-block-paragraph\">Outro destaque ser\u00e1 o Parque de Expositores, que reunir\u00e1 dezenas de empresas dos mais diversos segmentos para apresentar produtos, servi\u00e7os e novidades ao p\u00fablico, fortalecendo o ambiente de neg\u00f3cios e incentivando o empreendedorismo local. \u201cMais do que uma festa, este \u00e9 um grande encontro da nossa gente, valorizando as empresas, os empreendedores e os talentos que fazem Limeira crescer\u201d, destaca o organizador do evento, Fabio D\u2019Andrea.<\/p>\n<p class=\"wp-block-paragraph\">A programa\u00e7\u00e3o tamb\u00e9m contar\u00e1 com shows gratuitos para todos os p\u00fablicos. Entre as atra\u00e7\u00f5es confirmadas est\u00e3o os irm\u00e3os M\u00e1rcio &amp; Vav\u00e1 (ex-Karametade), que prometem emocionar o p\u00fablico ao revisitar sucessos que marcaram o pagode brasileiro nas d\u00e9cadas de 1990 e 2000.<\/p>\n<figure class=\"wp-block-image size-full\"><img data-recalc-dims=\"1\" data-lazyloaded=\"1\" fetchpriority=\"high\" decoding=\"async\" width=\"696\" height=\"696\" src=\"https:\/\/i0.wp.com\/dinamuscomunicacao.com.br\/wp-content\/uploads\/2026\/07\/Vava-Marcio-divulgacao.jpg?resize=696%2C696&#038;ssl=1\" alt=\"\" class=\"wp-image-6295\" srcset=\"https:\/\/dinamuscomunicacao.com.br\/wp-content\/uploads\/2026\/07\/Vava-Marcio-divulgacao.jpg 1000w, https:\/\/dinamuscomunicacao.com.br\/wp-content\/uploads\/2026\/07\/Vava-Marcio-divulgacao-300x300.jpg 300w, https:\/\/dinamuscomunicacao.com.br\/wp-content\/uploads\/2026\/07\/Vava-Marcio-divulgacao-150x150.jpg 150w, https:\/\/dinamuscomunicacao.com.br\/wp-content\/uploads\/2026\/07\/Vava-Marcio-divulgacao-768x768.jpg 768w\" data-sizes=\"(max-width: 1000px) 100vw, 1000px\"\/><figcaption class=\"wp-element-caption\">Vav\u00e1 &amp; M\u00e1rcio est\u00e3o entre as atra\u00e7\u00f5es musicais. Cr\u00e9dito: divulga\u00e7\u00e3o.<\/figcaption><\/figure>\n<p class=\"wp-block-paragraph\">Para que os f\u00e3s da Festa da Laranja j\u00e1 entrem no clima deste evento t\u00e3o esperado, a organiza\u00e7\u00e3o convida para a escolha da corte. No dia 25 de julho, as candidatas aos t\u00edtulos de rainha, primeira e segunda princesas, madrinha e miss simpatia ir\u00e3o desfilar para os jurados no P\u00e1tio Limeira Shopping. O evento \u00e9 aberto ao p\u00fablico.<\/p>\n<p class=\"wp-block-paragraph\">A 14\u00aa Festa da Laranja tem o apoio da Prefeitura de Limeira. A entrada ser\u00e1 gratuita, mediante doa\u00e7\u00e3o espont\u00e2nea de alimentos, que ser\u00e3o destinados a entidades assistenciais do munic\u00edpio.<\/p>\n<\/div>\n<p><br \/>\n<br \/><a href=\"https:\/\/dinamuscomunicacao.com.br\/festa-da-laranja-2026-destaca-os-200-anos-de-limeira-e-valoriza-a-fruta-simbolo-da-cidade\/\" rel=\"noopener\"> Informa\u00e7\u00f5es: D\u00ednamus Comunica\u00e7\u00e3o <\/a><\/p>\n","protected":false},"excerpt":{"rendered":"<p>A 14\u00aa edi\u00e7\u00e3o da Festa da Laranja j\u00e1 tem data marcada. O evento, que re\u00fane cultura, hist\u00f3ria, gastronomia, entretenimento e oportunidades de neg\u00f3cios, ser\u00e1 realizado de 24 a 27 de setembro, no Parque Cidade. Em 2026, a festa ganha um significado ainda mais especial ao integrar as comemora\u00e7\u00f5es dos 200 anos de Limeira. Para marcar [&hellip;]<\/p>\n","protected":false},"author":1,"featured_media":71710,"comment_status":"","ping_status":"open","sticky":false,"template":"","format":"standard","meta":{"_jetpack_newsletter_access":"","_jetpack_dont_email_post_to_subs":false,"_jetpack_newsletter_tier_id":0,"_jetpack_memberships_contains_paywalled_content":false,"_mbp_banners":[],"_jetpack_feature_clip_id":0,"_jetpack_memberships_contains_paid_content":false,"footnotes":"","jetpack_publicize_message":"","jetpack_publicize_feature_enabled":true,"jetpack_social_post_already_shared":true,"jetpack_social_options":{"image_generator_settings":{"template":"highway","default_image_id":0,"font":"","enabled":false},"version":2},"jetpack_post_was_ever_published":false},"categories":[16],"tags":[],"class_list":["post-71709","post","type-post","status-publish","format-standard","has-post-thumbnail","category-local"],"jetpack_publicize_connections":[],"jetpack-related-posts":[],"jetpack_shortlink":"https:\/\/wp.me\/p7Eq1F-iEB","jetpack_sharing_enabled":true,"jetpack_featured_media_url":"https:\/\/i0.wp.com\/guialimeira.com.br\/news\/wp-content\/uploads\/2026\/07\/WhatsApp-Image-2026-07-08-at-10.06.05.jpeg?fit=1600%2C1200&ssl=1","_links":{"self":[{"href":"https:\/\/guialimeira.com.br\/news\/wp-json\/wp\/v2\/posts\/71709","targetHints":{"allow":["GET"]}}],"collection":[{"href":"https:\/\/guialimeira.com.br\/news\/wp-json\/wp\/v2\/posts"}],"about":[{"href":"https:\/\/guialimeira.com.br\/news\/wp-json\/wp\/v2\/types\/post"}],"author":[{"embeddable":true,"href":"https:\/\/guialimeira.com.br\/news\/wp-json\/wp\/v2\/users\/1"}],"replies":[{"embeddable":true,"href":"https:\/\/guialimeira.com.br\/news\/wp-json\/wp\/v2\/comments?post=71709"}],"version-history":[{"count":0,"href":"https:\/\/guialimeira.com.br\/news\/wp-json\/wp\/v2\/posts\/71709\/revisions"}],"wp:featuredmedia":[{"embeddable":true,"href":"https:\/\/guialimeira.com.br\/news\/wp-json\/wp\/v2\/media\/71710"}],"wp:attachment":[{"href":"https:\/\/guialimeira.com.br\/news\/wp-json\/wp\/v2\/media?parent=71709"}],"wp:term":[{"taxonomy":"category","embeddable":true,"href":"https:\/\/guialimeira.com.br\/news\/wp-json\/wp\/v2\/categories?post=71709"},{"taxonomy":"post_tag","embeddable":true,"href":"https:\/\/guialimeira.com.br\/news\/wp-json\/wp\/v2\/tags?post=71709"}],"curies":[{"name":"wp","href":"https:\/\/api.w.org\/{rel}","templated":true}]}}