{"id":71705,"date":"2026-07-08T11:19:19","date_gmt":"2026-07-08T14:19:19","guid":{"rendered":"https:\/\/guialimeira.com.br\/limeira-recebe-encontro-sobre-potencial-da-cafeicultura-na-regiao\/"},"modified":"2026-07-08T11:19:19","modified_gmt":"2026-07-08T14:19:19","slug":"limeira-recebe-encontro-sobre-potencial-da-cafeicultura-na-regiao","status":"publish","type":"post","link":"https:\/\/guialimeira.com.br\/news\/limeira-recebe-encontro-sobre-potencial-da-cafeicultura-na-regiao\/","title":{"rendered":"Limeira recebe encontro sobre potencial da cafeicultura na regi\u00e3o"},"content":{"rendered":"<p> <br \/>\n<\/p>\n<div id=\"\">&#13;<br \/>\n                    &#13;<br \/>\n&#13;<br \/>\n&#13;<br \/>\n&#13;<\/p>\n<header class=\"list-header\">&#13;<br \/>\n    &#13;<br \/>\n&#13;<\/p>\n<nav class=\"breadcrumbs__container no-print\">&#13;<br \/>\n    <a class=\"breadcrumbs__item\" href=\"https:\/\/limeira.sp.gov.br\/\" rel=\"noopener\">In\u00edcio<\/a>&#13;<br \/>\n&#13;<br \/>\n&#13;<br \/>\n&#13;<br \/>\n<\/nav>\n<p>&#13;<br \/>\n&#13;<br \/>\n    &#13;<br \/>\n&#13;<\/p>\n<p class=\"page-description\">&#13;<br \/>\n            Evento gratuito re\u00fane especialistas e produtores para discutir oportunidades, tecnologias e perspectivas da produ\u00e7\u00e3o de caf\u00e9&#13;\n        <\/p>\n<p>&#13;<br \/>\n&#13;<br \/>\n    &#13;<br \/>\n<\/header>\n<p>&#13;<br \/>\n&#13;<br \/>\n    <img data-recalc-dims=\"1\" decoding=\"async\" src=\"https:\/\/i0.wp.com\/ecrie.com.br\/sistema\/conteudos\/imagem\/m_137_0_1_08072026111623.jpg?w=696&#038;ssl=1\" alt=\"Limeira recebe encontro sobre potencial da cafeicultura na regi\u00e3o\"\/>&#13;<br \/>\n&#13;<br \/>\n&#13;<\/p>\n<p>A Prefeitura de Limeira apoia a realiza\u00e7\u00e3o do encontro &#8220;Viabilidade do Caf\u00e9 em Limeira e Regi\u00e3o&#8221;, que acontece no dia 23 de julho, das 18h30 \u00e0s 21h, no audit\u00f3rio da Associa\u00e7\u00e3o Comercial e Industrial de Limeira (Acil), localizado na Rua Santa Cruz, 647, Centro. O evento \u00e9 gratuito e voltado a produtores rurais, empres\u00e1rios e demais interessados na cafeicultura.<\/p>\n<p>&#13;<\/p>\n<p>Promovido pela Bolsa Irriga, Netafim e Cooxup\u00e9, com apoio da Prefeitura de Limeira e do Sindicato Rural Patronal de Limeira, o encontro tem como objetivo apresentar as oportunidades, os desafios e o potencial da produ\u00e7\u00e3o de caf\u00e9 na regi\u00e3o, al\u00e9m de estimular o desenvolvimento da atividade.<\/p>\n<p>&#13;<\/p>\n<p>A secret\u00e1ria de Agroneg\u00f3cios e \u00c1reas Rurais, Antonieta Polatto, destaca que a iniciativa contribui para o fortalecimento do setor agr\u00edcola no munic\u00edpio. &#8220;O encontro incentiva a diversifica\u00e7\u00e3o das atividades no campo, promove o acesso \u00e0 inova\u00e7\u00e3o e \u00e0s novas tecnologias e fortalece o desenvolvimento sustent\u00e1vel do agroneg\u00f3cio local&#8221;, afirma.<\/p>\n<p>&#13;<\/p>\n<p>A programa\u00e7\u00e3o inclui palestras sobre viabilidade econ\u00f4mica da cafeicultura, tecnologias de irriga\u00e7\u00e3o, manejo da cultura e tend\u00eancias de mercado. O evento tamb\u00e9m ser\u00e1 um espa\u00e7o para troca de experi\u00eancias, atualiza\u00e7\u00e3o t\u00e9cnica e aproxima\u00e7\u00e3o entre produtores, empresas e especialistas do setor. Os interessados devem confirmar presen\u00e7a pelo telefone (19) 99816-0542.<\/p>\n<p>&#13;<br \/>\n&#13;<br \/>\n&#13;<br \/>\n&#13;<\/p>\n<article class=\"conteudo-relacionado no-print\">&#13;<\/p>\n<header class=\"list-header\">&#13;<\/p>\n<h4>Conte\u00fados Relacionados<\/h4>\n<p>&#13;<br \/>\n        <\/header>\n<p>&#13;<br \/>\n&#13;<br \/>\n        &#13;<br \/>\n    <\/article>\n<p>&#13;<br \/>\n&#13;\n                <\/p><\/div>\n<p><br \/>\n<br \/><a href=\"https:\/\/limeira.sp.gov.br\/limeira-recebe-encontro-sobre-potencial-da-cafeicultura-na-regiao\" rel=\"noopener\">Informa\u00e7\u00f5es da PML <\/a><\/p>\n","protected":false},"excerpt":{"rendered":"<p>&#13; &#13; &#13; &#13; &#13; &#13; &#13; &#13; &#13; In\u00edcio&#13; &#13; &#13; &#13; &#13; &#13; &#13; &#13; &#13; Evento gratuito re\u00fane especialistas e produtores para discutir oportunidades, tecnologias e perspectivas da produ\u00e7\u00e3o de caf\u00e9&#13; &#13; &#13; &#13; &#13; &#13; &#13; &#13; &#13; A Prefeitura de Limeira apoia a realiza\u00e7\u00e3o do encontro &#8220;Viabilidade do Caf\u00e9 em [&hellip;]<\/p>\n","protected":false},"author":1,"featured_media":71706,"comment_status":"","ping_status":"open","sticky":false,"template":"","format":"standard","meta":{"_jetpack_newsletter_access":"","_jetpack_dont_email_post_to_subs":false,"_jetpack_newsletter_tier_id":0,"_jetpack_memberships_contains_paywalled_content":false,"_mbp_banners":[],"_jetpack_feature_clip_id":0,"_jetpack_memberships_contains_paid_content":false,"footnotes":"","jetpack_publicize_message":"","jetpack_publicize_feature_enabled":true,"jetpack_social_post_already_shared":true,"jetpack_social_options":{"image_generator_settings":{"template":"highway","default_image_id":0,"font":"","enabled":false},"version":2},"jetpack_post_was_ever_published":false},"categories":[16],"tags":[],"class_list":["post-71705","post","type-post","status-publish","format-standard","has-post-thumbnail","category-local"],"jetpack_publicize_connections":[],"jetpack-related-posts":[],"jetpack_shortlink":"https:\/\/wp.me\/p7Eq1F-iEx","jetpack_sharing_enabled":true,"jetpack_featured_media_url":"https:\/\/i0.wp.com\/guialimeira.com.br\/news\/wp-content\/uploads\/2026\/07\/m_137_0_1_08072026111623.jpg?fit=1024%2C685&ssl=1","_links":{"self":[{"href":"https:\/\/guialimeira.com.br\/news\/wp-json\/wp\/v2\/posts\/71705","targetHints":{"allow":["GET"]}}],"collection":[{"href":"https:\/\/guialimeira.com.br\/news\/wp-json\/wp\/v2\/posts"}],"about":[{"href":"https:\/\/guialimeira.com.br\/news\/wp-json\/wp\/v2\/types\/post"}],"author":[{"embeddable":true,"href":"https:\/\/guialimeira.com.br\/news\/wp-json\/wp\/v2\/users\/1"}],"replies":[{"embeddable":true,"href":"https:\/\/guialimeira.com.br\/news\/wp-json\/wp\/v2\/comments?post=71705"}],"version-history":[{"count":0,"href":"https:\/\/guialimeira.com.br\/news\/wp-json\/wp\/v2\/posts\/71705\/revisions"}],"wp:featuredmedia":[{"embeddable":true,"href":"https:\/\/guialimeira.com.br\/news\/wp-json\/wp\/v2\/media\/71706"}],"wp:attachment":[{"href":"https:\/\/guialimeira.com.br\/news\/wp-json\/wp\/v2\/media?parent=71705"}],"wp:term":[{"taxonomy":"category","embeddable":true,"href":"https:\/\/guialimeira.com.br\/news\/wp-json\/wp\/v2\/categories?post=71705"},{"taxonomy":"post_tag","embeddable":true,"href":"https:\/\/guialimeira.com.br\/news\/wp-json\/wp\/v2\/tags?post=71705"}],"curies":[{"name":"wp","href":"https:\/\/api.w.org\/{rel}","templated":true}]}}