{"id":71692,"date":"2026-07-08T10:07:15","date_gmt":"2026-07-08T13:07:15","guid":{"rendered":"https:\/\/guialimeira.com.br\/prefeitura-de-limeira-abre-novo-processo-seletivo-para-estagiarios\/"},"modified":"2026-07-08T10:07:15","modified_gmt":"2026-07-08T13:07:15","slug":"prefeitura-de-limeira-abre-novo-processo-seletivo-para-estagiarios","status":"publish","type":"post","link":"https:\/\/guialimeira.com.br\/news\/prefeitura-de-limeira-abre-novo-processo-seletivo-para-estagiarios\/","title":{"rendered":"Prefeitura de Limeira abre novo processo seletivo para estagi\u00e1rios"},"content":{"rendered":"<p> <br \/>\n<\/p>\n<div id=\"\">&#13;<br \/>\n                    &#13;<br \/>\n&#13;<br \/>\n&#13;<br \/>\n&#13;<br \/>\n&#13;<br \/>\n&#13;<br \/>\n    <img data-recalc-dims=\"1\" decoding=\"async\" src=\"https:\/\/i0.wp.com\/ecrie.com.br\/sistema\/conteudos\/imagem\/m_137_0_1_08072026100231.jpeg?w=696&#038;ssl=1\" alt=\"Prefeitura de Limeira abre novo processo seletivo para estagi\u00e1rios\"\/>&#13;<br \/>\n&#13;<br \/>\n&#13;<\/p>\n<p style=\"text-align: justify;\">A Prefeitura de Limeira est\u00e1 com inscri\u00e7\u00f5es abertas para um novo processo seletivo de estagi\u00e1rios destinado \u00e0 forma\u00e7\u00e3o de cadastro reserva para estudantes do ensino m\u00e9dio, t\u00e9cnico e superior. As inscri\u00e7\u00f5es podem ser realizadas at\u00e9 o dia 20 de julho, exclusivamente pelo portal da Zoom Educa, no endere\u00e7o: recrutamento-brasil.zoomeduca.com.br\/portal .<\/p>\n<p>&#13;<\/p>\n<p style=\"text-align: justify;\">Podem participar do processo seletivo candidatos com, no m\u00ednimo, 16 anos completos na data de in\u00edcio do est\u00e1gio, regularmente matriculados e com frequ\u00eancia ativa em institui\u00e7\u00f5es de ensino p\u00fablicas ou privadas, em um dos cursos previstos no edital.<\/p>\n<p>&#13;<\/p>\n<p style=\"text-align: justify;\">Conforme legisla\u00e7\u00e3o vigente, 10% das vagas oferecidas por curso s\u00e3o reservadas \u00e0s pessoas com defici\u00eancia (PCDs), refor\u00e7ando o compromisso da Prefeitura de Limeira com a inclus\u00e3o e a igualdade de oportunidades.<\/p>\n<p>&#13;<\/p>\n<p style=\"text-align: justify;\">A iniciativa tem como objetivo formar cadastro reserva para futuras oportunidades de est\u00e1gio, proporcionando aos estudantes a viv\u00eancia pr\u00e1tica no servi\u00e7o p\u00fablico e contribuindo para sua forma\u00e7\u00e3o profissional.<\/p>\n<p>&#13;<\/p>\n<p style=\"text-align: justify;\">As oportunidades s\u00e3o destinadas aos cursos de Ensino M\u00e9dio, T\u00e9cnico em Administra\u00e7\u00e3o, Administra\u00e7\u00e3o, Administra\u00e7\u00e3o P\u00fablica, Gest\u00e3o Administrativa, Gest\u00e3o P\u00fablica, Recursos Humanos, Ci\u00eancias Cont\u00e1beis, Ci\u00eancias Econ\u00f4micas, Pol\u00edticas P\u00fablicas, Direito, Arquitetura e Urbanismo, Engenharia Civil, An\u00e1lise e Desenvolvimento de Sistemas, Ci\u00eancia da Computa\u00e7\u00e3o, Inform\u00e1tica, Seguran\u00e7a da Informa\u00e7\u00e3o, Enfermagem, Nutri\u00e7\u00e3o, Pedagogia, Letras, Artes, Artes Visuais, Psicologia, Servi\u00e7o Social, Educa\u00e7\u00e3o F\u00edsica, Ci\u00eancias do Esporte, Propaganda e Marketing, Comunica\u00e7\u00e3o Social, Jornalismo, Marketing e Publicidade e Propaganda.<\/p>\n<p>&#13;<\/p>\n<p style=\"text-align: justify;\"><strong>BOLSA-AUX\u00cdLIO<\/strong><br \/>Os valores variam conforme o n\u00edvel de ensino e a carga hor\u00e1ria semanal<\/p>\n<p>&#13;<\/p>\n<p style=\"text-align: justify;\">Ensino Superior \u2013 30 horas semanais (6h di\u00e1rias): R$ 1.000,00<br \/>Ensino Superior \u2013 20 horas semanais (4h di\u00e1rias): R$ 666,66<br \/>Ensino M\u00e9dio e\/ou T\u00e9cnico &#8211; 30 horas semanais (6 h di\u00e1rias): R$ 666,12<br \/>Ensino M\u00e9dio e\/ou T\u00e9cnico &#8211; 20 horas semanais (4 h di\u00e1rias): R$ 444,08<\/p>\n<p>&#13;<br \/>\n&#13;<br \/>\n&#13;<br \/>\n&#13;<\/p>\n<article class=\"conteudo-relacionado no-print\">&#13;<br \/>\n        &#13;<br \/>\n&#13;<br \/>\n        &#13;<br \/>\n    <\/article>\n<p>&#13;<br \/>\n&#13;\n                <\/p><\/div>\n<p><br \/>\n<br \/><a href=\"https:\/\/limeira.sp.gov.br\/prefeitura-de-limeira-abre-novo-processo-seletivo-para-estagiarios\" rel=\"noopener\">Informa\u00e7\u00f5es da PML <\/a><\/p>\n","protected":false},"excerpt":{"rendered":"<p>&#13; &#13; &#13; &#13; &#13; &#13; &#13; &#13; &#13; &#13; A Prefeitura de Limeira est\u00e1 com inscri\u00e7\u00f5es abertas para um novo processo seletivo de estagi\u00e1rios destinado \u00e0 forma\u00e7\u00e3o de cadastro reserva para estudantes do ensino m\u00e9dio, t\u00e9cnico e superior. As inscri\u00e7\u00f5es podem ser realizadas at\u00e9 o dia 20 de julho, exclusivamente pelo portal da Zoom [&hellip;]<\/p>\n","protected":false},"author":1,"featured_media":71693,"comment_status":"","ping_status":"open","sticky":false,"template":"","format":"standard","meta":{"_jetpack_newsletter_access":"","_jetpack_dont_email_post_to_subs":false,"_jetpack_newsletter_tier_id":0,"_jetpack_memberships_contains_paywalled_content":false,"_mbp_banners":[],"_jetpack_feature_clip_id":0,"_jetpack_memberships_contains_paid_content":false,"footnotes":"","jetpack_publicize_message":"","jetpack_publicize_feature_enabled":true,"jetpack_social_post_already_shared":true,"jetpack_social_options":{"image_generator_settings":{"template":"highway","default_image_id":0,"font":"","enabled":false},"version":2},"jetpack_post_was_ever_published":false},"categories":[16],"tags":[],"class_list":["post-71692","post","type-post","status-publish","format-standard","has-post-thumbnail","category-local"],"jetpack_publicize_connections":[],"jetpack-related-posts":[],"jetpack_shortlink":"https:\/\/wp.me\/p7Eq1F-iEk","jetpack_sharing_enabled":true,"jetpack_featured_media_url":"https:\/\/i0.wp.com\/guialimeira.com.br\/news\/wp-content\/uploads\/2026\/07\/m_137_0_1_08072026100231.jpeg?fit=1024%2C559&ssl=1","_links":{"self":[{"href":"https:\/\/guialimeira.com.br\/news\/wp-json\/wp\/v2\/posts\/71692","targetHints":{"allow":["GET"]}}],"collection":[{"href":"https:\/\/guialimeira.com.br\/news\/wp-json\/wp\/v2\/posts"}],"about":[{"href":"https:\/\/guialimeira.com.br\/news\/wp-json\/wp\/v2\/types\/post"}],"author":[{"embeddable":true,"href":"https:\/\/guialimeira.com.br\/news\/wp-json\/wp\/v2\/users\/1"}],"replies":[{"embeddable":true,"href":"https:\/\/guialimeira.com.br\/news\/wp-json\/wp\/v2\/comments?post=71692"}],"version-history":[{"count":0,"href":"https:\/\/guialimeira.com.br\/news\/wp-json\/wp\/v2\/posts\/71692\/revisions"}],"wp:featuredmedia":[{"embeddable":true,"href":"https:\/\/guialimeira.com.br\/news\/wp-json\/wp\/v2\/media\/71693"}],"wp:attachment":[{"href":"https:\/\/guialimeira.com.br\/news\/wp-json\/wp\/v2\/media?parent=71692"}],"wp:term":[{"taxonomy":"category","embeddable":true,"href":"https:\/\/guialimeira.com.br\/news\/wp-json\/wp\/v2\/categories?post=71692"},{"taxonomy":"post_tag","embeddable":true,"href":"https:\/\/guialimeira.com.br\/news\/wp-json\/wp\/v2\/tags?post=71692"}],"curies":[{"name":"wp","href":"https:\/\/api.w.org\/{rel}","templated":true}]}}