{"id":71684,"date":"2026-07-08T08:31:15","date_gmt":"2026-07-08T11:31:15","guid":{"rendered":"https:\/\/guialimeira.com.br\/limeira-divulga-programacao-cultural-para-os-proximos-dias\/"},"modified":"2026-07-08T08:31:15","modified_gmt":"2026-07-08T11:31:15","slug":"limeira-divulga-programacao-cultural-para-os-proximos-dias","status":"publish","type":"post","link":"https:\/\/guialimeira.com.br\/news\/limeira-divulga-programacao-cultural-para-os-proximos-dias\/","title":{"rendered":"Limeira divulga programa\u00e7\u00e3o cultural para os pr\u00f3ximos dias"},"content":{"rendered":"<p> <br \/>\n<\/p>\n<div id=\"\">&#13;<br \/>\n                    &#13;<br \/>\n&#13;<br \/>\n&#13;<br \/>\n&#13;<br \/>\n&#13;<br \/>\n&#13;<br \/>\n    <img data-recalc-dims=\"1\" decoding=\"async\" src=\"https:\/\/i0.wp.com\/ecrie.com.br\/sistema\/conteudos\/imagem\/m_137_0_1_10122025154043.jpeg?w=696&#038;ssl=1\" alt=\"Limeira divulga programa\u00e7\u00e3o cultural para os pr\u00f3ximos dias\"\/>&#13;<br \/>\n&#13;<br \/>\n&#13;<\/p>\n<p data-path-to-node=\"2\">A Prefeitura de Limeira apresenta uma intensa programa\u00e7\u00e3o cultural e de lazer para os pr\u00f3ximos dias. O cronograma traz atra\u00e7\u00f5es que movimentam o Teatro Vit\u00f3ria, as pra\u00e7as e as bibliotecas do munic\u00edpio, com destaques para festivais de dan\u00e7a, encontros de colecionadores, troca de livros e atividades especiais de f\u00e9rias para as crian\u00e7as.<\/p>\n<p>&#13;<\/p>\n<p data-path-to-node=\"3\">A agenda come\u00e7a nesta quarta-feira (8), na Biblioteca Municipal (Parque Cidade), com o projeto &#8220;Banca de Trocas de Livros e Gibis&#8221;, das 17h \u00e0s 19h. A iniciativa, que ocorre tradicionalmente na segunda quarta-feira do m\u00eas, visa incentivar a circula\u00e7\u00e3o de leituras. Para participar, o p\u00fablico deve levar livros de literatura em bom estado (n\u00e3o s\u00e3o aceitos materiais did\u00e1ticos, apostilas ou enciclop\u00e9dias). Mais tarde, \u00e0s 19h30, o Teatro Vit\u00f3ria recebe a Mostra Cultural &#8220;Ruas da Vida &#8211; Aldeia&#8221;, realizada pelo Aldeia Movimento Pr\u00f3 Cultura, com apresenta\u00e7\u00f5es gratuitas inspiradas em brincadeiras de rua e mem\u00f3rias afetivas da inf\u00e2ncia.<\/p>\n<p>&#13;<\/p>\n<p data-path-to-node=\"4\">Na sexta-feira (10), \u00e0s 20h, o palco do Teatro Vit\u00f3ria sedia o &#8220;Festival de Dan\u00e7a de Inverno&#8221;, promovido pelo Studio HIIT e Dan\u00e7a. O espet\u00e1culo re\u00fane coreografias de diferentes estilos e tem car\u00e1ter filantr\u00f3pico: a entrada \u00e9 um ingresso solid\u00e1rio, trocado por um produto de higiene ou de limpeza.<\/p>\n<p>&#13;<\/p>\n<h3 data-path-to-node=\"5\"><strong data-path-to-node=\"5\" data-index-in-node=\"0\">Fim de Semana e F\u00e9rias Escolares<\/strong><\/h3>\n<p>&#13;<\/p>\n<p data-path-to-node=\"6\">O s\u00e1bado (11) conta com a tradicional Feira de Artes e Gastronomia na Pra\u00e7a Toledo Barros, das 9h \u00e0s 14h. J\u00e1 o domingo (12) reserva uma manh\u00e3 movimentada na pra\u00e7a central. Das 8h \u00e0s 12h, acontece o encontro de carros antigos &#8220;Domingo das Rel\u00edquias&#8221;, organizado pelo Clube de Carros Antigos de Limeira. No mesmo espa\u00e7o, a partir das 10h30, a Banda Henrique Marques comanda a retreta dominical no Coreto com cl\u00e1ssicos instrumentais.<\/p>\n<p>&#13;<\/p>\n<p data-path-to-node=\"7\">Para abrir a semana de f\u00e9rias escolares, a Biblioteca Municipal (Parque Cidade &#8211; H\u00edpica) realiza na segunda (13) e na ter\u00e7a-feira (14), das 14h30 \u00e0s 17h, o &#8220;F\u00e9rias na Biblioteca: Dia de Jogar&#8221;. A atividade disponibiliza jogos infantis e brinquedos do acervo do local para promover divers\u00e3o, intera\u00e7\u00e3o e aprendizado gratuito para os pequenos.<\/p>\n<p>&#13;<\/p>\n<p data-path-to-node=\"9\"><strong data-path-to-node=\"9\" data-index-in-node=\"0\">Servi\u00e7o:<\/strong><\/p>\n<p>&#13;<\/p>\n<p data-path-to-node=\"10\"><strong data-path-to-node=\"10\" data-index-in-node=\"0\">Banca de Trocas de Livros e Gibis<\/strong><\/p>\n<p>&#13;<\/p>\n<ul data-path-to-node=\"11\">&#13;<\/p>\n<li>&#13;\n<p data-path-to-node=\"11,0,0\"><strong data-path-to-node=\"11,0,0\" data-index-in-node=\"0\">Data:<\/strong> 8 de julho (quarta-feira) | <strong data-path-to-node=\"11,0,0\" data-index-in-node=\"34\">Hor\u00e1rio:<\/strong> Das 17h \u00e0s 19h<\/p>\n<p>&#13;\n<\/li>\n<p>&#13;<\/p>\n<li>&#13;\n<p data-path-to-node=\"11,1,0\"><strong data-path-to-node=\"11,1,0\" data-index-in-node=\"0\">Local:<\/strong> Biblioteca Municipal (Parque Cidade)<\/p>\n<p>&#13;\n<\/li>\n<p>&#13;<\/p>\n<li>&#13;\n<p data-path-to-node=\"11,2,0\"><strong data-path-to-node=\"11,2,0\" data-index-in-node=\"0\">Entrada:<\/strong> Gratuita | <strong data-path-to-node=\"11,2,0\" data-index-in-node=\"20\">Classifica\u00e7\u00e3o:<\/strong> Livre<\/p>\n<p>&#13;\n<\/li>\n<p>&#13;\n<\/ul>\n<p>&#13;<\/p>\n<p data-path-to-node=\"12\"><strong data-path-to-node=\"12\" data-index-in-node=\"0\">Mostra Cultural: Ruas da Vida &#8211; ALDEIA<\/strong><\/p>\n<p>&#13;<\/p>\n<ul data-path-to-node=\"13\">&#13;<\/p>\n<li>&#13;\n<p data-path-to-node=\"13,0,0\"><strong data-path-to-node=\"13,0,0\" data-index-in-node=\"0\">Data:<\/strong> 8 de julho (quarta-feira) | <strong data-path-to-node=\"13,0,0\" data-index-in-node=\"34\">Hor\u00e1rio:<\/strong> 19h30<\/p>\n<p>&#13;\n<\/li>\n<p>&#13;<\/p>\n<li>&#13;\n<p data-path-to-node=\"13,1,0\"><strong data-path-to-node=\"13,1,0\" data-index-in-node=\"0\">Local:<\/strong> Teatro Vit\u00f3ria (Pra\u00e7a Toledo Barros, s\/n\u00ba &#8211; Centro)<\/p>\n<p>&#13;\n<\/li>\n<p>&#13;<\/p>\n<li>&#13;\n<p data-path-to-node=\"13,2,0\"><strong data-path-to-node=\"13,2,0\" data-index-in-node=\"0\">Entrada:<\/strong> Gratuita | <strong data-path-to-node=\"13,2,0\" data-index-in-node=\"20\">Classifica\u00e7\u00e3o:<\/strong> Livre<\/p>\n<p>&#13;\n<\/li>\n<p>&#13;\n<\/ul>\n<p>&#13;<\/p>\n<p data-path-to-node=\"14\"><strong data-path-to-node=\"14\" data-index-in-node=\"0\">Dan\u00e7a: Festival de Dan\u00e7a de Inverno<\/strong><\/p>\n<p>&#13;<\/p>\n<ul data-path-to-node=\"15\">&#13;<\/p>\n<li>&#13;\n<p data-path-to-node=\"15,0,0\"><strong data-path-to-node=\"15,0,0\" data-index-in-node=\"0\">Data:<\/strong> 10 de julho (sexta-feira) | <strong data-path-to-node=\"15,0,0\" data-index-in-node=\"34\">Hor\u00e1rio:<\/strong> 20h<\/p>\n<p>&#13;\n<\/li>\n<p>&#13;<\/p>\n<li>&#13;\n<p data-path-to-node=\"15,1,0\"><strong data-path-to-node=\"15,1,0\" data-index-in-node=\"0\">Local:<\/strong> Teatro Vit\u00f3ria (Centro)<\/p>\n<p>&#13;\n<\/li>\n<p>&#13;<\/p>\n<li>&#13;\n<p data-path-to-node=\"15,2,0\"><strong data-path-to-node=\"15,2,0\" data-index-in-node=\"0\">Entrada:<\/strong> Ingresso solid\u00e1rio (1 produto de higiene ou limpeza)<\/p>\n<p>&#13;\n<\/li>\n<p>&#13;\n<\/ul>\n<p>&#13;<\/p>\n<p data-path-to-node=\"16\"><strong data-path-to-node=\"16\" data-index-in-node=\"0\">Feira de Artes e Gastronomia<\/strong><\/p>\n<p>&#13;<br \/>\n&#13;<\/p>\n<p data-path-to-node=\"18\"><strong data-path-to-node=\"18\" data-index-in-node=\"0\">Encontro de Carros Antigos: Domingo das Rel\u00edquias<\/strong><\/p>\n<p>&#13;<\/p>\n<ul data-path-to-node=\"19\">&#13;<\/p>\n<li>&#13;\n<p data-path-to-node=\"19,0,0\"><strong data-path-to-node=\"19,0,0\" data-index-in-node=\"0\">Data:<\/strong> 12 de julho (domingo) | <strong data-path-to-node=\"19,0,0\" data-index-in-node=\"30\">Hor\u00e1rio:<\/strong> Das 8h \u00e0s 12h<\/p>\n<p>&#13;\n<\/li>\n<p>&#13;<\/p>\n<li>&#13;\n<p data-path-to-node=\"19,1,0\"><strong data-path-to-node=\"19,1,0\" data-index-in-node=\"0\">Local:<\/strong> Pra\u00e7a Toledo Barros (Centro)<\/p>\n<p>&#13;\n<\/li>\n<p>&#13;<\/p>\n<li>&#13;\n<p data-path-to-node=\"19,2,0\"><strong data-path-to-node=\"19,2,0\" data-index-in-node=\"0\">Entrada:<\/strong> Gratuita | <strong data-path-to-node=\"19,2,0\" data-index-in-node=\"20\">Classifica\u00e7\u00e3o:<\/strong> Livre<\/p>\n<p>&#13;\n<\/li>\n<p>&#13;\n<\/ul>\n<p>&#13;<\/p>\n<p data-path-to-node=\"20\"><strong data-path-to-node=\"20\" data-index-in-node=\"0\">M\u00fasica na Pra\u00e7a: Banda Henrique Marques<\/strong><\/p>\n<p>&#13;<\/p>\n<ul data-path-to-node=\"21\">&#13;<\/p>\n<li>&#13;\n<p data-path-to-node=\"21,0,0\"><strong data-path-to-node=\"21,0,0\" data-index-in-node=\"0\">Data:<\/strong> 12 de julho (domingo) | <strong data-path-to-node=\"21,0,0\" data-index-in-node=\"30\">Hor\u00e1rio:<\/strong> 10h30<\/p>\n<p>&#13;\n<\/li>\n<p>&#13;<\/p>\n<li>&#13;\n<p data-path-to-node=\"21,1,0\"><strong data-path-to-node=\"21,1,0\" data-index-in-node=\"0\">Local:<\/strong> Coreto da Pra\u00e7a Toledo Barros<\/p>\n<p>&#13;\n<\/li>\n<p>&#13;<\/p>\n<li>&#13;\n<p data-path-to-node=\"21,2,0\"><strong data-path-to-node=\"21,2,0\" data-index-in-node=\"0\">Entrada:<\/strong> Gratuita | <strong data-path-to-node=\"21,2,0\" data-index-in-node=\"20\">Classifica\u00e7\u00e3o:<\/strong> Livre<\/p>\n<p>&#13;\n<\/li>\n<p>&#13;\n<\/ul>\n<p>&#13;<\/p>\n<p data-path-to-node=\"22\"><strong data-path-to-node=\"22\" data-index-in-node=\"0\">F\u00e9rias na Biblioteca: Dia de Jogar (Jogos Infantis)<\/strong><\/p>\n<p>&#13;<\/p>\n<ul data-path-to-node=\"23\">&#13;<\/p>\n<li>&#13;\n<p data-path-to-node=\"23,0,0\"><strong data-path-to-node=\"23,0,0\" data-index-in-node=\"0\">Data:<\/strong> 13 e 14 de julho (segunda e ter\u00e7a-feira) | <strong data-path-to-node=\"23,0,0\" data-index-in-node=\"49\">Hor\u00e1rio:<\/strong> Das 14h30 \u00e0s 17h<\/p>\n<p>&#13;\n<\/li>\n<p>&#13;<\/p>\n<li>&#13;\n<p data-path-to-node=\"23,1,0\"><strong data-path-to-node=\"23,1,0\" data-index-in-node=\"0\">Local:<\/strong> Biblioteca Municipal (Parque Cidade &#8211; H\u00edpica)<\/p>\n<p>&#13;\n<\/li>\n<p>&#13;<\/p>\n<li>&#13;\n<p data-path-to-node=\"23,2,0\"><strong data-path-to-node=\"23,2,0\" data-index-in-node=\"0\">Entrada:<\/strong> Gratuita | <strong data-path-to-node=\"23,2,0\" data-index-in-node=\"20\">Classifica\u00e7\u00e3o:<\/strong> Livre<\/p>\n<p>&#13;\n<\/li>\n<p>&#13;\n<\/ul>\n<p>&#13;<br \/>\n&#13;<br \/>\n&#13;<br \/>\n&#13;<\/p>\n<article class=\"conteudo-relacionado no-print\">&#13;<br \/>\n        &#13;<br \/>\n&#13;<br \/>\n        &#13;<br \/>\n    <\/article>\n<p>&#13;<br \/>\n&#13;\n                <\/p><\/div>\n<p><br \/>\n<br \/><a href=\"https:\/\/limeira.sp.gov.br\/limeira-divulga-programacao-cultural-para-os-proximos-dias\" rel=\"noopener\">Informa\u00e7\u00f5es da PML <\/a><\/p>\n","protected":false},"excerpt":{"rendered":"<p>&#13; &#13; &#13; &#13; &#13; &#13; &#13; &#13; &#13; &#13; A Prefeitura de Limeira apresenta uma intensa programa\u00e7\u00e3o cultural e de lazer para os pr\u00f3ximos dias. O cronograma traz atra\u00e7\u00f5es que movimentam o Teatro Vit\u00f3ria, as pra\u00e7as e as bibliotecas do munic\u00edpio, com destaques para festivais de dan\u00e7a, encontros de colecionadores, troca de livros e [&hellip;]<\/p>\n","protected":false},"author":1,"featured_media":51101,"comment_status":"","ping_status":"open","sticky":false,"template":"","format":"standard","meta":{"_jetpack_newsletter_access":"","_jetpack_dont_email_post_to_subs":false,"_jetpack_newsletter_tier_id":0,"_jetpack_memberships_contains_paywalled_content":false,"_mbp_banners":[],"_jetpack_feature_clip_id":0,"_jetpack_memberships_contains_paid_content":false,"footnotes":"","jetpack_publicize_message":"","jetpack_publicize_feature_enabled":true,"jetpack_social_post_already_shared":true,"jetpack_social_options":{"image_generator_settings":{"template":"highway","default_image_id":0,"font":"","enabled":false},"version":2},"jetpack_post_was_ever_published":false},"categories":[16],"tags":[],"class_list":["post-71684","post","type-post","status-publish","format-standard","has-post-thumbnail","category-local"],"jetpack_publicize_connections":[],"jetpack-related-posts":[],"jetpack_shortlink":"https:\/\/wp.me\/p7Eq1F-iEc","jetpack_sharing_enabled":true,"jetpack_featured_media_url":"https:\/\/i0.wp.com\/guialimeira.com.br\/news\/wp-content\/uploads\/2025\/12\/m_137_0_1_10122025154043.jpeg?fit=848%2C570&ssl=1","_links":{"self":[{"href":"https:\/\/guialimeira.com.br\/news\/wp-json\/wp\/v2\/posts\/71684","targetHints":{"allow":["GET"]}}],"collection":[{"href":"https:\/\/guialimeira.com.br\/news\/wp-json\/wp\/v2\/posts"}],"about":[{"href":"https:\/\/guialimeira.com.br\/news\/wp-json\/wp\/v2\/types\/post"}],"author":[{"embeddable":true,"href":"https:\/\/guialimeira.com.br\/news\/wp-json\/wp\/v2\/users\/1"}],"replies":[{"embeddable":true,"href":"https:\/\/guialimeira.com.br\/news\/wp-json\/wp\/v2\/comments?post=71684"}],"version-history":[{"count":0,"href":"https:\/\/guialimeira.com.br\/news\/wp-json\/wp\/v2\/posts\/71684\/revisions"}],"wp:featuredmedia":[{"embeddable":true,"href":"https:\/\/guialimeira.com.br\/news\/wp-json\/wp\/v2\/media\/51101"}],"wp:attachment":[{"href":"https:\/\/guialimeira.com.br\/news\/wp-json\/wp\/v2\/media?parent=71684"}],"wp:term":[{"taxonomy":"category","embeddable":true,"href":"https:\/\/guialimeira.com.br\/news\/wp-json\/wp\/v2\/categories?post=71684"},{"taxonomy":"post_tag","embeddable":true,"href":"https:\/\/guialimeira.com.br\/news\/wp-json\/wp\/v2\/tags?post=71684"}],"curies":[{"name":"wp","href":"https:\/\/api.w.org\/{rel}","templated":true}]}}