{"id":71600,"date":"2026-07-07T11:55:23","date_gmt":"2026-07-07T14:55:23","guid":{"rendered":"https:\/\/guialimeira.com.br\/prefeitura-de-limeira-abre-inscricoes-para-curso-gratuito-na-area-da-eletrica\/"},"modified":"2026-07-07T11:55:23","modified_gmt":"2026-07-07T14:55:23","slug":"prefeitura-de-limeira-abre-inscricoes-para-curso-gratuito-na-area-da-eletrica","status":"publish","type":"post","link":"https:\/\/guialimeira.com.br\/news\/prefeitura-de-limeira-abre-inscricoes-para-curso-gratuito-na-area-da-eletrica\/","title":{"rendered":"Prefeitura de Limeira abre inscri\u00e7\u00f5es para curso gratuito na \u00e1rea da el\u00e9trica"},"content":{"rendered":"<p> <br \/>\n<\/p>\n<div>\n                <main class=\"\">&#13;<br \/>\n                    &#13;<br \/>\n&#13;<br \/>\n&#13;<br \/>\n&#13;<br \/>\n&#13;<br \/>\n&#13;<br \/>\n    <img data-recalc-dims=\"1\" decoding=\"async\" src=\"https:\/\/i0.wp.com\/ecrie.com.br\/sistema\/conteudos\/imagem\/m_137_0_1_07072026115001.jpg?w=696&#038;ssl=1\" alt=\"Prefeitura de Limeira abre inscri\u00e7\u00f5es para curso gratuito na \u00e1rea da el\u00e9trica\"\/>&#13;<br \/>\n&#13;<br \/>\n&#13;<\/p>\n<p>A Secretaria de Promo\u00e7\u00e3o Social (Seprosom), em parceria com o Senar (Servi\u00e7o Nacional de Aprendizagem Rural), est\u00e1 com inscri\u00e7\u00f5es abertas para o curso gratuito &#8220;Eletricista &#8211; instala\u00e7\u00f5es el\u00e9tricas de baixa tens\u00e3o&#8221;. A capacita\u00e7\u00e3o oferece 16 vagas e tem como objetivo qualificar moradores de Limeira para atuar na \u00e1rea de el\u00e9trica de baixa tens\u00e3o, ampliando as oportunidades de inser\u00e7\u00e3o no mercado de trabalho. O curso ser\u00e1 realizado nos dias 13, 14, 15 e 16 de julho, das 8h \u00e0s 17h, no NAC, na Av. Dr. Lauro Corr\u00eaa da Silva, n\u00ba 3.800.<\/p>\n<p>&#13;<\/p>\n<p>Podem participar pessoas alfabetizadas, com 18 anos ou mais, residentes em Limeira e que apresentem condi\u00e7\u00f5es f\u00edsicas e mentais para acompanhar as atividades pr\u00e1ticas.<\/p>\n<p>&#13;<\/p>\n<p>As inscri\u00e7\u00f5es s\u00e3o gratuitas e seguem abertas at\u00e9 o preenchimento das vagas. O formul\u00e1rio de pr\u00e9-sele\u00e7\u00e3o est\u00e1 dispon\u00edvel em <a href=\"https:\/\/forms.gle\/FNdk4XBAfakmjeyr5\" rel=\"noopener\">https:\/\/forms.gle\/FNdk4XBAfakmjeyr5<\/a>. Tamb\u00e9m \u00e9 poss\u00edvel se inscrever presencialmente no NAC, de segunda a sexta-feira, das 8h \u00e0s 17h.<\/p>\n<p>&#13;<\/p>\n<p><strong>Sobre o curso<\/strong><\/p>\n<p>&#13;<\/p>\n<p>Com carga hor\u00e1ria de 32 horas, o curso ser\u00e1 realizado nos dias 13, 14, 15 e 16 de julho, das 8h \u00e0s 17h, no NAC, com intervalo de uma hora para o almo\u00e7o. Durante a capacita\u00e7\u00e3o, os participantes desenvolver\u00e3o habilidades no uso de ferramentas e t\u00e9cnicas de instala\u00e7\u00f5es el\u00e9tricas de baixa tens\u00e3o, onde aprender\u00e3o a montar pain\u00e9is, planejar croquis, dimensionar fia\u00e7\u00f5es e instalar disjuntores e tomadas residenciais ou comerciais com seguran\u00e7a.<\/p>\n<p>&#13;<\/p>\n<p><strong>Informa\u00e7\u00f5es<\/strong><br \/>Mais informa\u00e7\u00f5es podem ser obtidas pelos telefones (19) 3404-6209 (fixo e WhatsApp) e (19) 3404-6210. O Nisp tamb\u00e9m divulga novas turmas e oportunidades de qualifica\u00e7\u00e3o profissional em seu canal no WhatsApp: <a href=\"https:\/\/whatsapp.com\/channel\/0029VamHf0GIN9isteGu5l3N\" rel=\"noopener\">https:\/\/whatsapp.com\/channel\/0029VamHf0GIN9isteGu5l3N<\/a>.<\/p>\n<p>A iniciativa est\u00e1 alinhada ao Objetivo de Desenvolvimento Sustent\u00e1vel (ODS) 8 da ONU, que promove o trabalho decente, a qualifica\u00e7\u00e3o profissional e o crescimento econ\u00f4mico inclusivo, ampliando as oportunidades de gera\u00e7\u00e3o de renda e fortalecendo a atividade rural<\/p>\n<p>&#13;<br \/>\n&#13;<br \/>\n&#13;<br \/>\n&#13;<\/p>\n<article class=\"conteudo-relacionado no-print\">&#13;<br \/>\n        &#13;<br \/>\n&#13;<br \/>\n        &#13;<br \/>\n    <\/article>\n<p>&#13;<br \/>\n&#13;<br \/>\n                <\/main><\/p><\/div>\n<p><br \/>\n<br \/><a href=\"https:\/\/limeira.sp.gov.br\/prefeitura-de-limeira-abre-inscricoes-para-curso-gratuito-na-area-da-eletrica\" rel=\"noopener\">Informa\u00e7\u00f5es da PML <\/a><\/p>\n","protected":false},"excerpt":{"rendered":"<p>&#13; &#13; &#13; &#13; &#13; &#13; &#13; &#13; &#13; &#13; A Secretaria de Promo\u00e7\u00e3o Social (Seprosom), em parceria com o Senar (Servi\u00e7o Nacional de Aprendizagem Rural), est\u00e1 com inscri\u00e7\u00f5es abertas para o curso gratuito &#8220;Eletricista &#8211; instala\u00e7\u00f5es el\u00e9tricas de baixa tens\u00e3o&#8221;. A capacita\u00e7\u00e3o oferece 16 vagas e tem como objetivo qualificar moradores de Limeira para [&hellip;]<\/p>\n","protected":false},"author":1,"featured_media":71601,"comment_status":"","ping_status":"open","sticky":false,"template":"","format":"standard","meta":{"_jetpack_newsletter_access":"","_jetpack_dont_email_post_to_subs":false,"_jetpack_newsletter_tier_id":0,"_jetpack_memberships_contains_paywalled_content":false,"_mbp_banners":[],"_jetpack_feature_clip_id":0,"_jetpack_memberships_contains_paid_content":false,"footnotes":"","jetpack_publicize_message":"","jetpack_publicize_feature_enabled":true,"jetpack_social_post_already_shared":true,"jetpack_social_options":{"image_generator_settings":{"template":"highway","default_image_id":0,"font":"","enabled":false},"version":2},"jetpack_post_was_ever_published":false},"categories":[16],"tags":[],"class_list":["post-71600","post","type-post","status-publish","format-standard","has-post-thumbnail","category-local"],"jetpack_publicize_connections":[],"jetpack-related-posts":[],"jetpack_shortlink":"https:\/\/wp.me\/p7Eq1F-iCQ","jetpack_sharing_enabled":true,"jetpack_featured_media_url":"https:\/\/i0.wp.com\/guialimeira.com.br\/news\/wp-content\/uploads\/2026\/07\/m_137_0_1_07072026115001.jpg?fit=1024%2C555&ssl=1","_links":{"self":[{"href":"https:\/\/guialimeira.com.br\/news\/wp-json\/wp\/v2\/posts\/71600","targetHints":{"allow":["GET"]}}],"collection":[{"href":"https:\/\/guialimeira.com.br\/news\/wp-json\/wp\/v2\/posts"}],"about":[{"href":"https:\/\/guialimeira.com.br\/news\/wp-json\/wp\/v2\/types\/post"}],"author":[{"embeddable":true,"href":"https:\/\/guialimeira.com.br\/news\/wp-json\/wp\/v2\/users\/1"}],"replies":[{"embeddable":true,"href":"https:\/\/guialimeira.com.br\/news\/wp-json\/wp\/v2\/comments?post=71600"}],"version-history":[{"count":0,"href":"https:\/\/guialimeira.com.br\/news\/wp-json\/wp\/v2\/posts\/71600\/revisions"}],"wp:featuredmedia":[{"embeddable":true,"href":"https:\/\/guialimeira.com.br\/news\/wp-json\/wp\/v2\/media\/71601"}],"wp:attachment":[{"href":"https:\/\/guialimeira.com.br\/news\/wp-json\/wp\/v2\/media?parent=71600"}],"wp:term":[{"taxonomy":"category","embeddable":true,"href":"https:\/\/guialimeira.com.br\/news\/wp-json\/wp\/v2\/categories?post=71600"},{"taxonomy":"post_tag","embeddable":true,"href":"https:\/\/guialimeira.com.br\/news\/wp-json\/wp\/v2\/tags?post=71600"}],"curies":[{"name":"wp","href":"https:\/\/api.w.org\/{rel}","templated":true}]}}