{"id":71591,"date":"2026-07-07T10:27:44","date_gmt":"2026-07-07T13:27:44","guid":{"rendered":"https:\/\/guialimeira.com.br\/audiencia-publica-sobre-o-plano-municipal-de-igualdade-racial-acontece-nesta-terca-feira-em-limeira\/"},"modified":"2026-07-07T10:27:44","modified_gmt":"2026-07-07T13:27:44","slug":"audiencia-publica-sobre-o-plano-municipal-de-igualdade-racial-acontece-nesta-terca-feira-em-limeira","status":"publish","type":"post","link":"https:\/\/guialimeira.com.br\/news\/audiencia-publica-sobre-o-plano-municipal-de-igualdade-racial-acontece-nesta-terca-feira-em-limeira\/","title":{"rendered":"Audi\u00eancia p\u00fablica sobre o Plano Municipal de Igualdade Racial acontece nesta ter\u00e7a-feira em Limeira"},"content":{"rendered":"<p> <br \/>\n<\/p>\n<div>\n<h3 data-reticencias=\"34\">Limeira realiza ato c\u00edvico em homenagem \u00e0 Revolu\u00e7\u00e3o de 1932 nesta quinta-feira (9)<\/h3>\n<p class=\"descricao\" data-reticencias=\"44 [...]\">&#13;<br \/>\n                                    Cerim\u00f4nia aberta ao p\u00fablico ocorre \u00e0s 9h, na Pra\u00e7a Soldado Constitucionalista, com participa\u00e7\u00e3o de institui\u00e7\u00f5es civis e militares&#13;\n                                <\/p>\n<\/p><\/div>\n<p><br \/>\n<br \/><a href=\"https:\/\/limeira.sp.gov.br\/audiencia-publica-sobre-o-plano-municipal-de-igualdade-racial-acontece-nesta-terca-feira-em-limeira\" rel=\"noopener\">Informa\u00e7\u00f5es da PML <\/a><\/p>\n","protected":false},"excerpt":{"rendered":"<p>Limeira realiza ato c\u00edvico em homenagem \u00e0 Revolu\u00e7\u00e3o de 1932 nesta quinta-feira (9) &#13; Cerim\u00f4nia aberta ao p\u00fablico ocorre \u00e0s 9h, na Pra\u00e7a Soldado Constitucionalista, com participa\u00e7\u00e3o de institui\u00e7\u00f5es civis e militares&#13; Informa\u00e7\u00f5es da PML<\/p>\n","protected":false},"author":1,"featured_media":40933,"comment_status":"","ping_status":"open","sticky":false,"template":"","format":"standard","meta":{"_jetpack_newsletter_access":"","_jetpack_dont_email_post_to_subs":false,"_jetpack_newsletter_tier_id":0,"_jetpack_memberships_contains_paywalled_content":false,"_mbp_banners":[],"_jetpack_feature_clip_id":0,"_jetpack_memberships_contains_paid_content":false,"footnotes":"","jetpack_publicize_message":"","jetpack_publicize_feature_enabled":true,"jetpack_social_post_already_shared":true,"jetpack_social_options":{"image_generator_settings":{"template":"highway","default_image_id":0,"font":"","enabled":false},"version":2},"jetpack_post_was_ever_published":false},"categories":[16],"tags":[],"class_list":["post-71591","post","type-post","status-publish","format-standard","has-post-thumbnail","category-local"],"jetpack_publicize_connections":[],"jetpack-related-posts":[],"jetpack_shortlink":"https:\/\/wp.me\/p7Eq1F-iCH","jetpack_sharing_enabled":true,"jetpack_featured_media_url":"https:\/\/i0.wp.com\/guialimeira.com.br\/news\/wp-content\/uploads\/2025\/08\/fotonaodisponivel.jpg?fit=430%2C282&ssl=1","_links":{"self":[{"href":"https:\/\/guialimeira.com.br\/news\/wp-json\/wp\/v2\/posts\/71591","targetHints":{"allow":["GET"]}}],"collection":[{"href":"https:\/\/guialimeira.com.br\/news\/wp-json\/wp\/v2\/posts"}],"about":[{"href":"https:\/\/guialimeira.com.br\/news\/wp-json\/wp\/v2\/types\/post"}],"author":[{"embeddable":true,"href":"https:\/\/guialimeira.com.br\/news\/wp-json\/wp\/v2\/users\/1"}],"replies":[{"embeddable":true,"href":"https:\/\/guialimeira.com.br\/news\/wp-json\/wp\/v2\/comments?post=71591"}],"version-history":[{"count":0,"href":"https:\/\/guialimeira.com.br\/news\/wp-json\/wp\/v2\/posts\/71591\/revisions"}],"wp:featuredmedia":[{"embeddable":true,"href":"https:\/\/guialimeira.com.br\/news\/wp-json\/wp\/v2\/media\/40933"}],"wp:attachment":[{"href":"https:\/\/guialimeira.com.br\/news\/wp-json\/wp\/v2\/media?parent=71591"}],"wp:term":[{"taxonomy":"category","embeddable":true,"href":"https:\/\/guialimeira.com.br\/news\/wp-json\/wp\/v2\/categories?post=71591"},{"taxonomy":"post_tag","embeddable":true,"href":"https:\/\/guialimeira.com.br\/news\/wp-json\/wp\/v2\/tags?post=71591"}],"curies":[{"name":"wp","href":"https:\/\/api.w.org\/{rel}","templated":true}]}}