{"id":71583,"date":"2026-07-07T09:25:22","date_gmt":"2026-07-07T12:25:22","guid":{"rendered":"https:\/\/guialimeira.com.br\/9-de-julho-veja-o-que-abre-e-o-que-fecha-no-feriado-de-quinta-9-e-no-ponto-facultativo-de-sexta-10-em-limeira\/"},"modified":"2026-07-07T09:25:22","modified_gmt":"2026-07-07T12:25:22","slug":"9-de-julho-veja-o-que-abre-e-o-que-fecha-no-feriado-de-quinta-9-e-no-ponto-facultativo-de-sexta-10-em-limeira","status":"publish","type":"post","link":"https:\/\/guialimeira.com.br\/news\/9-de-julho-veja-o-que-abre-e-o-que-fecha-no-feriado-de-quinta-9-e-no-ponto-facultativo-de-sexta-10-em-limeira\/","title":{"rendered":"9 de Julho: veja o que abre e o que fecha no feriado de quinta (9) e no ponto facultativo de sexta (10) em Limeira"},"content":{"rendered":"<p> <br \/>\n<\/p>\n<div id=\"\">&#13;<br \/>\n                    &#13;<br \/>\n&#13;<br \/>\n&#13;<br \/>\n&#13;<br \/>\n&#13;<br \/>\n&#13;<br \/>\n    <img data-recalc-dims=\"1\" decoding=\"async\" src=\"https:\/\/i0.wp.com\/ecrie.com.br\/sistema\/conteudos\/imagem\/m_137_0_1_21022026093722.jpeg?w=696&#038;ssl=1\" alt=\"9 de Julho: veja o que abre e o que fecha no feriado de quinta (9) e no ponto facultativo de sexta (10) em Limeira\"\/>&#13;<br \/>\n&#13;<br \/>\n&#13;<\/p>\n<p>\u00a0<\/p>\n<p>&#13;<\/p>\n<p><span style=\"font-family: Arial, sans-serif;\"><span style=\"font-size: medium;\">Os servi\u00e7os da Prefeitura de Limeira ter\u00e3o altera\u00e7\u00f5es <\/span><span style=\"font-size: medium;\">devido a<\/span><span style=\"font-size: medium;\">o feriado de <\/span><span style=\"font-size: medium;\">quinta-feira (<\/span><span style=\"font-size: medium;\">9<\/span><span style=\"font-size: medium;\">), <\/span><span style=\"font-size: medium;\">em comemora\u00e7\u00e3o \u00e0 Revolu\u00e7\u00e3o Constitucionalista de 1932, <\/span><span style=\"font-size: medium;\">e <\/span><span style=\"font-size: medium;\">a<\/span><span style=\"font-size: medium;\">o<\/span><span style=\"font-size: medium;\"> ponto facultativo <\/span><span style=\"font-size: medium;\">de <\/span><span style=\"font-size: medium;\">sexta-feira (<\/span><span style=\"font-size: medium;\">10<\/span><span style=\"font-size: medium;\">). As atividades essenciais funcionar\u00e3o normalmente, como Farm\u00e1cia Municipal, coleta de lixo, UPA 24 horas Ab\u00edlio Pedro, Prontos Atendimentos e Centro de Sa\u00fade da Crian\u00e7a. <\/span><span style=\"font-size: medium;\">Os parques municipais<\/span><span style=\"font-size: medium;\"> tamb\u00e9m estar\u00e3o abertos no hor\u00e1rio habitual. <\/span><\/span><\/p>\n<p>&#13;<\/p>\n<p>\u00a0<\/p>\n<p>&#13;<\/p>\n<p><span style=\"font-family: Arial, sans-serif;\"><span style=\"font-size: medium;\">Por outro lado, Bom Prato, escolas municipais, Unidades B\u00e1sicas de Sa\u00fade (UBSs), Policl\u00ednica, <\/span><span style=\"font-size: medium;\">unidades do <\/span><span style=\"font-size: medium;\">Caps e Semil permanecer\u00e3o fechados durante o per\u00edodo. Para informa\u00e7\u00f5es sobre os servi\u00e7os municipais, a popula\u00e7\u00e3o pode recorrer \u00e0 Lia, a assistente virtual da Prefeitura, dispon\u00edvel 24 horas por dia. O atendimento \u00e9 realizado pelo WhatsApp, pelo n\u00famero (19) 98416-0156. <\/span><span style=\"font-size: medium;\">Confira:<\/span><\/span><\/p>\n<p>&#13;<\/p>\n<p>\u00a0<\/p>\n<p>&#13;<\/p>\n<p><span style=\"font-family: Arial, sans-serif;\"><span style=\"font-size: medium;\">&#8211; Ambulat\u00f3rio de Especialidades Rubi: fechado quinta e sexta.<\/span><\/span><\/p>\n<p>&#13;<\/p>\n<p><span style=\"font-family: Arial, sans-serif;\"><span style=\"font-size: medium;\">&#8211; Biblioteca Municipal \/ Biblioteca CEU das Artes \u2013 Geada: fechadas.<\/span><\/span><\/p>\n<p>&#13;<\/p>\n<p><span style=\"font-family: Arial, sans-serif;\"><span style=\"font-size: medium;\">&#8211; Bom Prato \/ Bom Prato M\u00f3vel (Jd. Bar\u00e3o de Limeira): fechados quinta e sexta.<\/span><\/span><\/p>\n<p>&#13;<\/p>\n<p><span style=\"font-family: Arial, sans-serif;\"><span style=\"font-size: medium;\">&#8211; Bosque Prefeita Maria Thereza: aberto.<\/span><\/span><\/p>\n<p>&#13;<\/p>\n<p><span style=\"font-family: Arial, sans-serif;\"><span style=\"font-size: medium;\">Obs.: Port\u00e3o C, na Rua Boa Morte, fechado temporariamente para manuten\u00e7\u00e3o. Port\u00e3o A (Rua Roberto Mange, 115) e Port\u00e3o B (Rua Tupinamb\u00e1s, s\/n<\/span><span style=\"font-size: medium;\">\u00b0<\/span><span style=\"font-size: medium;\">) seguem abertos normalmente.<\/span><\/span><\/p>\n<p>&#13;<\/p>\n<p><span style=\"font-family: Arial, sans-serif;\"><span style=\"font-size: medium;\">&#8211; Caps AD \/ Caps IJ \/ Caps II \/ Casm \/ Centro de Sa\u00fade Mental \/ Cema \/ Centro de Sa\u00fade Bucal \/ Centro de Terapias Integradas: fechados.<\/span><\/span><\/p>\n<p>&#13;<\/p>\n<p><span style=\"font-family: Arial, sans-serif;\"><span style=\"font-size: medium;\">&#8211; Central de Ambul\u00e2ncias: fechada, apenas viagens j\u00e1 agendadas, altas hospitalares <\/span><span style=\"font-size: medium;\">e apoio \u00e0s ocorr\u00eancias do Samu ser\u00e3o<\/span><span style=\"font-size: medium;\"> realizadas.<\/span><\/span><\/p>\n<p>&#13;<\/p>\n<p><span style=\"font-family: Arial, sans-serif;\"><span style=\"font-size: medium;\">&#8211; Centro de Ci\u00eancias e Cultura: fechado.<\/span><\/span><\/p>\n<p>&#13;<\/p>\n<p><span style=\"font-family: Arial, sans-serif;\"><span style=\"font-size: medium;\">&#8211; Centro de Sa\u00fade da Crian\u00e7a (Hospital da Crian\u00e7a): aberto 24 horas, todos os dias.<\/span><\/span><\/p>\n<p>&#13;<\/p>\n<p><span style=\"font-family: Arial, sans-serif;\"><span style=\"font-size: medium;\">&#8211; Cl\u00ednica Veterin\u00e1ria Municipal (Espa\u00e7o Amigo PET): fechada quinta e sexta.<\/span><\/span><\/p>\n<p>&#13;<\/p>\n<p><span style=\"font-family: Arial, sans-serif;\"><span style=\"font-size: medium;\">&#8211; Coleta de lixo: ocorre normalmente, tanto na quinta quanto na sexta.<\/span><\/span><\/p>\n<p>&#13;<\/p>\n<p><span style=\"font-family: Arial, sans-serif;\"><span style=\"font-size: medium;\">&#8211; Defesa Civil: atende 24 horas pelo <\/span><\/span><span style=\"font-family: Arial, sans-serif;\"><span style=\"font-size: medium;\">WhatsApp<\/span><\/span><span style=\"font-family: Arial, sans-serif;\"><span style=\"font-size: medium;\"> 3443-2187 <\/span><\/span><span style=\"font-family: Arial, sans-serif;\"><span style=\"font-size: medium;\">(<\/span><\/span><span style=\"font-family: Arial, sans-serif;\"><span style=\"font-size: medium;\">E<\/span><\/span><span style=\"font-family: Arial, sans-serif;\"><span style=\"font-size: medium;\">ste n\u00famero n\u00e3o recebe liga\u00e7\u00f5es telef\u00f4nicas convencionais. O atendimento \u00e9 realizado apenas por mensagens de texto e chamadas via WhatsApp.)<\/span><\/span><\/p>\n<p>&#13;<\/p>\n<p><span style=\"font-family: Arial, sans-serif;\"><span style=\"font-size: medium;\">&#8211; Divis\u00e3o de Controle de Zoonoses: fechada quinta e sexta.<\/span><\/span><\/p>\n<p>&#13;<\/p>\n<p><span style=\"font-family: Arial, sans-serif;\"><span style=\"font-size: medium;\">&#8211; Divis\u00e3o de Vigil\u00e2ncia Sanit\u00e1ria: fechada quinta e sexta.<\/span><\/span><\/p>\n<p>&#13;<\/p>\n<p><span style=\"font-family: Arial, sans-serif;\"><span style=\"font-size: medium;\">&#8211; Divis\u00e3o de Vigil\u00e2ncia Epidemiol\u00f3gica: fechada quinta e sexta.<\/span><\/span><\/p>\n<p>&#13;<\/p>\n<p><span style=\"font-family: Arial, sans-serif;\"><span style=\"font-size: medium;\">&#8211; Divis\u00e3o de Sa\u00fade do Trabalhador: fechada quinta e sexta.<\/span><\/span><\/p>\n<p>&#13;<\/p>\n<p><span style=\"font-family: Arial, sans-serif;\"><span style=\"font-size: medium;\">&#8211; Escolas Municipais: fechadas quinta e sexta.<\/span><\/span><\/p>\n<p>&#13;<\/p>\n<p><span style=\"font-family: Arial, sans-serif;\"><span style=\"font-size: medium;\">&#8211; Espa\u00e7o Fam\u00edlia Azul: fechado quinta e sexta.<\/span><\/span><\/p>\n<p>&#13;<\/p>\n<p><span style=\"font-family: Arial, sans-serif;\"><span style=\"font-size: medium;\">&#8211; Farm\u00e1cia de Alto Custo e Farm\u00e1cia de Sa\u00fade Mental: fechadas quinta e sexta.<\/span><\/span><\/p>\n<p>&#13;<\/p>\n<p><span style=\"font-family: Arial, sans-serif;\"><span style=\"font-size: medium;\">&#8211; Farm\u00e1cia Municipal: na quinta, no s\u00e1bado (<\/span><span style=\"font-size: medium;\">11<\/span><span style=\"font-size: medium;\">) e no domingo (<\/span><span style=\"font-size: medium;\">12<\/span><span style=\"font-size: medium;\">), aberta das 8h \u00e0s 18h, na sexta, das 8h \u00e0s 22h.<br \/>&#8211; Feiras Livres: funcionam normalmente na quinta e na sexta.<\/span><\/span><\/p>\n<p>&#13;<\/p>\n<p><span style=\"font-family: Arial, sans-serif;\"><span style=\"font-size: medium;\">&#8211; Guarda Civil Municipal (GCM) e Patrulha Maria da Penha: atendem 24 horas pelo telefone 153.<\/span><\/span><\/p>\n<p>&#13;<\/p>\n<p><span style=\"font-family: Arial, sans-serif;\"><span style=\"font-size: medium;\">&#8211; Horto Florestal: aberto quinta e sexta.<\/span><\/span><\/p>\n<p>&#13;<\/p>\n<p><span style=\"font-family: Arial, sans-serif;\"><span style=\"font-size: medium;\">&#8211; Laborat\u00f3rio Municipal: fechado quinta e sexta.<\/span><\/span><\/p>\n<p>&#13;<\/p>\n<p><span style=\"font-family: Arial, sans-serif;\"><span style=\"font-size: medium;\">&#8211; Pa\u00e7o Municipal: fechado.<\/span><\/span><\/p>\n<p>&#13;<\/p>\n<p><span style=\"font-family: Arial, sans-serif;\"><span style=\"font-size: medium;\">&#8211; Parque Cidade: aberto.<\/span><\/span><\/p>\n<p>&#13;<\/p>\n<p><span style=\"font-family: Arial, sans-serif;\"><span style=\"font-size: medium;\">&#8211; PAT \/ Procon \/ Banco do Povo: fechados quinta e sexta.<\/span><\/span><\/p>\n<p>&#13;<\/p>\n<p><span style=\"font-family: Arial, sans-serif;\"><span style=\"font-size: medium;\">&#8211; Policl\u00ednica: fechada quinta e sexta.<\/span><\/span><\/p>\n<p>&#13;<\/p>\n<p><span style=\"font-family: Arial, sans-serif;\"><span style=\"font-size: medium;\">&#8211; Seprosom: fechada quinta e sexta.<\/span><\/span><\/p>\n<p>&#13;<\/p>\n<p><span style=\"font-family: Arial, sans-serif;\"><span style=\"font-size: medium;\">&#8211; Servi\u00e7o de Atendimento M\u00f3vel de Urg\u00eancia (Samu): atende 24 horas, todos os dias.<\/span><\/span><\/p>\n<p>&#13;<\/p>\n<p><span style=\"font-family: Arial, sans-serif;\"><span style=\"font-size: medium;\">&#8211; Servi\u00e7o Especializado em Mol\u00e9stias Infectocontagiosas (Semil): fechado quinta e sexta.<\/span><\/span><\/p>\n<p>&#13;<\/p>\n<p><span style=\"font-family: Arial, sans-serif;\"><span style=\"font-size: medium;\">&#8211; Unidades B\u00e1sicas de Sa\u00fade (UBSs): fechadas quinta e sexta.<\/span><\/span><\/p>\n<p>&#13;<\/p>\n<p><span style=\"font-family: Arial, sans-serif;\"><span style=\"font-size: medium;\">&#8211; UPA 24h Ab\u00edlio Pedro e Prontos Atendimentos: abertos 24 horas, todos os dias.<\/span><\/span><\/p>\n<p>&#13;<\/p>\n<p>\u00a0<\/p>\n<p>&#13;<\/p>\n<p><span style=\"font-family: Arial, sans-serif;\"><span style=\"font-size: medium;\">Texto: Cibele Gianechini <\/span><\/span><\/p>\n<p>&#13;<br \/>\n&#13;<br \/>\n&#13;<br \/>\n&#13;<\/p>\n<article class=\"conteudo-relacionado no-print\">&#13;<br \/>\n        &#13;<br \/>\n&#13;<br \/>\n        &#13;<br \/>\n    <\/article>\n<p>&#13;<br \/>\n&#13;\n                <\/p><\/div>\n<p><br \/>\n<br \/><a href=\"https:\/\/limeira.sp.gov.br\/9-de-julho-veja-o-que-abre-e-o-que-fecha-no-feriado-de-quinta-9-e-no-ponto-facultativo-de-sexta-10-em-limeira\" rel=\"noopener\">Informa\u00e7\u00f5es da PML <\/a><\/p>\n","protected":false},"excerpt":{"rendered":"<p>&#13; &#13; &#13; &#13; &#13; &#13; &#13; &#13; &#13; &#13; \u00a0 &#13; Os servi\u00e7os da Prefeitura de Limeira ter\u00e3o altera\u00e7\u00f5es devido ao feriado de quinta-feira (9), em comemora\u00e7\u00e3o \u00e0 Revolu\u00e7\u00e3o Constitucionalista de 1932, e ao ponto facultativo de sexta-feira (10). As atividades essenciais funcionar\u00e3o normalmente, como Farm\u00e1cia Municipal, coleta de lixo, UPA 24 horas Ab\u00edlio [&hellip;]<\/p>\n","protected":false},"author":1,"featured_media":55994,"comment_status":"","ping_status":"open","sticky":false,"template":"","format":"standard","meta":{"_jetpack_newsletter_access":"","_jetpack_dont_email_post_to_subs":false,"_jetpack_newsletter_tier_id":0,"_jetpack_memberships_contains_paywalled_content":false,"_mbp_banners":[],"_jetpack_feature_clip_id":0,"_jetpack_memberships_contains_paid_content":false,"footnotes":"","jetpack_publicize_message":"","jetpack_publicize_feature_enabled":true,"jetpack_social_post_already_shared":true,"jetpack_social_options":{"image_generator_settings":{"template":"highway","default_image_id":0,"font":"","enabled":false},"version":2},"jetpack_post_was_ever_published":false},"categories":[16],"tags":[],"class_list":["post-71583","post","type-post","status-publish","format-standard","has-post-thumbnail","category-local"],"jetpack_publicize_connections":[],"jetpack-related-posts":[],"jetpack_shortlink":"https:\/\/wp.me\/p7Eq1F-iCz","jetpack_sharing_enabled":true,"jetpack_featured_media_url":"https:\/\/i0.wp.com\/guialimeira.com.br\/news\/wp-content\/uploads\/2026\/02\/m_137_0_1_21022026093722.jpeg?fit=1024%2C682&ssl=1","_links":{"self":[{"href":"https:\/\/guialimeira.com.br\/news\/wp-json\/wp\/v2\/posts\/71583","targetHints":{"allow":["GET"]}}],"collection":[{"href":"https:\/\/guialimeira.com.br\/news\/wp-json\/wp\/v2\/posts"}],"about":[{"href":"https:\/\/guialimeira.com.br\/news\/wp-json\/wp\/v2\/types\/post"}],"author":[{"embeddable":true,"href":"https:\/\/guialimeira.com.br\/news\/wp-json\/wp\/v2\/users\/1"}],"replies":[{"embeddable":true,"href":"https:\/\/guialimeira.com.br\/news\/wp-json\/wp\/v2\/comments?post=71583"}],"version-history":[{"count":0,"href":"https:\/\/guialimeira.com.br\/news\/wp-json\/wp\/v2\/posts\/71583\/revisions"}],"wp:featuredmedia":[{"embeddable":true,"href":"https:\/\/guialimeira.com.br\/news\/wp-json\/wp\/v2\/media\/55994"}],"wp:attachment":[{"href":"https:\/\/guialimeira.com.br\/news\/wp-json\/wp\/v2\/media?parent=71583"}],"wp:term":[{"taxonomy":"category","embeddable":true,"href":"https:\/\/guialimeira.com.br\/news\/wp-json\/wp\/v2\/categories?post=71583"},{"taxonomy":"post_tag","embeddable":true,"href":"https:\/\/guialimeira.com.br\/news\/wp-json\/wp\/v2\/tags?post=71583"}],"curies":[{"name":"wp","href":"https:\/\/api.w.org\/{rel}","templated":true}]}}