{"id":71529,"date":"2026-07-06T16:38:17","date_gmt":"2026-07-06T19:38:17","guid":{"rendered":"https:\/\/guialimeira.com.br\/limeira-realiza-ato-civico-em-homenagem-a-revolucao-de-1932-nesta-quinta-feira-9\/"},"modified":"2026-07-06T16:38:17","modified_gmt":"2026-07-06T19:38:17","slug":"limeira-realiza-ato-civico-em-homenagem-a-revolucao-de-1932-nesta-quinta-feira-9","status":"publish","type":"post","link":"https:\/\/guialimeira.com.br\/news\/limeira-realiza-ato-civico-em-homenagem-a-revolucao-de-1932-nesta-quinta-feira-9\/","title":{"rendered":"Limeira realiza ato c\u00edvico em homenagem \u00e0 Revolu\u00e7\u00e3o de 1932 nesta quinta-feira (9)"},"content":{"rendered":"<p> <br \/>\n<\/p>\n<div>\n                <main class=\"\">&#13;<br \/>\n                    &#13;<br \/>\n&#13;<br \/>\n&#13;<br \/>\n&#13;<br \/>\n&#13;<br \/>\n&#13;<br \/>\n    <img data-recalc-dims=\"1\" decoding=\"async\" src=\"https:\/\/i0.wp.com\/ecrie.com.br\/sistema\/conteudos\/imagem\/m_137_0_1_06072026163325.jpeg?w=696&#038;ssl=1\" alt=\"Limeira realiza ato c\u00edvico em homenagem \u00e0 Revolu\u00e7\u00e3o de 1932 nesta quinta-feira (9)\"\/>&#13;<br \/>\n&#13;<br \/>\n&#13;<\/p>\n<p style=\"text-align: justify;\">A Prefeitura de Limeira, em parceria com a Comiss\u00e3o Municipal de Civismo, realiza nesta quinta-feira (9), \u00e0s 9h, um ato c\u00edvico em homenagem ao Movimento Constitucionalista de 1932. A cerim\u00f4nia ocorrer\u00e1 na Pra\u00e7a Soldado Constitucionalista de 1932, localizada no Cemit\u00e9rio Saudade I, e ser\u00e1 aberta ao p\u00fablico.<\/p>\n<p>&#13;<\/p>\n<p style=\"text-align: justify;\">A iniciativa integra o calend\u00e1rio oficial do munic\u00edpio e tem como objetivo preservar a mem\u00f3ria hist\u00f3rica do Movimento Constitucionalista, al\u00e9m de valorizar os ideais de civismo e o respeito \u00e0s institui\u00e7\u00f5es.<\/p>\n<p>&#13;<\/p>\n<p style=\"text-align: justify;\">Participar\u00e3o do evento representantes de diversas institui\u00e7\u00f5es civis e militares, entre elas o Tiro de Guerra 02-020, o Corpo de Bombeiros, a Guarda Civil Municipal (GCM), a Pol\u00edcia Militar (36\u00ba BPM\/I), os grupos de escoteiros Tatuibi 51\/SP, Limeira 362\/SP e Tupinamb\u00e1s 543\/SP, a Fope Limeira (For\u00e7a Patriota Estudantil), al\u00e9m da Corpora\u00e7\u00e3o Musical Henrique Marques.<\/p>\n<p>&#13;<\/p>\n<p style=\"text-align: justify;\">INTERDI\u00c7\u00d5ES<\/p>\n<p>&#13;<\/p>\n<p style=\"text-align: justify;\">Em raz\u00e3o do evento, a Secretaria dos Transportes e Mobilidade Urbana far\u00e1 interdi\u00e7\u00f5es, na quinta-feira, das 4h \u00e0s 11h, nos cruzamentos no entorno da Pra\u00e7a Soldado Constitucionalista:<\/p>\n<p>&#13;<\/p>\n<p style=\"text-align: justify;\">Rua Alferes Franco x Rua Artur Porchart de Assis<br \/>Av. Saudades x Av. Prefeito Dr. Alberto Ferreira<br \/>Av. Prefeito Dr. Alberto Ferreira x Rua Gustavo D\u00f3ria<\/p>\n<p>&#13;<\/p>\n<p style=\"text-align: justify;\">Durante o per\u00edodo de interdi\u00e7\u00e3o:<\/p>\n<p>&#13;<\/p>\n<p style=\"text-align: justify;\">Motoristas que trafegarem pela Rua Farmac\u00eautico Jacob Fanelli dever\u00e3o acessar a Rua Jo\u00e3o D\u00f3ria.<br \/>Condutores que estiveram na Av. Prefeito Dr. Alberto Ferreira poder\u00e3o realizar apenas a convers\u00e3o \u00e0 direita para acessar a Av. Saudades.<br \/>Os motoristas que estiverem na Rua Alferes Franco dever\u00e3o acessar a Rua Artur Porchart de Assis, \u00e0 esquerda, para dar continuidade ao trajeto.<\/p>\n<p>&#13;<\/p>\n<p style=\"text-align: justify;\">Caso necess\u00e1rio, agentes de tr\u00e2nsito poder\u00e3o ser acionados pelos telefones 3441-2816 ou 3441-5469.<\/p>\n<p>&#13;<br \/>\n&#13;<br \/>\n&#13;<br \/>\n&#13;<\/p>\n<article class=\"conteudo-relacionado no-print\">&#13;<br \/>\n        &#13;<br \/>\n&#13;<br \/>\n        &#13;<br \/>\n    <\/article>\n<p>&#13;<br \/>\n&#13;<br \/>\n                <\/main><\/p><\/div>\n<p><br \/>\n<br \/><a href=\"https:\/\/limeira.sp.gov.br\/limeira-realiza-ato-civico-em-homenagem-a-revolucao-de-1932-nesta-quinta-feira-9\" rel=\"noopener\">Informa\u00e7\u00f5es da PML <\/a><\/p>\n","protected":false},"excerpt":{"rendered":"<p>&#13; &#13; &#13; &#13; &#13; &#13; &#13; &#13; &#13; &#13; A Prefeitura de Limeira, em parceria com a Comiss\u00e3o Municipal de Civismo, realiza nesta quinta-feira (9), \u00e0s 9h, um ato c\u00edvico em homenagem ao Movimento Constitucionalista de 1932. A cerim\u00f4nia ocorrer\u00e1 na Pra\u00e7a Soldado Constitucionalista de 1932, localizada no Cemit\u00e9rio Saudade I, e ser\u00e1 aberta [&hellip;]<\/p>\n","protected":false},"author":1,"featured_media":71530,"comment_status":"","ping_status":"open","sticky":false,"template":"","format":"standard","meta":{"_jetpack_newsletter_access":"","_jetpack_dont_email_post_to_subs":false,"_jetpack_newsletter_tier_id":0,"_jetpack_memberships_contains_paywalled_content":false,"_mbp_banners":[],"_jetpack_feature_clip_id":0,"_jetpack_memberships_contains_paid_content":false,"footnotes":"","jetpack_publicize_message":"","jetpack_publicize_feature_enabled":true,"jetpack_social_post_already_shared":true,"jetpack_social_options":{"image_generator_settings":{"template":"highway","default_image_id":0,"font":"","enabled":false},"version":2},"jetpack_post_was_ever_published":false},"categories":[16],"tags":[],"class_list":["post-71529","post","type-post","status-publish","format-standard","has-post-thumbnail","category-local"],"jetpack_publicize_connections":[],"jetpack-related-posts":[],"jetpack_shortlink":"https:\/\/wp.me\/p7Eq1F-iBH","jetpack_sharing_enabled":true,"jetpack_featured_media_url":"https:\/\/i0.wp.com\/guialimeira.com.br\/news\/wp-content\/uploads\/2026\/07\/m_137_0_1_06072026163325.jpeg?fit=1024%2C768&ssl=1","_links":{"self":[{"href":"https:\/\/guialimeira.com.br\/news\/wp-json\/wp\/v2\/posts\/71529","targetHints":{"allow":["GET"]}}],"collection":[{"href":"https:\/\/guialimeira.com.br\/news\/wp-json\/wp\/v2\/posts"}],"about":[{"href":"https:\/\/guialimeira.com.br\/news\/wp-json\/wp\/v2\/types\/post"}],"author":[{"embeddable":true,"href":"https:\/\/guialimeira.com.br\/news\/wp-json\/wp\/v2\/users\/1"}],"replies":[{"embeddable":true,"href":"https:\/\/guialimeira.com.br\/news\/wp-json\/wp\/v2\/comments?post=71529"}],"version-history":[{"count":0,"href":"https:\/\/guialimeira.com.br\/news\/wp-json\/wp\/v2\/posts\/71529\/revisions"}],"wp:featuredmedia":[{"embeddable":true,"href":"https:\/\/guialimeira.com.br\/news\/wp-json\/wp\/v2\/media\/71530"}],"wp:attachment":[{"href":"https:\/\/guialimeira.com.br\/news\/wp-json\/wp\/v2\/media?parent=71529"}],"wp:term":[{"taxonomy":"category","embeddable":true,"href":"https:\/\/guialimeira.com.br\/news\/wp-json\/wp\/v2\/categories?post=71529"},{"taxonomy":"post_tag","embeddable":true,"href":"https:\/\/guialimeira.com.br\/news\/wp-json\/wp\/v2\/tags?post=71529"}],"curies":[{"name":"wp","href":"https:\/\/api.w.org\/{rel}","templated":true}]}}