{"id":71515,"date":"2026-07-06T13:56:18","date_gmt":"2026-07-06T16:56:18","guid":{"rendered":"https:\/\/guialimeira.com.br\/secretaria-de-protecao-animal-mantem-adocao-permanente-de-caes-e-gatos-em-limeira\/"},"modified":"2026-07-06T13:56:18","modified_gmt":"2026-07-06T16:56:18","slug":"secretaria-de-protecao-animal-mantem-adocao-permanente-de-caes-e-gatos-em-limeira","status":"publish","type":"post","link":"https:\/\/guialimeira.com.br\/news\/secretaria-de-protecao-animal-mantem-adocao-permanente-de-caes-e-gatos-em-limeira\/","title":{"rendered":"Secretaria de Prote\u00e7\u00e3o Animal mant\u00e9m ado\u00e7\u00e3o permanente de c\u00e3es e gatos em Limeira"},"content":{"rendered":"<p> <br \/>\n<\/p>\n<div>\n                <main class=\"\">&#13;<br \/>\n                    &#13;<br \/>\n&#13;<br \/>\n&#13;<br \/>\n&#13;<br \/>\n&#13;<br \/>\n&#13;<br \/>\n    <img data-recalc-dims=\"1\" decoding=\"async\" src=\"https:\/\/i0.wp.com\/ecrie.com.br\/sistema\/conteudos\/imagem\/m_137_0_1_06072026135408.jpeg?w=696&#038;ssl=1\" alt=\"Secretaria de Prote\u00e7\u00e3o Animal mant\u00e9m ado\u00e7\u00e3o permanente de c\u00e3es e gatos em Limeira\"\/>&#13;<br \/>\n&#13;<br \/>\n&#13;<\/p>\n<p style=\"text-align: justify;\">A Prefeitura de Limeira mant\u00e9m, de segunda a sexta-feira, o programa permanente de ado\u00e7\u00e3o respons\u00e1vel de c\u00e3es e gatos resgatados. O atendimento ocorre das 10h \u00e0s 15h no Lar Tempor\u00e1rio de Animais, da Secretaria de Prote\u00e7\u00e3o Animal, localizado na Rua Professor S\u00f3lon Borges dos Reis, 251, com entrada gratuita.<\/p>\n<p>&#13;<\/p>\n<p style=\"text-align: justify;\">Atualmente, mais de 100 animais vivem no local enquanto aguardam uma fam\u00edlia. Todos recebem alimenta\u00e7\u00e3o, atendimento veterin\u00e1rio, acompanhamento di\u00e1rio e os cuidados necess\u00e1rios para garantir seu bem-estar. Antes de serem disponibilizados para ado\u00e7\u00e3o, c\u00e3es e gatos s\u00e3o vacinados, castrados e microchipados.<\/p>\n<p>&#13;<\/p>\n<p style=\"text-align: justify;\">A ado\u00e7\u00e3o \u00e9 realizada de forma respons\u00e1vel. Os interessados passam por uma entrevista para garantir que o animal ser\u00e1 acolhido em um ambiente adequado. Tamb\u00e9m \u00e9 necess\u00e1rio apresentar documento oficial com foto e comprovante de endere\u00e7o.<\/p>\n<p>&#13;<\/p>\n<p style=\"text-align: justify;\">A secret\u00e1ria de Prote\u00e7\u00e3o Animal, Juliana Kopczynski, ressalta que a ado\u00e7\u00e3o vai al\u00e9m de oferecer um novo lar aos pets. &#8220;Cada ado\u00e7\u00e3o representa uma nova oportunidade para um animal que foi resgatado e recebeu todos os cuidados necess\u00e1rios. A entrevista faz parte desse processo para garantir que c\u00e3es e gatos sejam acolhidos por fam\u00edlias preparadas para assumir esse compromisso com responsabilidade, carinho e respeito \u00e0 vida&#8221;, destaca.<\/p>\n<p>&#13;<\/p>\n<p style=\"text-align: justify;\">Feira de ado\u00e7\u00e3o garante novos lares para 18 animais<\/p>\n<p>&#13;<\/p>\n<p style=\"text-align: justify;\">O \u00faltimo evento de ado\u00e7\u00e3o promovido pelo Departamento de Bem-Estar Animal, realizado no Parque Cidade, registrou grande ades\u00e3o da popula\u00e7\u00e3o. Dos 20 animais dispon\u00edveis, 18 foram adotados, sendo 14 c\u00e3es e quatro gatos. Os pets participantes da a\u00e7\u00e3o s\u00e3o resgatados pelo munic\u00edpio, recebem todos os cuidados necess\u00e1rios no Lar Tempor\u00e1rio de Animais e permanecem no local at\u00e9 encontrarem um novo lar.<\/p>\n<p>&#13;<\/p>\n<p style=\"text-align: justify;\">A iniciativa est\u00e1 alinhada ao Objetivo de Desenvolvimento Sustent\u00e1vel (ODS) 15 \u2013 Vida Terrestre, da Organiza\u00e7\u00e3o das Na\u00e7\u00f5es Unidas (ONU), que incentiva a prote\u00e7\u00e3o da biodiversidade, a conserva\u00e7\u00e3o da fauna e a promo\u00e7\u00e3o de a\u00e7\u00f5es voltadas ao bem-estar dos animais.<\/p>\n<p>&#13;<br \/>\n&#13;<br \/>\n&#13;<br \/>\n&#13;<\/p>\n<article class=\"conteudo-relacionado no-print\">&#13;<br \/>\n        &#13;<br \/>\n&#13;<br \/>\n        &#13;<br \/>\n    <\/article>\n<p>&#13;<br \/>\n&#13;<br \/>\n                <\/main><\/p><\/div>\n<p><br \/>\n<br \/><a href=\"https:\/\/limeira.sp.gov.br\/secretaria-de-protecao-animal-mantem-adocao-permanente-de-caes-e-gatos-em-limeira-1\" rel=\"noopener\">Informa\u00e7\u00f5es da PML <\/a><\/p>\n","protected":false},"excerpt":{"rendered":"<p>&#13; &#13; &#13; &#13; &#13; &#13; &#13; &#13; &#13; &#13; A Prefeitura de Limeira mant\u00e9m, de segunda a sexta-feira, o programa permanente de ado\u00e7\u00e3o respons\u00e1vel de c\u00e3es e gatos resgatados. O atendimento ocorre das 10h \u00e0s 15h no Lar Tempor\u00e1rio de Animais, da Secretaria de Prote\u00e7\u00e3o Animal, localizado na Rua Professor S\u00f3lon Borges dos Reis, [&hellip;]<\/p>\n","protected":false},"author":1,"featured_media":71516,"comment_status":"","ping_status":"open","sticky":false,"template":"","format":"standard","meta":{"_jetpack_newsletter_access":"","_jetpack_dont_email_post_to_subs":false,"_jetpack_newsletter_tier_id":0,"_jetpack_memberships_contains_paywalled_content":false,"_mbp_banners":[],"_jetpack_feature_clip_id":0,"_jetpack_memberships_contains_paid_content":false,"footnotes":"","jetpack_publicize_message":"","jetpack_publicize_feature_enabled":true,"jetpack_social_post_already_shared":true,"jetpack_social_options":{"image_generator_settings":{"template":"highway","default_image_id":0,"font":"","enabled":false},"version":2},"jetpack_post_was_ever_published":false},"categories":[16],"tags":[],"class_list":["post-71515","post","type-post","status-publish","format-standard","has-post-thumbnail","category-local"],"jetpack_publicize_connections":[],"jetpack-related-posts":[],"jetpack_shortlink":"https:\/\/wp.me\/p7Eq1F-iBt","jetpack_sharing_enabled":true,"jetpack_featured_media_url":"https:\/\/i0.wp.com\/guialimeira.com.br\/news\/wp-content\/uploads\/2026\/07\/m_137_0_1_06072026135408.jpeg?fit=606%2C345&ssl=1","_links":{"self":[{"href":"https:\/\/guialimeira.com.br\/news\/wp-json\/wp\/v2\/posts\/71515","targetHints":{"allow":["GET"]}}],"collection":[{"href":"https:\/\/guialimeira.com.br\/news\/wp-json\/wp\/v2\/posts"}],"about":[{"href":"https:\/\/guialimeira.com.br\/news\/wp-json\/wp\/v2\/types\/post"}],"author":[{"embeddable":true,"href":"https:\/\/guialimeira.com.br\/news\/wp-json\/wp\/v2\/users\/1"}],"replies":[{"embeddable":true,"href":"https:\/\/guialimeira.com.br\/news\/wp-json\/wp\/v2\/comments?post=71515"}],"version-history":[{"count":0,"href":"https:\/\/guialimeira.com.br\/news\/wp-json\/wp\/v2\/posts\/71515\/revisions"}],"wp:featuredmedia":[{"embeddable":true,"href":"https:\/\/guialimeira.com.br\/news\/wp-json\/wp\/v2\/media\/71516"}],"wp:attachment":[{"href":"https:\/\/guialimeira.com.br\/news\/wp-json\/wp\/v2\/media?parent=71515"}],"wp:term":[{"taxonomy":"category","embeddable":true,"href":"https:\/\/guialimeira.com.br\/news\/wp-json\/wp\/v2\/categories?post=71515"},{"taxonomy":"post_tag","embeddable":true,"href":"https:\/\/guialimeira.com.br\/news\/wp-json\/wp\/v2\/tags?post=71515"}],"curies":[{"name":"wp","href":"https:\/\/api.w.org\/{rel}","templated":true}]}}