{"id":71501,"date":"2026-07-06T11:00:20","date_gmt":"2026-07-06T14:00:20","guid":{"rendered":"https:\/\/guialimeira.com.br\/vice-prefeito-representa-murilo-felix-na-assuncao-de-comando-do-36o-bpm-i\/"},"modified":"2026-07-06T11:00:20","modified_gmt":"2026-07-06T14:00:20","slug":"vice-prefeito-representa-murilo-felix-na-assuncao-de-comando-do-36o-bpm-i","status":"publish","type":"post","link":"https:\/\/guialimeira.com.br\/news\/vice-prefeito-representa-murilo-felix-na-assuncao-de-comando-do-36o-bpm-i\/","title":{"rendered":"Vice-prefeito representa Murilo F\u00e9lix na assun\u00e7\u00e3o de comando do 36\u00ba BPM\/I"},"content":{"rendered":"<p> <br \/>\n<\/p>\n<div>\n                <main class=\"\">&#13;<br \/>\n                    &#13;<br \/>\n&#13;<br \/>\n&#13;<br \/>\n&#13;<br \/>\n&#13;<br \/>\n&#13;<br \/>\n    <img data-recalc-dims=\"1\" decoding=\"async\" src=\"https:\/\/i0.wp.com\/ecrie.com.br\/sistema\/conteudos\/imagem\/m_137_0_1_06072026105320.jpeg?w=696&#038;ssl=1\" alt=\"Vice-prefeito representa Murilo F\u00e9lix na assun\u00e7\u00e3o de comando do 36\u00ba BPM\/I\"\/>&#13;<br \/>\n&#13;<br \/>\n&#13;<\/p>\n<p style=\"text-align: justify;\">O vice-prefeito de Limeira, Fabiano D&#8217;Andr\u00e9a, representou o prefeito Murilo F\u00e9lix na solenidade de assun\u00e7\u00e3o ao comando do 36\u00ba Batalh\u00e3o de Pol\u00edcia Militar do Interior (36\u00ba BPM\/I), realizada na \u00faltima sexta-feira (3). A cerim\u00f4nia oficializou a posse do tenente-coronel PM Neymar Pereira dos Santos na chefia da unidade e reuniu autoridades civis e militares, integrantes da corpora\u00e7\u00e3o, familiares e convidados.<\/p>\n<p>&#13;<\/p>\n<p style=\"text-align: justify;\">Sediado em Limeira, o 36\u00ba BPM\/I \u00e9 respons\u00e1vel pelo policiamento de nove munic\u00edpios: Limeira, Araras, Leme, Pirassununga, Conchal, Santa Cruz da Concei\u00e7\u00e3o, Iracem\u00e1polis, Cordeir\u00f3polis e Engenheiro Coelho.<\/p>\n<p>&#13;<\/p>\n<p style=\"text-align: justify;\">Durante a solenidade, Fabiano D&#8217;Andr\u00e9a destacou a import\u00e2ncia da parceria entre a Prefeitura e a Pol\u00edcia Militar para fortalecer as a\u00e7\u00f5es de seguran\u00e7a p\u00fablica no munic\u00edpio. Em nome do prefeito Murilo F\u00e9lix, ele cumprimentou o novo comandante e desejou \u00eaxito na condu\u00e7\u00e3o dos trabalhos \u00e0 frente da unidade.<\/p>\n<p>&#13;<\/p>\n<p style=\"text-align: justify;\">&#8220;A seguran\u00e7a p\u00fablica se constr\u00f3i com parceria e di\u00e1logo constante entre as institui\u00e7\u00f5es. Colocamos a Prefeitura \u00e0 disposi\u00e7\u00e3o para seguir somando esfor\u00e7os com a Pol\u00edcia Militar em benef\u00edcio da popula\u00e7\u00e3o limeirense&#8221;, afirmou o vice-prefeito.<\/p>\n<p>&#13;<\/p>\n<p style=\"text-align: justify;\">Natural de Pirassununga, o tenente-coronel PM Neymar Pereira dos Santos possui quase 30 anos de servi\u00e7os prestados \u00e0 Pol\u00edcia Militar do Estado de S\u00e3o Paulo. Ingressou na Academia de Pol\u00edcia Militar do Barro Branco em 1997 e foi declarado aspirante a oficial em 2000. Ao longo da carreira, atuou em batalh\u00f5es da capital paulista, como o 3\u00ba e o 49\u00ba BPM\/M, al\u00e9m de unidades do interior, incluindo o pr\u00f3prio 36\u00ba BPM\/I, onde exerceu fun\u00e7\u00f5es em Limeira, Leme e Pirassununga.<\/p>\n<p>&#13;<br \/>\n&#13;<br \/>\n&#13;<br \/>\n&#13;<\/p>\n<article class=\"conteudo-relacionado no-print\">&#13;<br \/>\n        &#13;<br \/>\n&#13;<br \/>\n        &#13;<br \/>\n    <\/article>\n<p>&#13;<br \/>\n&#13;<br \/>\n                <\/main><\/p><\/div>\n<p><br \/>\n<br \/><a href=\"https:\/\/limeira.sp.gov.br\/vice-prefeito-representa-murilo-felix-na-assuncao-de-comando-do-36-bpmi\" rel=\"noopener\">Informa\u00e7\u00f5es da PML <\/a><\/p>\n","protected":false},"excerpt":{"rendered":"<p>&#13; &#13; &#13; &#13; &#13; &#13; &#13; &#13; &#13; &#13; O vice-prefeito de Limeira, Fabiano D&#8217;Andr\u00e9a, representou o prefeito Murilo F\u00e9lix na solenidade de assun\u00e7\u00e3o ao comando do 36\u00ba Batalh\u00e3o de Pol\u00edcia Militar do Interior (36\u00ba BPM\/I), realizada na \u00faltima sexta-feira (3). A cerim\u00f4nia oficializou a posse do tenente-coronel PM Neymar Pereira dos Santos na [&hellip;]<\/p>\n","protected":false},"author":1,"featured_media":71502,"comment_status":"","ping_status":"open","sticky":false,"template":"","format":"standard","meta":{"_jetpack_newsletter_access":"","_jetpack_dont_email_post_to_subs":false,"_jetpack_newsletter_tier_id":0,"_jetpack_memberships_contains_paywalled_content":false,"_mbp_banners":[],"_jetpack_feature_clip_id":0,"_jetpack_memberships_contains_paid_content":false,"footnotes":"","jetpack_publicize_message":"","jetpack_publicize_feature_enabled":true,"jetpack_social_post_already_shared":true,"jetpack_social_options":{"image_generator_settings":{"template":"highway","default_image_id":0,"font":"","enabled":false},"version":2},"jetpack_post_was_ever_published":false},"categories":[16],"tags":[],"class_list":["post-71501","post","type-post","status-publish","format-standard","has-post-thumbnail","category-local"],"jetpack_publicize_connections":[],"jetpack-related-posts":[],"jetpack_shortlink":"https:\/\/wp.me\/p7Eq1F-iBf","jetpack_sharing_enabled":true,"jetpack_featured_media_url":"https:\/\/i0.wp.com\/guialimeira.com.br\/news\/wp-content\/uploads\/2026\/07\/m_137_0_1_06072026105320.jpeg?fit=1024%2C576&ssl=1","_links":{"self":[{"href":"https:\/\/guialimeira.com.br\/news\/wp-json\/wp\/v2\/posts\/71501","targetHints":{"allow":["GET"]}}],"collection":[{"href":"https:\/\/guialimeira.com.br\/news\/wp-json\/wp\/v2\/posts"}],"about":[{"href":"https:\/\/guialimeira.com.br\/news\/wp-json\/wp\/v2\/types\/post"}],"author":[{"embeddable":true,"href":"https:\/\/guialimeira.com.br\/news\/wp-json\/wp\/v2\/users\/1"}],"replies":[{"embeddable":true,"href":"https:\/\/guialimeira.com.br\/news\/wp-json\/wp\/v2\/comments?post=71501"}],"version-history":[{"count":0,"href":"https:\/\/guialimeira.com.br\/news\/wp-json\/wp\/v2\/posts\/71501\/revisions"}],"wp:featuredmedia":[{"embeddable":true,"href":"https:\/\/guialimeira.com.br\/news\/wp-json\/wp\/v2\/media\/71502"}],"wp:attachment":[{"href":"https:\/\/guialimeira.com.br\/news\/wp-json\/wp\/v2\/media?parent=71501"}],"wp:term":[{"taxonomy":"category","embeddable":true,"href":"https:\/\/guialimeira.com.br\/news\/wp-json\/wp\/v2\/categories?post=71501"},{"taxonomy":"post_tag","embeddable":true,"href":"https:\/\/guialimeira.com.br\/news\/wp-json\/wp\/v2\/tags?post=71501"}],"curies":[{"name":"wp","href":"https:\/\/api.w.org\/{rel}","templated":true}]}}