{"id":71499,"date":"2026-07-06T10:55:21","date_gmt":"2026-07-06T13:55:21","guid":{"rendered":"https:\/\/guialimeira.com.br\/festival-de-inverno-em-danca-reune-cerca-de-30-apresentacoes-no-teatro-vitoria\/"},"modified":"2026-07-06T10:55:21","modified_gmt":"2026-07-06T13:55:21","slug":"festival-de-inverno-em-danca-reune-cerca-de-30-apresentacoes-no-teatro-vitoria","status":"publish","type":"post","link":"https:\/\/guialimeira.com.br\/news\/festival-de-inverno-em-danca-reune-cerca-de-30-apresentacoes-no-teatro-vitoria\/","title":{"rendered":"Festival de Inverno em Dan\u00e7a re\u00fane cerca de 30 apresenta\u00e7\u00f5es no Teatro Vit\u00f3ria"},"content":{"rendered":"<p> <br \/>\n<\/p>\n<div>\n                <main class=\"\">&#13;<br \/>\n                    &#13;<br \/>\n&#13;<br \/>\n&#13;<br \/>\n&#13;<br \/>\n&#13;<br \/>\n&#13;<br \/>\n    <img data-recalc-dims=\"1\" decoding=\"async\" src=\"https:\/\/i0.wp.com\/ecrie.com.br\/sistema\/conteudos\/imagem\/m_137_0_1_06072026105141.jpeg?w=696&#038;ssl=1\" alt=\"Festival de Inverno em Dan\u00e7a re\u00fane cerca de 30 apresenta\u00e7\u00f5es no Teatro Vit\u00f3ria\"\/>&#13;<br \/>\n&#13;<br \/>\n&#13;<\/p>\n<p>O Teatro Vit\u00f3ria recebe, na sexta-feira (10), \u00e0s 19h30, o Festival de Inverno em Dan\u00e7a, realizado pelo Studio Hiit e Dan\u00e7a e Convidados, com apoio da Prefeitura de Limeira. O espet\u00e1culo reunir\u00e1 cerca de 30 apresenta\u00e7\u00f5es, levando ao palco diferentes estilos e gera\u00e7\u00f5es de bailarinos.<\/p>\n<p>&#13;<\/p>\n<p>Al\u00e9m do Studio Hiit e Dan\u00e7a, o festival contar\u00e1 com a participa\u00e7\u00e3o de cinco est\u00fadios de dan\u00e7a convidados, um col\u00e9gio da rede particular de Limeira e uma companhia de dan\u00e7a est\u00e1vel de Piracicaba. O repert\u00f3rio contempla modalidades como ballet cl\u00e1ssico de repert\u00f3rio, ballet cl\u00e1ssico livre, neocl\u00e1ssico, jazz, dan\u00e7a contempor\u00e2nea, K-pop, jazz funk e estilo livre, valorizando a diversidade da arte da dan\u00e7a.<\/p>\n<p>&#13;<\/p>\n<p>Segundo a bailarina e organizadora do evento, Amanda Castelucci, a proposta \u00e9 evidenciar a pluralidade da dan\u00e7a e promover um interc\u00e2mbio entre diferentes grupos e escolas. &#8220;Queremos mostrar a grande representatividade da dan\u00e7a, reunindo bailarinos de todas as idades e estilos em uma noite de celebra\u00e7\u00e3o da arte&#8221;, destaca.<\/p>\n<p>&#13;<\/p>\n<p>O festival tamb\u00e9m ter\u00e1 car\u00e1ter beneficente. Para assistir \u00e0s apresenta\u00e7\u00f5es, o p\u00fablico dever\u00e1 doar um item de higiene pessoal na entrada do teatro. As arrecada\u00e7\u00f5es ser\u00e3o destinadas a entidades assistenciais do munic\u00edpio, como o Asilo Jo\u00e3o K\u00fchl Filho e a Casa da Crian\u00e7a, contribuindo para o atendimento de pessoas em situa\u00e7\u00e3o de vulnerabilidade.<\/p>\n<p>&#13;<br \/>\n&#13;<br \/>\n&#13;<br \/>\n&#13;<\/p>\n<article class=\"conteudo-relacionado no-print\">&#13;<br \/>\n        &#13;<br \/>\n&#13;<br \/>\n        &#13;<br \/>\n    <\/article>\n<p>&#13;<br \/>\n&#13;<br \/>\n                <\/main><\/p><\/div>\n<p><br \/>\n<br \/><a href=\"https:\/\/limeira.sp.gov.br\/festival-de-inverno-em-danca-reune-cerca-de-30-apresentacoes-no-teatro-vitoria\" rel=\"noopener\">Informa\u00e7\u00f5es da PML <\/a><\/p>\n","protected":false},"excerpt":{"rendered":"<p>&#13; &#13; &#13; &#13; &#13; &#13; &#13; &#13; &#13; &#13; O Teatro Vit\u00f3ria recebe, na sexta-feira (10), \u00e0s 19h30, o Festival de Inverno em Dan\u00e7a, realizado pelo Studio Hiit e Dan\u00e7a e Convidados, com apoio da Prefeitura de Limeira. O espet\u00e1culo reunir\u00e1 cerca de 30 apresenta\u00e7\u00f5es, levando ao palco diferentes estilos e gera\u00e7\u00f5es de bailarinos. [&hellip;]<\/p>\n","protected":false},"author":1,"featured_media":71500,"comment_status":"","ping_status":"open","sticky":false,"template":"","format":"standard","meta":{"_jetpack_newsletter_access":"","_jetpack_dont_email_post_to_subs":false,"_jetpack_newsletter_tier_id":0,"_jetpack_memberships_contains_paywalled_content":false,"_mbp_banners":[],"_jetpack_feature_clip_id":0,"_jetpack_memberships_contains_paid_content":false,"footnotes":"","jetpack_publicize_message":"","jetpack_publicize_feature_enabled":true,"jetpack_social_post_already_shared":true,"jetpack_social_options":{"image_generator_settings":{"template":"highway","default_image_id":0,"font":"","enabled":false},"version":2},"jetpack_post_was_ever_published":false},"categories":[16],"tags":[],"class_list":["post-71499","post","type-post","status-publish","format-standard","has-post-thumbnail","category-local"],"jetpack_publicize_connections":[],"jetpack-related-posts":[],"jetpack_shortlink":"https:\/\/wp.me\/p7Eq1F-iBd","jetpack_sharing_enabled":true,"jetpack_featured_media_url":"https:\/\/i0.wp.com\/guialimeira.com.br\/news\/wp-content\/uploads\/2026\/07\/m_137_0_1_06072026105141.jpeg?fit=1024%2C637&ssl=1","_links":{"self":[{"href":"https:\/\/guialimeira.com.br\/news\/wp-json\/wp\/v2\/posts\/71499","targetHints":{"allow":["GET"]}}],"collection":[{"href":"https:\/\/guialimeira.com.br\/news\/wp-json\/wp\/v2\/posts"}],"about":[{"href":"https:\/\/guialimeira.com.br\/news\/wp-json\/wp\/v2\/types\/post"}],"author":[{"embeddable":true,"href":"https:\/\/guialimeira.com.br\/news\/wp-json\/wp\/v2\/users\/1"}],"replies":[{"embeddable":true,"href":"https:\/\/guialimeira.com.br\/news\/wp-json\/wp\/v2\/comments?post=71499"}],"version-history":[{"count":0,"href":"https:\/\/guialimeira.com.br\/news\/wp-json\/wp\/v2\/posts\/71499\/revisions"}],"wp:featuredmedia":[{"embeddable":true,"href":"https:\/\/guialimeira.com.br\/news\/wp-json\/wp\/v2\/media\/71500"}],"wp:attachment":[{"href":"https:\/\/guialimeira.com.br\/news\/wp-json\/wp\/v2\/media?parent=71499"}],"wp:term":[{"taxonomy":"category","embeddable":true,"href":"https:\/\/guialimeira.com.br\/news\/wp-json\/wp\/v2\/categories?post=71499"},{"taxonomy":"post_tag","embeddable":true,"href":"https:\/\/guialimeira.com.br\/news\/wp-json\/wp\/v2\/tags?post=71499"}],"curies":[{"name":"wp","href":"https:\/\/api.w.org\/{rel}","templated":true}]}}