{"id":71487,"date":"2026-07-06T09:44:21","date_gmt":"2026-07-06T12:44:21","guid":{"rendered":"https:\/\/guialimeira.com.br\/arraia-julino-de-limeira-tera-show-gratuito-de-sami-rico\/"},"modified":"2026-07-06T09:44:21","modified_gmt":"2026-07-06T12:44:21","slug":"arraia-julino-de-limeira-tera-show-gratuito-de-sami-rico","status":"publish","type":"post","link":"https:\/\/guialimeira.com.br\/news\/arraia-julino-de-limeira-tera-show-gratuito-de-sami-rico\/","title":{"rendered":"Arrai\u00e1 Julino de Limeira ter\u00e1 show gratuito de Sami Rico"},"content":{"rendered":"<p> <br \/>\n<\/p>\n<div>\n                <main class=\"\">&#13;<br \/>\n                    &#13;<br \/>\n&#13;<br \/>\n&#13;<br \/>\n&#13;<br \/>\n&#13;<br \/>\n&#13;<br \/>\n    <img data-recalc-dims=\"1\" decoding=\"async\" src=\"https:\/\/i0.wp.com\/ecrie.com.br\/sistema\/conteudos\/imagem\/m_137_1_1_06072026093847.jpg?w=696&#038;ssl=1\" alt=\"Arrai\u00e1 Julino de Limeira ter\u00e1 show gratuito de Sami Rico\"\/>&#13;<br \/>\n&#13;<br \/>\n&#13;<\/p>\n<p style=\"text-align: justify;\">Comidas t\u00edpicas, parque de divers\u00f5es e muita m\u00fasica v\u00e3o tomar conta do Parque Cidade nos dias 17 e 18 de julho, durante o Arrai\u00e1 Julino. Gratuito e voltado para toda a fam\u00edlia, o evento tem como grande atra\u00e7\u00e3o o show do cantor Sami Rico, filho de Jos\u00e9 Rico, com o show &#8220;Filho da lenda &#8211; 10 anos de saudade&#8221;.\u00a0<\/p>\n<p>&#13;<\/p>\n<p style=\"text-align: justify;\">Para o prefeito Murilo F\u00e9lix, a festa foi planejada para toda a fam\u00edlia. &#8220;Preparamos uma festa pensada para as fam\u00edlias de Limeira, com atra\u00e7\u00f5es para todas as idades e um ambiente acolhedor para que todos possam aproveitar esse momento de lazer e tradi\u00e7\u00e3o&#8221;, afirmou.<\/p>\n<p>&#13;<\/p>\n<p style=\"text-align: justify;\"><strong>Programa\u00e7\u00e3o<\/strong><\/p>\n<p>&#13;<\/p>\n<p style=\"text-align: justify;\">Na sexta-feira (17), a programa\u00e7\u00e3o come\u00e7a \u00e0s 18h, com shows das bandas Forr\u00f3 Temperado e Forr\u00f3 Di Casa. J\u00e1 no s\u00e1bado (18), a festa ter\u00e1 in\u00edcio \u00e0s 17h e contar\u00e1 com a apresenta\u00e7\u00e3o especial de Sami Rico, filho de Jos\u00e9 Rico, que promete animar o p\u00fablico com um repert\u00f3rio repleto de sucessos da m\u00fasica sertaneja.<\/p>\n<p>&#13;<\/p>\n<p style=\"text-align: justify;\">Al\u00e9m dos shows, o Arrai\u00e1 Julino contar\u00e1 com brinquedos infl\u00e1veis e touro mec\u00e2nico gratuitos para as crian\u00e7as. O evento tamb\u00e9m ter\u00e1 um parque de divers\u00f5es e uma ampla pra\u00e7a de alimenta\u00e7\u00e3o com comidas t\u00edpicas.<\/p>\n<p>&#13;<\/p>\n<p style=\"text-align: justify;\">O secret\u00e1rio de Turismo e Eventos, Thiago Martins, destacou que a programa\u00e7\u00e3o foi preparada para reunir pessoas de todas as idades. &#8220;O Arrai\u00e1 Julino foi pensado para proporcionar uma experi\u00eancia completa ao p\u00fablico, com grandes shows, atra\u00e7\u00f5es gratuitas para as crian\u00e7as e gastronomia t\u00edpica&#8221;, afirmou.<\/p>\n<p>&#13;<\/p>\n<p style=\"text-align: justify;\">O Arrai\u00e1 Julino \u00e9 organizado pela Secretaria de Turismo e Eventos e est\u00e1 alinhado ao Objetivo de Desenvolvimento Sustent\u00e1vel (ODS) 11, da Organiza\u00e7\u00e3o das Na\u00e7\u00f5es Unidas (ONU), que incentiva cidades e comunidades mais inclusivas, seguras, resilientes e sustent\u00e1veis.<\/p>\n<p>&#13;<br \/>\n&#13;<br \/>\n&#13;<br \/>\n&#13;<\/p>\n<article class=\"conteudo-relacionado no-print\">&#13;<br \/>\n        &#13;<br \/>\n&#13;<br \/>\n        &#13;<br \/>\n    <\/article>\n<p>&#13;<br \/>\n&#13;<br \/>\n                <\/main><\/p><\/div>\n<p><br \/>\n<br \/><a href=\"https:\/\/limeira.sp.gov.br\/arraia-julino-de-limeira-tera-show-gratuito-de-sami-rico\" rel=\"noopener\">Informa\u00e7\u00f5es da PML <\/a><\/p>\n","protected":false},"excerpt":{"rendered":"<p>&#13; &#13; &#13; &#13; &#13; &#13; &#13; &#13; &#13; &#13; Comidas t\u00edpicas, parque de divers\u00f5es e muita m\u00fasica v\u00e3o tomar conta do Parque Cidade nos dias 17 e 18 de julho, durante o Arrai\u00e1 Julino. Gratuito e voltado para toda a fam\u00edlia, o evento tem como grande atra\u00e7\u00e3o o show do cantor Sami Rico, filho [&hellip;]<\/p>\n","protected":false},"author":1,"featured_media":71488,"comment_status":"","ping_status":"open","sticky":false,"template":"","format":"standard","meta":{"_jetpack_newsletter_access":"","_jetpack_dont_email_post_to_subs":false,"_jetpack_newsletter_tier_id":0,"_jetpack_memberships_contains_paywalled_content":false,"_mbp_banners":[],"_jetpack_feature_clip_id":0,"_jetpack_memberships_contains_paid_content":false,"footnotes":"","jetpack_publicize_message":"","jetpack_publicize_feature_enabled":true,"jetpack_social_post_already_shared":true,"jetpack_social_options":{"image_generator_settings":{"template":"highway","default_image_id":0,"font":"","enabled":false},"version":2},"jetpack_post_was_ever_published":false},"categories":[16],"tags":[],"class_list":["post-71487","post","type-post","status-publish","format-standard","has-post-thumbnail","category-local"],"jetpack_publicize_connections":[],"jetpack-related-posts":[],"jetpack_shortlink":"https:\/\/wp.me\/p7Eq1F-iB1","jetpack_sharing_enabled":true,"jetpack_featured_media_url":"https:\/\/i0.wp.com\/guialimeira.com.br\/news\/wp-content\/uploads\/2026\/07\/m_137_1_1_06072026093847.jpg?fit=1024%2C697&ssl=1","_links":{"self":[{"href":"https:\/\/guialimeira.com.br\/news\/wp-json\/wp\/v2\/posts\/71487","targetHints":{"allow":["GET"]}}],"collection":[{"href":"https:\/\/guialimeira.com.br\/news\/wp-json\/wp\/v2\/posts"}],"about":[{"href":"https:\/\/guialimeira.com.br\/news\/wp-json\/wp\/v2\/types\/post"}],"author":[{"embeddable":true,"href":"https:\/\/guialimeira.com.br\/news\/wp-json\/wp\/v2\/users\/1"}],"replies":[{"embeddable":true,"href":"https:\/\/guialimeira.com.br\/news\/wp-json\/wp\/v2\/comments?post=71487"}],"version-history":[{"count":0,"href":"https:\/\/guialimeira.com.br\/news\/wp-json\/wp\/v2\/posts\/71487\/revisions"}],"wp:featuredmedia":[{"embeddable":true,"href":"https:\/\/guialimeira.com.br\/news\/wp-json\/wp\/v2\/media\/71488"}],"wp:attachment":[{"href":"https:\/\/guialimeira.com.br\/news\/wp-json\/wp\/v2\/media?parent=71487"}],"wp:term":[{"taxonomy":"category","embeddable":true,"href":"https:\/\/guialimeira.com.br\/news\/wp-json\/wp\/v2\/categories?post=71487"},{"taxonomy":"post_tag","embeddable":true,"href":"https:\/\/guialimeira.com.br\/news\/wp-json\/wp\/v2\/tags?post=71487"}],"curies":[{"name":"wp","href":"https:\/\/api.w.org\/{rel}","templated":true}]}}