{"id":71485,"date":"2026-07-06T09:39:18","date_gmt":"2026-07-06T12:39:18","guid":{"rendered":"https:\/\/guialimeira.com.br\/limeira-sedia-forum-de-cidades-digitais-e-inteligentes-para-prefeituras\/"},"modified":"2026-07-06T09:39:18","modified_gmt":"2026-07-06T12:39:18","slug":"limeira-sedia-forum-de-cidades-digitais-e-inteligentes-para-prefeituras","status":"publish","type":"post","link":"https:\/\/guialimeira.com.br\/news\/limeira-sedia-forum-de-cidades-digitais-e-inteligentes-para-prefeituras\/","title":{"rendered":"Limeira sedia F\u00f3rum de Cidades Digitais e Inteligentes para Prefeituras"},"content":{"rendered":"<p> <br \/>\n<\/p>\n<div>\n                <main class=\"\">&#13;<br \/>\n                    &#13;<br \/>\n&#13;<br \/>\n&#13;<br \/>\n&#13;<br \/>\n&#13;<br \/>\n&#13;<br \/>\n    <img data-recalc-dims=\"1\" decoding=\"async\" src=\"https:\/\/i0.wp.com\/ecrie.com.br\/sistema\/conteudos\/imagem\/m_137_0_1_06072026093316.jpeg?w=696&#038;ssl=1\" alt=\"Limeira sedia F\u00f3rum de Cidades Digitais e Inteligentes para Prefeituras\"\/>&#13;<br \/>\n&#13;<br \/>\n&#13;<\/p>\n<p>Limeira sedia, no dia 23 de julho, o F\u00f3rum de Cidades Digitais e Inteligentes visando fomentar a moderniza\u00e7\u00e3o dos servi\u00e7os p\u00fablicos nos munic\u00edpios da regi\u00e3o. O encontro vai reunir prefeitos de toda a regi\u00e3o, gestores, servidores, vereadores e especialistas para debater inova\u00e7\u00e3o, tecnologia e transforma\u00e7\u00e3o digital aplicada aos munic\u00edpios. As inscri\u00e7\u00f5es j\u00e1 est\u00e3o abertas e s\u00e3o gratuitas para o setor p\u00fablico atrav\u00e9s da plataforma https:\/\/sympla.com.br\/rcd.<\/p>\n<p>&#13;<\/p>\n<p>Promovido pela Rede Cidade Digital (RCD) em parceria com a Prefeitura de Limeira, o F\u00f3rum visa promover a troca de experi\u00eancias e apresentar solu\u00e7\u00f5es inovadoras voltadas \u00e0 moderniza\u00e7\u00e3o da administra\u00e7\u00e3o p\u00fablica, com foco em \u00e1reas como sa\u00fade, educa\u00e7\u00e3o, finan\u00e7as e seguran\u00e7a.<\/p>\n<p>&#13;<\/p>\n<p>Durante o evento, prefeitos do interior paulista ser\u00e3o reconhecidos com o t\u00edtulo de Prefeito Inovador 2026, dentre eles est\u00e1 o prefeito de Limeira, Murilo F\u00e9lix. \u201cO Prefeito Inovador \u00e9 aquele que compreende que a transforma\u00e7\u00e3o digital n\u00e3o \u00e9 apenas uma tend\u00eancia, mas uma ferramenta essencial para tornar a gest\u00e3o mais eficiente e melhorar a vida das pessoas\u201d, enfatiza o Diretor da Rede Cidade Digital, Jos\u00e9 Marinho.<\/p>\n<p>&#13;<\/p>\n<p>Al\u00e9m de palestras e pain\u00e9is, o evento contar\u00e1 com empresas especializadas em tecnologia para o setor p\u00fablico, que apresentar\u00e3o solu\u00e7\u00f5es inovadoras voltadas \u00e0 moderniza\u00e7\u00e3o da gest\u00e3o municipal.<\/p>\n<p>&#13;<\/p>\n<p>O prefeito de Limeira, Murilo F\u00e9lix, destacou a import\u00e2ncia da realiza\u00e7\u00e3o do F\u00f3rum visando facilitar a inova\u00e7\u00e3o nos munic\u00edpios da regi\u00e3o. \u201cReceber pela primeira vez o F\u00f3rum de Cidades Digitais e Inteligentes \u00e9 uma oportunidade \u00fanica para Limeira e para toda a regi\u00e3o. Temos investido de forma consistente em tecnologia porque entendemos que ela \u00e9 o caminho mais eficiente para resolver os grandes desafios urbanos. Queremos que este evento acelere ainda mais essa transforma\u00e7\u00e3o e inspire novos avan\u00e7os para os munic\u00edpios do entorno\u201d, afirmou.<\/p>\n<p>&#13;<\/p>\n<p>\u00a0<\/p>\n<p>&#13;<br \/>\n&#13;<br \/>\n&#13;<br \/>\n&#13;<\/p>\n<article class=\"conteudo-relacionado no-print\">&#13;<br \/>\n        &#13;<br \/>\n&#13;<br \/>\n        &#13;<br \/>\n    <\/article>\n<p>&#13;<br \/>\n&#13;<br \/>\n                <\/main><\/p><\/div>\n<p><br \/>\n<br \/><a href=\"https:\/\/limeira.sp.gov.br\/limeira-sedia-forum-de-cidades-digitais-e-inteligentes-para-prefeituras\" rel=\"noopener\">Informa\u00e7\u00f5es da PML <\/a><\/p>\n","protected":false},"excerpt":{"rendered":"<p>&#13; &#13; &#13; &#13; &#13; &#13; &#13; &#13; &#13; &#13; Limeira sedia, no dia 23 de julho, o F\u00f3rum de Cidades Digitais e Inteligentes visando fomentar a moderniza\u00e7\u00e3o dos servi\u00e7os p\u00fablicos nos munic\u00edpios da regi\u00e3o. O encontro vai reunir prefeitos de toda a regi\u00e3o, gestores, servidores, vereadores e especialistas para debater inova\u00e7\u00e3o, tecnologia e transforma\u00e7\u00e3o [&hellip;]<\/p>\n","protected":false},"author":1,"featured_media":71486,"comment_status":"","ping_status":"open","sticky":false,"template":"","format":"standard","meta":{"_jetpack_newsletter_access":"","_jetpack_dont_email_post_to_subs":false,"_jetpack_newsletter_tier_id":0,"_jetpack_memberships_contains_paywalled_content":false,"_mbp_banners":[],"_jetpack_feature_clip_id":0,"_jetpack_memberships_contains_paid_content":false,"footnotes":"","jetpack_publicize_message":"","jetpack_publicize_feature_enabled":true,"jetpack_social_post_already_shared":true,"jetpack_social_options":{"image_generator_settings":{"template":"highway","default_image_id":0,"font":"","enabled":false},"version":2},"jetpack_post_was_ever_published":false},"categories":[16],"tags":[],"class_list":["post-71485","post","type-post","status-publish","format-standard","has-post-thumbnail","category-local"],"jetpack_publicize_connections":[],"jetpack-related-posts":[],"jetpack_shortlink":"https:\/\/wp.me\/p7Eq1F-iAZ","jetpack_sharing_enabled":true,"jetpack_featured_media_url":"https:\/\/i0.wp.com\/guialimeira.com.br\/news\/wp-content\/uploads\/2026\/07\/m_137_0_1_06072026093316.jpeg?fit=1024%2C576&ssl=1","_links":{"self":[{"href":"https:\/\/guialimeira.com.br\/news\/wp-json\/wp\/v2\/posts\/71485","targetHints":{"allow":["GET"]}}],"collection":[{"href":"https:\/\/guialimeira.com.br\/news\/wp-json\/wp\/v2\/posts"}],"about":[{"href":"https:\/\/guialimeira.com.br\/news\/wp-json\/wp\/v2\/types\/post"}],"author":[{"embeddable":true,"href":"https:\/\/guialimeira.com.br\/news\/wp-json\/wp\/v2\/users\/1"}],"replies":[{"embeddable":true,"href":"https:\/\/guialimeira.com.br\/news\/wp-json\/wp\/v2\/comments?post=71485"}],"version-history":[{"count":0,"href":"https:\/\/guialimeira.com.br\/news\/wp-json\/wp\/v2\/posts\/71485\/revisions"}],"wp:featuredmedia":[{"embeddable":true,"href":"https:\/\/guialimeira.com.br\/news\/wp-json\/wp\/v2\/media\/71486"}],"wp:attachment":[{"href":"https:\/\/guialimeira.com.br\/news\/wp-json\/wp\/v2\/media?parent=71485"}],"wp:term":[{"taxonomy":"category","embeddable":true,"href":"https:\/\/guialimeira.com.br\/news\/wp-json\/wp\/v2\/categories?post=71485"},{"taxonomy":"post_tag","embeddable":true,"href":"https:\/\/guialimeira.com.br\/news\/wp-json\/wp\/v2\/tags?post=71485"}],"curies":[{"name":"wp","href":"https:\/\/api.w.org\/{rel}","templated":true}]}}