{"id":714,"date":"2024-04-02T10:25:45","date_gmt":"2024-04-02T13:25:45","guid":{"rendered":"https:\/\/guialimeira.com.br\/2024\/04\/02\/programas-de-entrevistas-da-tv-brasil-debatem-60-anos-do-golpe-militar\/"},"modified":"2024-04-02T10:25:45","modified_gmt":"2024-04-02T13:25:45","slug":"programas-de-entrevistas-da-tv-brasil-debatem-60-anos-do-golpe-militar","status":"publish","type":"post","link":"https:\/\/guialimeira.com.br\/news\/programas-de-entrevistas-da-tv-brasil-debatem-60-anos-do-golpe-militar\/","title":{"rendered":"Programas de entrevistas da TV Brasil debatem 60 anos do golpe militar"},"content":{"rendered":"<p> <br \/>\n<\/p>\n<div>\n<p>Para marcar os 60 anos do golpe militar de 1964, a\u00a0<strong>TV Brasil<\/strong>\u00a0exibe nesta ter\u00e7a-feira (2) duas atra\u00e7\u00f5es in\u00e9ditas com personalidades que s\u00e3o refer\u00eancias no tema. As conversas com o historiador Jair Krischke, no<em>\u00a0DR com Demori<\/em>, e com a jornalista e escritora Denise Assis, no\u00a0<em>Trilha de Letras<\/em>, v\u00e3o ao ar \u00e0s 21h30 e \u00e0s 22h30, respectivamente.<img data-recalc-dims=\"1\" decoding=\"async\" src=\"https:\/\/i0.wp.com\/agenciabrasil.ebc.com.br\/ebc.png?w=696&#038;ssl=1\" style=\"width:1px; height:1px; display:inline;\"\/><img data-recalc-dims=\"1\" decoding=\"async\" src=\"https:\/\/i0.wp.com\/agenciabrasil.ebc.com.br\/ebc.gif?w=696&#038;ssl=1\" style=\"width:1px; height:1px; display:inline;\"\/><\/p>\n<p>Durante a edi\u00e7\u00e3o especial tem\u00e1tica do <em>DR com Demori<\/em>, o jornalista e apresentador bate um papo com Jair Krischke, especialista em direitos humanos conhecido como &#8220;o ca\u00e7ador de torturadores&#8221;. Ele criou uma rede de pesquisadores e informantes que colaborou para esclarecer mortes, desaparecimentos e sequestros ocorridos entre 1960 e 1980. Estima-se que o historiador tenha ajudado a salvar 2 mil pessoas dos diversos regimes militares em toda a Am\u00e9rica Latina.<\/p>\n<p>Ga\u00facho de Porto Alegre, Jair Krischke \u00e9 presidente do Movimento de Justi\u00e7a e Direitos Humanos (MDJH) e um reconhecido militante, com importante atua\u00e7\u00e3o durante a ditadura militar no Brasil &#8211; per\u00edodo em que, inclusive, fundou o MJDH. Al\u00e9m disso, desde os anos 1960, atua no Alto Comissariado das Na\u00e7\u00f5es Unidas para os Refugiados.<\/p>\n<div class=\"dnd-widget-wrapper context-grande_6colunas type-image atom-align-left\">\n<div class=\"dnd-atom-rendered\"><!-- scald=378634:grande_6colunas {\"additionalClasses\":\"\"} --><\/p>\n<div class=\"shadow overflow-hidden rounded-lg d-block w-100\">\n            <img data-recalc-dims=\"1\" decoding=\"async\" src=\"https:\/\/i0.wp.com\/agenciabrasil.ebc.com.br\/sites\/default\/files\/thumbnails\/image\/loading_v2.gif?w=696&#038;ssl=1\" data-echo=\"https:\/\/imagens.ebc.com.br\/EI0vBDaxIWOdOVSuU_YGsiv0vn8=\/463x0\/smart\/https:\/\/agenciabrasil.ebc.com.br\/sites\/default\/files\/thumbnails\/image\/2024\/04\/01\/9d745b381fb2b7ce4afa16a65cdd0bdd_medium.jpg?itok=i4Vl72pj\" alt=\"Mestre em comunica\u00e7\u00e3o pela Universidade Federal de Juiz de Fora, Denise Assis, trabalhou em grandes ve\u00edculos de imprensa como O Globo, Jornal do Brasil, Veja, Isto \u00c9 e O Dia. Al\u00e9m de Imaculada, \u00e9 autora de Propaganda e Cinema a Servi\u00e7o do Golpe - 1962\/1964 e Claudio Guerra: Matar e Queimar. Frame\/TV Brasil\" title=\"Frame\/TV Brasil\" class=\"flex-fill img-cover\"\/><br \/>\n        <img data-recalc-dims=\"1\" decoding=\"async\" src=\"https:\/\/i0.wp.com\/imagens.ebc.com.br\/EI0vBDaxIWOdOVSuU_YGsiv0vn8%3D\/463x0\/smart\/https%3A\/\/agenciabrasil.ebc.com.br\/sites\/default\/files\/thumbnails\/image\/2024\/04\/01\/9d745b381fb2b7ce4afa16a65cdd0bdd_medium.jpg?w=696&#038;ssl=1\" alt=\"Mestre em comunica\u00e7\u00e3o pela Universidade Federal de Juiz de Fora, Denise Assis, trabalhou em grandes ve\u00edculos de imprensa como O Globo, Jornal do Brasil, Veja, Isto \u00c9 e O Dia. Al\u00e9m de Imaculada, \u00e9 autora de Propaganda e Cinema a Servi\u00e7o do Golpe - 1962\/1964 e Claudio Guerra: Matar e Queimar. Frame\/TV Brasil\" title=\"Frame\/TV Brasil\" class=\"flex-fill img-cover\"\/>\n    <\/div>\n<p><!-- END scald=378634 --><\/div>\n<p><h6 class=\"meta\"><!--copyright=378634-->\u00a0Jornalista e escritora Denise Assis \u00e9 a convidada do Trilha de Letras desta ter\u00e7a-feira (2) &#8211; <strong>Frame\/TV Brasil<\/strong><!--END copyright=378634--><\/h6>\n<\/p>\n<\/div>\n<p>Em seguida, no <em>Trilha de Letras<\/em>, a apresentadora Eliana Alves Cruz conduz a entrevista com Denise Assis. A convidada fala de suas experi\u00eancias nas comiss\u00f5es Nacional da Verdade e Estadual da Verdade do Rio de Janeiro, nas quais atuou como pesquisadora e conseguiu testemunhos que ajudaram a desvendar casos sem solu\u00e7\u00e3o desde a redemocratiza\u00e7\u00e3o.<\/p>\n<p>Denise conta ainda como sua obra liter\u00e1ria segue intrinsecamente ligada \u00e0s pesquisas sobre o tema, com destaque para <em>Imaculada<\/em>, fic\u00e7\u00e3o hist\u00f3rica livremente baseada na trajet\u00f3ria da freira Maurina Borges da Silveira, a \u00fanica religiosa presa e torturada pelo regime militar. No romance, a pris\u00e3o, tortura e posterior ex\u00edlio funcionam como elementos de um mist\u00e9rio: por que a Igreja se empenhou em colocar o mais r\u00e1pido poss\u00edvel a irm\u00e3 Imaculada em uma lista de prisioneiros pol\u00edticos a serem trocados por um embaixador sequestrado e, assim, garantir sua sa\u00edda para o M\u00e9xico?<\/p>\n<p>Mestre em comunica\u00e7\u00e3o pela Universidade Federal de Juiz de Fora, Denise trabalhou em grandes ve\u00edculos de imprensa como <em>O Globo<\/em>, <em>Jornal do Brasil<\/em>, <em>Veja<\/em>, <em>Isto \u00c9<\/em> e <em>O Dia<\/em>. Al\u00e9m de <em>Imaculada<\/em>, \u00e9 autora de <em>Propaganda e Cinema a Servi\u00e7o do Golpe &#8211; 1962\/1964<\/em>\u00a0e <em>Claudio Guerra: Matar e Queimar<\/em>.<\/p>\n<h2>Sobre o <em>DR com Demori<\/em><\/h2>\n<p>O programa <em>Dando a Real com Leandro Demori<\/em>, ou simplesmente <em>DR com Demori<\/em>, traz personalidades para um papo mais \u00edntimo e direto, na tela da <strong>TV Brasil<\/strong>. J\u00e1 passaram pela mesa nomes como o ministro do Supremo Tribunal Federal Gilmar Mendes, a deputada federal Erika Hilton, o psic\u00f3logo Alexandre Coimbra e o fundador da banda Pink Floyd, Roger Waters.<\/p>\n<p>A atra\u00e7\u00e3o vai ao ar \u00e0s ter\u00e7as-feiras, \u00e0s 21h30. <em>DR com Demori<\/em> tem janela alternativa aos s\u00e1bados, \u00e0s 19h30, e aos domingos, \u00e0s 22h30. Dispon\u00edvel no app TV Brasil Play, a produ\u00e7\u00e3o ainda \u00e9 veiculada pela <strong>R\u00e1dio Nacional<\/strong> e pela <strong>R\u00e1dio MEC<\/strong> na ter\u00e7a, \u00e0s 23h.<\/p>\n<h2>Sobre o <em>Trilha de Letras<\/em><\/h2>\n<p>O <em>Trilha de Letras<\/em> busca debater os temas mais atuais discutidos pela sociedade por meio da literatura. A cada edi\u00e7\u00e3o, o programa recebe um convidado diferente. A atra\u00e7\u00e3o foi idealizada, em 2016, pela jornalista Em\u00edlia Ferraz, atual diretora do programa que entrou no ar em abril de 2017. Nesta temporada, os epis\u00f3dios foram gravados na BiblioMaison, biblioteca do consulado da Fran\u00e7a no Rio de Janeiro.<\/p>\n<p>A <strong>TV Brasil<\/strong> j\u00e1 produziu tr\u00eas temporadas do programa e recebeu mais de 200 convidados nacionais e estrangeiros. A jornalista, escritora e roteirista Eliana Alves Cruz est\u00e1 \u00e0\u00a0frente da quarta temporada, que tamb\u00e9m ganha uma vers\u00e3o na <strong>R\u00e1dio MEC<\/strong> e est\u00e1 dispon\u00edvel em formato <em>podcast<\/em>.<\/p>\n<p>A produ\u00e7\u00e3o exibida pelo canal p\u00fablico, \u00e0s ter\u00e7as, \u00e0s 22h30, tem hor\u00e1rio alternativo aos s\u00e1bados, \u00e0s 18h30. O Trilha de Letras ainda vai ao ar nas madrugadas de ter\u00e7a para quarta, na telinha. J\u00e1 na programa\u00e7\u00e3o da <strong>R\u00e1dio MEC<\/strong>, o conte\u00fado \u00e9 apresentado \u00e0s quartas, \u00e0s 23h.<\/p>\n<\/p><\/div>\n<p><br \/>\n<br \/><a href=\"https:\/\/agenciabrasil.ebc.com.br\/direitos-humanos\/noticia\/2024-04\/programas-de-entrevistas-da-tv-brasil-debatem-60-anos-do-golpe-militar\" rel=\"noopener\">Ag\u00eancia Brasil<\/a><\/p>\n","protected":false},"excerpt":{"rendered":"<p>Para marcar os 60 anos do golpe militar de 1964, a\u00a0TV Brasil\u00a0exibe nesta ter\u00e7a-feira (2) duas atra\u00e7\u00f5es in\u00e9ditas com personalidades que s\u00e3o refer\u00eancias no tema. As conversas com o historiador Jair Krischke, no\u00a0DR com Demori, e com a jornalista e escritora Denise Assis, no\u00a0Trilha de Letras, v\u00e3o ao ar \u00e0s 21h30 e \u00e0s 22h30, respectivamente. [&hellip;]<\/p>\n","protected":false},"author":1,"featured_media":715,"comment_status":"open","ping_status":"open","sticky":false,"template":"","format":"standard","meta":{"_jetpack_newsletter_access":"","_jetpack_dont_email_post_to_subs":false,"_jetpack_newsletter_tier_id":0,"_jetpack_memberships_contains_paywalled_content":false,"_mbp_banners":[],"_jetpack_feature_clip_id":0,"_jetpack_memberships_contains_paid_content":false,"footnotes":"","jetpack_publicize_message":"","jetpack_publicize_feature_enabled":true,"jetpack_social_post_already_shared":true,"jetpack_social_options":{"image_generator_settings":{"template":"highway","default_image_id":0,"font":"","enabled":false},"version":2},"jetpack_post_was_ever_published":false},"categories":[22],"tags":[],"class_list":["post-714","post","type-post","status-publish","format-standard","has-post-thumbnail","category-nacional"],"jetpack_publicize_connections":[],"jetpack-related-posts":[],"jetpack_shortlink":"https:\/\/wp.me\/p7Eq1F-bw","jetpack_sharing_enabled":true,"jetpack_featured_media_url":"https:\/\/i0.wp.com\/guialimeira.com.br\/news\/wp-content\/uploads\/2024\/04\/ja_6309.jpg?fit=1600%2C800&ssl=1","_links":{"self":[{"href":"https:\/\/guialimeira.com.br\/news\/wp-json\/wp\/v2\/posts\/714","targetHints":{"allow":["GET"]}}],"collection":[{"href":"https:\/\/guialimeira.com.br\/news\/wp-json\/wp\/v2\/posts"}],"about":[{"href":"https:\/\/guialimeira.com.br\/news\/wp-json\/wp\/v2\/types\/post"}],"author":[{"embeddable":true,"href":"https:\/\/guialimeira.com.br\/news\/wp-json\/wp\/v2\/users\/1"}],"replies":[{"embeddable":true,"href":"https:\/\/guialimeira.com.br\/news\/wp-json\/wp\/v2\/comments?post=714"}],"version-history":[{"count":0,"href":"https:\/\/guialimeira.com.br\/news\/wp-json\/wp\/v2\/posts\/714\/revisions"}],"wp:featuredmedia":[{"embeddable":true,"href":"https:\/\/guialimeira.com.br\/news\/wp-json\/wp\/v2\/media\/715"}],"wp:attachment":[{"href":"https:\/\/guialimeira.com.br\/news\/wp-json\/wp\/v2\/media?parent=714"}],"wp:term":[{"taxonomy":"category","embeddable":true,"href":"https:\/\/guialimeira.com.br\/news\/wp-json\/wp\/v2\/categories?post=714"},{"taxonomy":"post_tag","embeddable":true,"href":"https:\/\/guialimeira.com.br\/news\/wp-json\/wp\/v2\/tags?post=714"}],"curies":[{"name":"wp","href":"https:\/\/api.w.org\/{rel}","templated":true}]}}