{"id":71327,"date":"2026-07-03T17:11:09","date_gmt":"2026-07-03T20:11:09","guid":{"rendered":"https:\/\/guialimeira.com.br\/seprosom-reune-quase-mil-participantes-em-tradicional-festa-julina-da-terceira-idade\/"},"modified":"2026-07-03T17:11:09","modified_gmt":"2026-07-03T20:11:09","slug":"seprosom-reune-quase-mil-participantes-em-tradicional-festa-julina-da-terceira-idade","status":"publish","type":"post","link":"https:\/\/guialimeira.com.br\/news\/seprosom-reune-quase-mil-participantes-em-tradicional-festa-julina-da-terceira-idade\/","title":{"rendered":"Seprosom re\u00fane quase mil participantes em tradicional Festa Julina da Terceira Idade"},"content":{"rendered":"<p> <br \/>\n<\/p>\n<div>\n                <main class=\"\">&#13;<br \/>\n                    &#13;<br \/>\n&#13;<br \/>\n&#13;<br \/>\n&#13;<br \/>\n&#13;<br \/>\n&#13;<br \/>\n    <img decoding=\"async\" src=\"https:\/\/ecrie.com.br\/sistema\/conteudos\/imagem\/m_137_3_7_03072026170643.jfif\" alt=\"Seprosom re\u00fane quase mil participantes em tradicional Festa Julina da Terceira Idade\"\/>&#13;<br \/>\n&#13;<br \/>\n&#13;<\/p>\n<p style=\"text-align: justify;\">A tradicional Festa Julina da Terceira Idade reuniu, na tarde desta sexta-feira (3), quase mil pessoas no Gran S\u00e3o Jo\u00e3o, em Limeira. Promovido pela Prefeitura, o evento contou com a participa\u00e7\u00e3o de 45 grupos atendidos pelo Servi\u00e7o de Conviv\u00eancia e Fortalecimento de V\u00ednculos (SCFV) para Idosos, proporcionando uma tarde de integra\u00e7\u00e3o, lazer e fortalecimento da conviv\u00eancia.<\/p>\n<p>&#13;<\/p>\n<p style=\"text-align: justify;\">Ao som da banda Forr\u00f3 Temperado, os participantes dan\u00e7aram e aproveitaram as barracas de comidas t\u00edpicas distribu\u00eddas no espa\u00e7o. A programa\u00e7\u00e3o foi marcada por reencontros, muita anima\u00e7\u00e3o e momentos de confraterniza\u00e7\u00e3o entre os frequentadores dos grupos.<\/p>\n<p>&#13;<\/p>\n<p style=\"text-align: justify;\">Entre os participantes estava Nilza Ponvechio de Oliveira, atendida pelo SCFV e monitora do grupo Erc\u00edlia Pirelli Cech h\u00e1 11 anos. Para ela, a festa \u00e9 um dos momentos mais aguardados do calend\u00e1rio. &#8220;\u00c9 uma alegria muito grande participar desses eventos. A gente espera o ano inteiro por esse momento de encontro e divers\u00e3o&#8221;, afirmou.<\/p>\n<p>&#13;<\/p>\n<p style=\"text-align: justify;\">A secret\u00e1ria de Promo\u00e7\u00e3o Social, Const\u00e2ncia F\u00e9lix, destacou que a Festa Julina fortalece os v\u00ednculos entre os idosos e refor\u00e7a o compromisso com a promo\u00e7\u00e3o do envelhecimento ativo. &#8220;Mais do que um momento de lazer, este encontro fortalece amizades, incentiva a conviv\u00eancia e valoriza cada idoso que participa dos nossos grupos. \u00c9 gratificante ver tantas pessoas reunidas, celebrando com alegria e mostrando que o envelhecimento tamb\u00e9m pode ser vivido com participa\u00e7\u00e3o, acolhimento e qualidade de vida&#8221;, ressaltou.<\/p>\n<p>&#13;<\/p>\n<p style=\"text-align: justify;\">A abertura do evento contou com a presen\u00e7a das vereadoras Mara Isa Mattos Silveira, Mariana Calsa e Lu Bogo, do secret\u00e1rio de Habita\u00e7\u00e3o, Waguinho da Santa Luzia, e da presidente do Fundo Social de Limeira, Carla Kalid.<\/p>\n<p>&#13;<\/p>\n<p style=\"text-align: justify;\">A Festa Julina da Terceira Idade foi organizada pela Seprosom, em parceria com as secretarias de Turismo e Eventos e de Comunica\u00e7\u00e3o. A iniciativa est\u00e1 alinhada ao Objetivo de Desenvolvimento Sustent\u00e1vel (ODS) 10 da ONU.<\/p>\n<p>&#13;<br \/>\n&#13;<br \/>\n&#13;<br \/>\n&#13;<\/p>\n<article class=\"conteudo-relacionado no-print\">&#13;<br \/>\n        &#13;<br \/>\n&#13;<br \/>\n        &#13;<br \/>\n    <\/article>\n<p>&#13;<br \/>\n&#13;<br \/>\n                <\/main><\/p><\/div>\n<p><br \/>\n<br \/><a href=\"https:\/\/limeira.sp.gov.br\/seprosom-reune-quase-mil-participantes-em-tradicional-festa-julina-da-terceira-idade\" rel=\"noopener\">Informa\u00e7\u00f5es da PML <\/a><\/p>\n","protected":false},"excerpt":{"rendered":"<p>&#13; &#13; &#13; &#13; &#13; &#13; &#13; &#13; &#13; &#13; A tradicional Festa Julina da Terceira Idade reuniu, na tarde desta sexta-feira (3), quase mil pessoas no Gran S\u00e3o Jo\u00e3o, em Limeira. Promovido pela Prefeitura, o evento contou com a participa\u00e7\u00e3o de 45 grupos atendidos pelo Servi\u00e7o de Conviv\u00eancia e Fortalecimento de V\u00ednculos (SCFV) para [&hellip;]<\/p>\n","protected":false},"author":1,"featured_media":71328,"comment_status":"","ping_status":"open","sticky":false,"template":"","format":"standard","meta":{"_jetpack_newsletter_access":"","_jetpack_dont_email_post_to_subs":false,"_jetpack_newsletter_tier_id":0,"_jetpack_memberships_contains_paywalled_content":false,"_mbp_banners":[],"_jetpack_feature_clip_id":0,"_jetpack_memberships_contains_paid_content":false,"footnotes":"","jetpack_publicize_message":"","jetpack_publicize_feature_enabled":true,"jetpack_social_post_already_shared":true,"jetpack_social_options":{"image_generator_settings":{"template":"highway","default_image_id":0,"font":"","enabled":false},"version":2},"jetpack_post_was_ever_published":false},"categories":[16],"tags":[],"class_list":["post-71327","post","type-post","status-publish","format-standard","has-post-thumbnail","category-local"],"jetpack_publicize_connections":[],"jetpack-related-posts":[],"jetpack_shortlink":"https:\/\/wp.me\/p7Eq1F-iyr","jetpack_sharing_enabled":true,"jetpack_featured_media_url":"https:\/\/guialimeira.com.br\/news\/wp-content\/uploads\/2026\/07\/m_137_3_7_03072026170643.jfif.pjpeg","_links":{"self":[{"href":"https:\/\/guialimeira.com.br\/news\/wp-json\/wp\/v2\/posts\/71327","targetHints":{"allow":["GET"]}}],"collection":[{"href":"https:\/\/guialimeira.com.br\/news\/wp-json\/wp\/v2\/posts"}],"about":[{"href":"https:\/\/guialimeira.com.br\/news\/wp-json\/wp\/v2\/types\/post"}],"author":[{"embeddable":true,"href":"https:\/\/guialimeira.com.br\/news\/wp-json\/wp\/v2\/users\/1"}],"replies":[{"embeddable":true,"href":"https:\/\/guialimeira.com.br\/news\/wp-json\/wp\/v2\/comments?post=71327"}],"version-history":[{"count":0,"href":"https:\/\/guialimeira.com.br\/news\/wp-json\/wp\/v2\/posts\/71327\/revisions"}],"wp:featuredmedia":[{"embeddable":true,"href":"https:\/\/guialimeira.com.br\/news\/wp-json\/wp\/v2\/media\/71328"}],"wp:attachment":[{"href":"https:\/\/guialimeira.com.br\/news\/wp-json\/wp\/v2\/media?parent=71327"}],"wp:term":[{"taxonomy":"category","embeddable":true,"href":"https:\/\/guialimeira.com.br\/news\/wp-json\/wp\/v2\/categories?post=71327"},{"taxonomy":"post_tag","embeddable":true,"href":"https:\/\/guialimeira.com.br\/news\/wp-json\/wp\/v2\/tags?post=71327"}],"curies":[{"name":"wp","href":"https:\/\/api.w.org\/{rel}","templated":true}]}}