{"id":71293,"date":"2026-07-03T14:28:13","date_gmt":"2026-07-03T17:28:13","guid":{"rendered":"https:\/\/guialimeira.com.br\/profissionais-da-educacao-participam-de-capacitacao-em-primeiros-socorros-com-o-samu\/"},"modified":"2026-07-03T14:28:13","modified_gmt":"2026-07-03T17:28:13","slug":"profissionais-da-educacao-participam-de-capacitacao-em-primeiros-socorros-com-o-samu","status":"publish","type":"post","link":"https:\/\/guialimeira.com.br\/news\/profissionais-da-educacao-participam-de-capacitacao-em-primeiros-socorros-com-o-samu\/","title":{"rendered":"Profissionais da Educa\u00e7\u00e3o participam de capacita\u00e7\u00e3o em primeiros socorros com o Samu"},"content":{"rendered":"<p> <br \/>\n<\/p>\n<div>\n                <main class=\"\">&#13;<br \/>\n                    &#13;<br \/>\n&#13;<br \/>\n&#13;<br \/>\n&#13;<br \/>\n&#13;<br \/>\n&#13;<br \/>\n    <img data-recalc-dims=\"1\" decoding=\"async\" src=\"https:\/\/i0.wp.com\/ecrie.com.br\/sistema\/conteudos\/imagem\/m_137_0_1_03072026142719.jpeg?w=696&#038;ssl=1\" alt=\"Profissionais da Educa\u00e7\u00e3o participam de capacita\u00e7\u00e3o em primeiros socorros com o Samu\"\/>&#13;<br \/>\n&#13;<br \/>\n&#13;<\/p>\n<p>Profissionais da rede municipal de ensino de Limeira participam, ao longo do m\u00eas de julho, do Curso de Primeiros Socorros, promovido pela Secretaria de Educa\u00e7\u00e3o em parceria com o Samu Limeira e o N\u00facleo de Capacita\u00e7\u00e3o e Humaniza\u00e7\u00e3o da Secretaria de Sa\u00fade.<\/p>\n<p>A capacita\u00e7\u00e3o atende \u00e0 Lei Federal n\u00ba 13.722\/2018, conhecida como Lei Lucas, que tornou obrigat\u00f3ria a forma\u00e7\u00e3o em no\u00e7\u00f5es b\u00e1sicas de primeiros socorros para professores e demais profissionais dos estabelecimentos de ensino.<\/p>\n<p>Segundo a subcoordenadora do Samu, Fernanda Cant\u00e3o Silva, o treinamento vai al\u00e9m do cumprimento da legisla\u00e7\u00e3o. &#8220;A forma\u00e7\u00e3o fortalece a seguran\u00e7a no ambiente escolar e prepara os profissionais para agir com rapidez e confian\u00e7a em situa\u00e7\u00f5es que podem salvar vidas&#8221;, destaca.<\/p>\n<p>Durante o curso, professores, monitores, diretores e demais servidores recebem orienta\u00e7\u00f5es te\u00f3ricas e pr\u00e1ticas sobre o atendimento inicial em diversas situa\u00e7\u00f5es de emerg\u00eancia, como quedas e outros traumas, acidentes de tr\u00e2nsito, intoxica\u00e7\u00f5es, choques el\u00e9tricos, afogamentos, queimaduras, mordeduras de animais, picadas de animais pe\u00e7onhentos, convuls\u00f5es, ferimentos, desengasgo e reanima\u00e7\u00e3o cardiopulmonar (RCP).<\/p>\n<p>Fernanda ressalta ainda que os protocolos de atendimento s\u00e3o constantemente atualizados. &#8220;As t\u00e9cnicas de primeiros socorros passam por revis\u00f5es peri\u00f3dicas com base em evid\u00eancias cient\u00edficas. Um exemplo \u00e9 a manobra de desengasgo, que recebeu atualiza\u00e7\u00f5es importantes nos \u00faltimos anos para tornar o atendimento mais seguro e eficaz. Por isso, \u00e9 fundamental que os profissionais participem de capacita\u00e7\u00f5es frequentes, aprendendo os protocolos mais atuais para agir corretamente at\u00e9 a chegada do atendimento especializado&#8221;, explica.<\/p>\n<p>A Lei n\u00ba 13.722\/2018 recebeu o nome de Lei Lucas em homenagem a Lucas Begalli Zamora, de 10 anos, que faleceu em 2017 ap\u00f3s sofrer um engasgo durante um passeio escolar. A trag\u00e9dia mobilizou familiares e a sociedade, dando origem \u00e0 legisla\u00e7\u00e3o, que busca garantir que profissionais da educa\u00e7\u00e3o estejam preparados para prestar os primeiros atendimentos em situa\u00e7\u00f5es de emerg\u00eancia, aumentando as chances de preservar vidas at\u00e9 a chegada do socorro especializado.<\/p>\n<p>&#13;<\/p>\n<p>\u00a0<\/p>\n<p>&#13;<\/p>\n<p><img data-recalc-dims=\"1\" decoding=\"async\" src=\"https:\/\/i0.wp.com\/ecrie.com.br\/sistema\/conteudos\/imagem\/g_137_0_1_03072026142241.jpeg?w=696&#038;ssl=1\" alt=\"capacita\u00e7\u00e3o lei lucas (7)\"\/><\/p>\n<p>&#13;<br \/>\n&#13;<br \/>\n&#13;<br \/>\n&#13;<\/p>\n<article class=\"conteudo-relacionado no-print\">&#13;<br \/>\n        &#13;<br \/>\n&#13;<br \/>\n        &#13;<br \/>\n    <\/article>\n<p>&#13;<br \/>\n&#13;<br \/>\n                <\/main><\/p><\/div>\n<p><br \/>\n<br \/><a href=\"https:\/\/limeira.sp.gov.br\/profissionais-da-educacao-participam-de-capacitacao-em-primeiros-socorros-com-o-samu\" rel=\"noopener\">Informa\u00e7\u00f5es da PML <\/a><\/p>\n","protected":false},"excerpt":{"rendered":"<p>&#13; &#13; &#13; &#13; &#13; &#13; &#13; &#13; &#13; &#13; Profissionais da rede municipal de ensino de Limeira participam, ao longo do m\u00eas de julho, do Curso de Primeiros Socorros, promovido pela Secretaria de Educa\u00e7\u00e3o em parceria com o Samu Limeira e o N\u00facleo de Capacita\u00e7\u00e3o e Humaniza\u00e7\u00e3o da Secretaria de Sa\u00fade. A capacita\u00e7\u00e3o atende [&hellip;]<\/p>\n","protected":false},"author":1,"featured_media":71294,"comment_status":"","ping_status":"open","sticky":false,"template":"","format":"standard","meta":{"_jetpack_newsletter_access":"","_jetpack_dont_email_post_to_subs":false,"_jetpack_newsletter_tier_id":0,"_jetpack_memberships_contains_paywalled_content":false,"_mbp_banners":[],"_jetpack_feature_clip_id":0,"_jetpack_memberships_contains_paid_content":false,"footnotes":"","jetpack_publicize_message":"","jetpack_publicize_feature_enabled":true,"jetpack_social_post_already_shared":true,"jetpack_social_options":{"image_generator_settings":{"template":"highway","default_image_id":0,"font":"","enabled":false},"version":2},"jetpack_post_was_ever_published":false},"categories":[16],"tags":[],"class_list":["post-71293","post","type-post","status-publish","format-standard","has-post-thumbnail","category-local"],"jetpack_publicize_connections":[],"jetpack-related-posts":[],"jetpack_shortlink":"https:\/\/wp.me\/p7Eq1F-ixT","jetpack_sharing_enabled":true,"jetpack_featured_media_url":"https:\/\/i0.wp.com\/guialimeira.com.br\/news\/wp-content\/uploads\/2026\/07\/m_137_0_1_03072026142719.jpeg?fit=1024%2C768&ssl=1","_links":{"self":[{"href":"https:\/\/guialimeira.com.br\/news\/wp-json\/wp\/v2\/posts\/71293","targetHints":{"allow":["GET"]}}],"collection":[{"href":"https:\/\/guialimeira.com.br\/news\/wp-json\/wp\/v2\/posts"}],"about":[{"href":"https:\/\/guialimeira.com.br\/news\/wp-json\/wp\/v2\/types\/post"}],"author":[{"embeddable":true,"href":"https:\/\/guialimeira.com.br\/news\/wp-json\/wp\/v2\/users\/1"}],"replies":[{"embeddable":true,"href":"https:\/\/guialimeira.com.br\/news\/wp-json\/wp\/v2\/comments?post=71293"}],"version-history":[{"count":0,"href":"https:\/\/guialimeira.com.br\/news\/wp-json\/wp\/v2\/posts\/71293\/revisions"}],"wp:featuredmedia":[{"embeddable":true,"href":"https:\/\/guialimeira.com.br\/news\/wp-json\/wp\/v2\/media\/71294"}],"wp:attachment":[{"href":"https:\/\/guialimeira.com.br\/news\/wp-json\/wp\/v2\/media?parent=71293"}],"wp:term":[{"taxonomy":"category","embeddable":true,"href":"https:\/\/guialimeira.com.br\/news\/wp-json\/wp\/v2\/categories?post=71293"},{"taxonomy":"post_tag","embeddable":true,"href":"https:\/\/guialimeira.com.br\/news\/wp-json\/wp\/v2\/tags?post=71293"}],"curies":[{"name":"wp","href":"https:\/\/api.w.org\/{rel}","templated":true}]}}