{"id":71286,"date":"2026-07-03T13:17:34","date_gmt":"2026-07-03T16:17:34","guid":{"rendered":"https:\/\/guialimeira.com.br\/auxilio-aluguel-do-governo-de-sp-beneficia-117-mulheres-em-situacao-de-violencia-na-regiao-de-marilia\/"},"modified":"2026-07-03T13:17:34","modified_gmt":"2026-07-03T16:17:34","slug":"auxilio-aluguel-do-governo-de-sp-beneficia-117-mulheres-em-situacao-de-violencia-na-regiao-de-marilia","status":"publish","type":"post","link":"https:\/\/guialimeira.com.br\/news\/auxilio-aluguel-do-governo-de-sp-beneficia-117-mulheres-em-situacao-de-violencia-na-regiao-de-marilia\/","title":{"rendered":"Aux\u00edlio-Aluguel do Governo de SP beneficia 117 mulheres em situa\u00e7\u00e3o de viol\u00eancia na regi\u00e3o de Mar\u00edlia"},"content":{"rendered":"<p> <br \/>\n<br \/><img data-recalc-dims=\"1\" decoding=\"async\" src=\"https:\/\/i0.wp.com\/www.agenciasp.sp.gov.br\/wp-content\/uploads\/2024\/12\/54170263670_27cb5ca516_k.jpg?w=696&#038;ssl=1\" \/><\/p>\n<div>\n<p class=\"wp-block-paragraph\"><a>O n\u00famero de mulheres beneficiadas pelo Aux\u00edlio-Aluguel na regi\u00e3o administrativa de Mar\u00edlia aumentou quase 121% neste \u00faltimo m\u00eas de junho, em compara\u00e7\u00e3o ao mesmo m\u00eas em 2025. Em junho deste ano, foram repassados R$ 58,5 mil para 117 mulheres cadastradas no programa at\u00e9 maio. No mesmo per\u00edodo do ano anterior foram R$ 26,5 mil a 53 benefici\u00e1rias inscritas. Desde a implanta\u00e7\u00e3o do programa, em fevereiro de 2025, 197 mulheres j\u00e1 foram atendidas na regi\u00e3o, com um repasse significativo de R$ 561,5 mil at\u00e9 o momento. No Estado de S\u00e3o Paulo este n\u00famero tamb\u00e9m quase triplicou. Mais de 5,3 mil mulheres v\u00edtimas de viol\u00eancia dom\u00e9stica receberam o benef\u00edcio em junho, ante 1,8 mil no mesmo m\u00eas em 2025.<\/a><\/p>\n<p class=\"wp-block-paragraph\"><a>O aumento no n\u00famero de mulheres atendidas pelo Aux\u00edlio-Aluguel, pago pelo Governo do Estado por meio da Secretaria de Desenvolvimento Social, reflete a amplia\u00e7\u00e3o do acesso \u00e0 pol\u00edtica p\u00fablica e o fortalecimento da rede de prote\u00e7\u00e3o do Estado, ajudando quem realmente precisa romper o ciclo de viol\u00eancia e recome\u00e7ar com mais seguran\u00e7a.<\/a><\/p>\n<p class=\"wp-block-paragraph\">Esta \u00e9 a primeira vez que o programa soma mais de cinco mil mulheres atendidas num \u00fanico m\u00eas em territ\u00f3rio estadual. \u201cAlcan\u00e7ar esse recorde de atendimento mostra a for\u00e7a e a urg\u00eancia de uma pol\u00edtica p\u00fablica voltada para que as mulheres n\u00e3o fiquem desamparadas\u201d, afirma a secret\u00e1ria de Desenvolvimento Social, Andrezza Rosal\u00e9m. \u201cMais do que n\u00fameros, estamos falando de vidas que ganham a oportunidade real de romper o ciclo da viol\u00eancia com dignidade e autonomia.\u201d<\/p>\n<p class=\"wp-block-paragraph\">\u00a0A iniciativa da SEDS fortalece a rede de cuidado e atendimento especializado do movimento SP Por Todas com pol\u00edticas p\u00fablicas integradas para a prote\u00e7\u00e3o da mulher v\u00edtima de viol\u00eancia. O programa chegou a 591 munic\u00edpios paulistas, um indicativo da abrang\u00eancia da pol\u00edtica p\u00fablica e do papel central da rede municipal de assist\u00eancia social como porta de entrada para o benef\u00edcio. Desde o in\u00edcio do programa, em fevereiro de 2025, mais de 8,4 mil mulheres receberam o benef\u00edcio por pelo menos um m\u00eas, resultando em investimento superior a R$ 24 milh\u00f5es.<\/p>\n<p class=\"wp-block-paragraph\">Criado pelo Governo do Estado de S\u00e3o Paulo, o programa oferece uma ajuda de custo mensal de R$ 500 por seis meses, com possibilidade de renova\u00e7\u00e3o por igual per\u00edodo. O objetivo \u00e9 garantir condi\u00e7\u00f5es concretas para que mulheres em situa\u00e7\u00e3o de vulnerabilidade possam se afastar de rela\u00e7\u00f5es violentas com seguran\u00e7a e dignidade.<\/p>\n<p class=\"wp-block-paragraph\">Podem solicitar o benef\u00edcio mulheres que possuam medida protetiva expedida pela Justi\u00e7a, residam no Estado de S\u00e3o Paulo, estejam em situa\u00e7\u00e3o de vulnerabilidade e cuja renda, at\u00e9 o momento da separa\u00e7\u00e3o, n\u00e3o ultrapasse dois sal\u00e1rios m\u00ednimos. O cadastramento \u00e9 feito pela rede municipal de assist\u00eancia social nos munic\u00edpios participantes. Ap\u00f3s an\u00e1lise e aprova\u00e7\u00e3o, o valor \u00e9 disponibilizado por meio de Poupan\u00e7a Social no Banco do Brasil, diretamente \u00e0s benefici\u00e1rias.<\/p>\n<p class=\"wp-block-paragraph\">Al\u00e9m do suporte financeiro, o programa articula outras pol\u00edticas p\u00fablicas municipais, ampliando o acesso a servi\u00e7os de prote\u00e7\u00e3o social, orienta\u00e7\u00e3o e acompanhamento \u00e0s mulheres atendidas em todo o estado.<\/p>\n<h3 class=\"wp-block-heading\">Onde buscar ajuda:<\/h3>\n<p class=\"wp-block-paragraph\">Centros de Refer\u00eancia da Assist\u00eancia Social (CRAS), Centros de Refer\u00eancia Especializados de Assist\u00eancia Social (CREAS) e Centros de Refer\u00eancia de Atendimento \u00e0 Mulher;<\/p>\n<p class=\"wp-block-paragraph\">Unidades B\u00e1sicas de Sa\u00fade (UBS), Prontos-Socorros (PS) e hospitais;<\/p>\n<p class=\"wp-block-paragraph\">Delegacias de Defesa da Mulher (DDMs), Distritos Policiais (DPs) e Batalh\u00f5es da Pol\u00edcia Militar e do Corpo de Bombeiros;<\/p>\n<ul class=\"wp-block-list\">\n<li><strong>Nos \u00f3rg\u00e3os do Sistema de Justi\u00e7a:<\/strong><\/li>\n<\/ul>\n<p class=\"wp-block-paragraph\">Minist\u00e9rios P\u00fablicos, Defensorias P\u00fablicas e Ordem dos Advogados do Brasil<\/p>\n<\/p><\/div>\n<p><br \/>\n<br \/><a href=\"https:\/\/www.agenciasp.sp.gov.br\/auxilio-aluguel-do-governo-de-sp-beneficia-117-mulheres-em-situacao-de-violencia-na-regiao-de-marilia\/\" rel=\"noopener\">Informa\u00e7\u00f5es GOV.SP<\/a><\/p>\n","protected":false},"excerpt":{"rendered":"<p>O n\u00famero de mulheres beneficiadas pelo Aux\u00edlio-Aluguel na regi\u00e3o administrativa de Mar\u00edlia aumentou quase 121% neste \u00faltimo m\u00eas de junho, em compara\u00e7\u00e3o ao mesmo m\u00eas em 2025. Em junho deste ano, foram repassados R$ 58,5 mil para 117 mulheres cadastradas no programa at\u00e9 maio. No mesmo per\u00edodo do ano anterior foram R$ 26,5 mil a [&hellip;]<\/p>\n","protected":false},"author":1,"featured_media":71287,"comment_status":"","ping_status":"open","sticky":false,"template":"","format":"standard","meta":{"_jetpack_newsletter_access":"","_jetpack_dont_email_post_to_subs":false,"_jetpack_newsletter_tier_id":0,"_jetpack_memberships_contains_paywalled_content":false,"_mbp_banners":[],"_jetpack_feature_clip_id":0,"_jetpack_memberships_contains_paid_content":false,"footnotes":"","jetpack_publicize_message":"","jetpack_publicize_feature_enabled":true,"jetpack_social_post_already_shared":true,"jetpack_social_options":{"image_generator_settings":{"template":"highway","default_image_id":0,"font":"","enabled":false},"version":2},"jetpack_post_was_ever_published":false},"categories":[21],"tags":[],"class_list":["post-71286","post","type-post","status-publish","format-standard","has-post-thumbnail","category-sp-news"],"jetpack_publicize_connections":[],"jetpack-related-posts":[],"jetpack_shortlink":"https:\/\/wp.me\/p7Eq1F-ixM","jetpack_sharing_enabled":true,"jetpack_featured_media_url":"https:\/\/i0.wp.com\/guialimeira.com.br\/news\/wp-content\/uploads\/2026\/07\/Auxilio-Aluguel-do-Governo-de-SP-beneficia-117-mulheres-em-situacao.jpg?fit=1920%2C1280&ssl=1","_links":{"self":[{"href":"https:\/\/guialimeira.com.br\/news\/wp-json\/wp\/v2\/posts\/71286","targetHints":{"allow":["GET"]}}],"collection":[{"href":"https:\/\/guialimeira.com.br\/news\/wp-json\/wp\/v2\/posts"}],"about":[{"href":"https:\/\/guialimeira.com.br\/news\/wp-json\/wp\/v2\/types\/post"}],"author":[{"embeddable":true,"href":"https:\/\/guialimeira.com.br\/news\/wp-json\/wp\/v2\/users\/1"}],"replies":[{"embeddable":true,"href":"https:\/\/guialimeira.com.br\/news\/wp-json\/wp\/v2\/comments?post=71286"}],"version-history":[{"count":0,"href":"https:\/\/guialimeira.com.br\/news\/wp-json\/wp\/v2\/posts\/71286\/revisions"}],"wp:featuredmedia":[{"embeddable":true,"href":"https:\/\/guialimeira.com.br\/news\/wp-json\/wp\/v2\/media\/71287"}],"wp:attachment":[{"href":"https:\/\/guialimeira.com.br\/news\/wp-json\/wp\/v2\/media?parent=71286"}],"wp:term":[{"taxonomy":"category","embeddable":true,"href":"https:\/\/guialimeira.com.br\/news\/wp-json\/wp\/v2\/categories?post=71286"},{"taxonomy":"post_tag","embeddable":true,"href":"https:\/\/guialimeira.com.br\/news\/wp-json\/wp\/v2\/tags?post=71286"}],"curies":[{"name":"wp","href":"https:\/\/api.w.org\/{rel}","templated":true}]}}