{"id":71259,"date":"2026-07-03T11:03:15","date_gmt":"2026-07-03T14:03:15","guid":{"rendered":"https:\/\/guialimeira.com.br\/limeira-promove-vacinacao-itinerante-em-feiras-e-pracas-durante-o-mes-de-julho\/"},"modified":"2026-07-03T11:03:15","modified_gmt":"2026-07-03T14:03:15","slug":"limeira-promove-vacinacao-itinerante-em-feiras-e-pracas-durante-o-mes-de-julho","status":"publish","type":"post","link":"https:\/\/guialimeira.com.br\/news\/limeira-promove-vacinacao-itinerante-em-feiras-e-pracas-durante-o-mes-de-julho\/","title":{"rendered":"Limeira promove vacina\u00e7\u00e3o itinerante em feiras e pra\u00e7as durante o m\u00eas de julho"},"content":{"rendered":"<p> <br \/>\n<\/p>\n<div>\n                <main class=\"\">&#13;<br \/>\n                    &#13;<br \/>\n&#13;<br \/>\n&#13;<br \/>\n&#13;<br \/>\n&#13;<br \/>\n&#13;<br \/>\n    <img data-recalc-dims=\"1\" decoding=\"async\" src=\"https:\/\/i0.wp.com\/ecrie.com.br\/sistema\/conteudos\/imagem\/m_137_0_1_03072026105957.jpg?w=696&#038;ssl=1\" alt=\"Limeira promove vacina\u00e7\u00e3o itinerante em feiras e pra\u00e7as durante o m\u00eas de julho\"\/>&#13;<br \/>\n&#13;<br \/>\n&#13;<\/p>\n<p style=\"text-align: justify;\">A Prefeitura de Limeira realiza, ao longo do m\u00eas de julho, uma programa\u00e7\u00e3o de vacina\u00e7\u00e3o itinerante em feiras livres, feiras noturnas e na Pra\u00e7a Toledo de Barros. A iniciativa tem como objetivo ampliar a cobertura vacinal e facilitar o acesso da popula\u00e7\u00e3o \u00e0s vacinas do Calend\u00e1rio Nacional de Vacina\u00e7\u00e3o.<\/p>\n<p>&#13;<\/p>\n<p style=\"text-align: justify;\">Al\u00e9m da vacina\u00e7\u00e3o, no dia 18 de julho, a a\u00e7\u00e3o na Pra\u00e7a Toledo de Barros contar\u00e1 com multivacina\u00e7\u00e3o e testes r\u00e1pidos para hepatites B e C, refor\u00e7ando as estrat\u00e9gias de preven\u00e7\u00e3o e promo\u00e7\u00e3o da sa\u00fade.<\/p>\n<p>&#13;<\/p>\n<p style=\"text-align: justify;\">Durante as a\u00e7\u00f5es, ser\u00e3o disponibilizadas as vacinas dupla adulto (t\u00e9tano), hepatite B, febre amarela, Covid-19, influenza e dengue (para adolescentes na faixa et\u00e1ria preconizada), al\u00e9m das vacinas contra meningite (ACWY) e HPV, destinadas a pessoas de 9 a 19 anos, de ambos os sexos. Tamb\u00e9m ser\u00e1 oferecida a vacina contra bronquiolite para gestantes, conforme indica\u00e7\u00e3o do Minist\u00e9rio da Sa\u00fade.<\/p>\n<p>&#13;<\/p>\n<p style=\"text-align: justify;\">A Secretaria de Sa\u00fade orienta que os interessados apresentem documento com foto, CPF, Cart\u00e3o SUS, comprovante de resid\u00eancia e a carteira de vacina\u00e7\u00e3o.<\/p>\n<p>&#13;<\/p>\n<p style=\"text-align: justify;\">A iniciativa contribui para os Objetivos de Desenvolvimento Sustent\u00e1vel (ODS) 3 \u2013 Sa\u00fade e Bem-Estar, ao ampliar o acesso da popula\u00e7\u00e3o \u00e0 vacina\u00e7\u00e3o e \u00e0s a\u00e7\u00f5es de preven\u00e7\u00e3o em sa\u00fade.<\/p>\n<p>&#13;<\/p>\n<p>\u00a0<\/p>\n<p>&#13;<\/p>\n<p style=\"text-align: justify;\"><strong>Confira a programa\u00e7\u00e3o:<\/strong><\/p>\n<p>&#13;<\/p>\n<p style=\"text-align: justify;\">03\/7 (sexta-feira) \u2013 Feira Noturna S\u00e3o Louren\u00e7o, das 17h \u00e0s 21h;<br \/>05\/7 (domingo) \u2013 Feira Livre Jardim Caieiras, das 7h30 \u00e0s 11h30;<br \/>07\/7 (ter\u00e7a-feira) \u2013 Feira Noturna H\u00edpica, das 17h \u00e0s 21h;<br \/>09\/7 (quinta-feira) \u2013 Feira Noturna Limeir\u00e3o, das 17h \u00e0s 21h;<br \/>12\/7 (domingo) \u2013 Feira Livre Maestro Xixirri, das 7h30 \u00e0s 11h30;<br \/>17\/7 (sexta-feira) \u2013 Feira Noturna S\u00e3o Louren\u00e7o, das 17h \u00e0s 21h;<br \/>18\/7 (s\u00e1bado) \u2013 Pra\u00e7a Toledo de Barros, das 8h \u00e0s 13h (multivacina\u00e7\u00e3o e testagem para hepatites B e C);<br \/>18 e 19\/7 (s\u00e1bado) &#8211; Festa Julina no Parque Cidade, 17h \u00e0s 21h;<br \/>19\/7 (domingo) \u2013 Feira Livre Dores, das 7h30 \u00e0s 11h30; <br \/>21\/7 (ter\u00e7a-feira) \u2013 Feira Noturna H\u00edpica, das 17h \u00e0s 21h;<br \/>23\/7 (quinta-feira) \u2013 Feira Noturna Limeir\u00e3o, das 17h \u00e0s 21h;<br \/>26\/7 (domingo) \u2013 Feira Livre Maestro Xixirri, das 7h30 \u00e0s 11h30;<br \/>31\/7 (sexta-feira) \u2013 Feira Noturna S\u00e3o Louren\u00e7o, das 17h \u00e0s 21h.<\/p>\n<p>&#13;<br \/>\n&#13;<br \/>\n&#13;<br \/>\n&#13;<\/p>\n<article class=\"conteudo-relacionado no-print\">&#13;<br \/>\n        &#13;<br \/>\n&#13;<br \/>\n        &#13;<br \/>\n    <\/article>\n<p>&#13;<br \/>\n&#13;<br \/>\n                <\/main><\/p><\/div>\n<p><br \/>\n<br \/><a href=\"https:\/\/limeira.sp.gov.br\/limeira-promove-vacinacao-itinerante-em-feiras-e-pracas-durante-o-mes-de-julho\" rel=\"noopener\">Informa\u00e7\u00f5es da PML <\/a><\/p>\n","protected":false},"excerpt":{"rendered":"<p>&#13; &#13; &#13; &#13; &#13; &#13; &#13; &#13; &#13; &#13; A Prefeitura de Limeira realiza, ao longo do m\u00eas de julho, uma programa\u00e7\u00e3o de vacina\u00e7\u00e3o itinerante em feiras livres, feiras noturnas e na Pra\u00e7a Toledo de Barros. A iniciativa tem como objetivo ampliar a cobertura vacinal e facilitar o acesso da popula\u00e7\u00e3o \u00e0s vacinas do [&hellip;]<\/p>\n","protected":false},"author":1,"featured_media":71260,"comment_status":"","ping_status":"open","sticky":false,"template":"","format":"standard","meta":{"_jetpack_newsletter_access":"","_jetpack_dont_email_post_to_subs":false,"_jetpack_newsletter_tier_id":0,"_jetpack_memberships_contains_paywalled_content":false,"_mbp_banners":[],"_jetpack_feature_clip_id":0,"_jetpack_memberships_contains_paid_content":false,"footnotes":"","jetpack_publicize_message":"","jetpack_publicize_feature_enabled":true,"jetpack_social_post_already_shared":true,"jetpack_social_options":{"image_generator_settings":{"template":"highway","default_image_id":0,"font":"","enabled":false},"version":2},"jetpack_post_was_ever_published":false},"categories":[16],"tags":[],"class_list":["post-71259","post","type-post","status-publish","format-standard","has-post-thumbnail","category-local"],"jetpack_publicize_connections":[],"jetpack-related-posts":[],"jetpack_shortlink":"https:\/\/wp.me\/p7Eq1F-ixl","jetpack_sharing_enabled":true,"jetpack_featured_media_url":"https:\/\/i0.wp.com\/guialimeira.com.br\/news\/wp-content\/uploads\/2026\/07\/m_137_0_1_03072026105957.jpg?fit=1024%2C768&ssl=1","_links":{"self":[{"href":"https:\/\/guialimeira.com.br\/news\/wp-json\/wp\/v2\/posts\/71259","targetHints":{"allow":["GET"]}}],"collection":[{"href":"https:\/\/guialimeira.com.br\/news\/wp-json\/wp\/v2\/posts"}],"about":[{"href":"https:\/\/guialimeira.com.br\/news\/wp-json\/wp\/v2\/types\/post"}],"author":[{"embeddable":true,"href":"https:\/\/guialimeira.com.br\/news\/wp-json\/wp\/v2\/users\/1"}],"replies":[{"embeddable":true,"href":"https:\/\/guialimeira.com.br\/news\/wp-json\/wp\/v2\/comments?post=71259"}],"version-history":[{"count":0,"href":"https:\/\/guialimeira.com.br\/news\/wp-json\/wp\/v2\/posts\/71259\/revisions"}],"wp:featuredmedia":[{"embeddable":true,"href":"https:\/\/guialimeira.com.br\/news\/wp-json\/wp\/v2\/media\/71260"}],"wp:attachment":[{"href":"https:\/\/guialimeira.com.br\/news\/wp-json\/wp\/v2\/media?parent=71259"}],"wp:term":[{"taxonomy":"category","embeddable":true,"href":"https:\/\/guialimeira.com.br\/news\/wp-json\/wp\/v2\/categories?post=71259"},{"taxonomy":"post_tag","embeddable":true,"href":"https:\/\/guialimeira.com.br\/news\/wp-json\/wp\/v2\/tags?post=71259"}],"curies":[{"name":"wp","href":"https:\/\/api.w.org\/{rel}","templated":true}]}}