{"id":71249,"date":"2026-07-03T09:10:42","date_gmt":"2026-07-03T12:10:42","guid":{"rendered":"https:\/\/guialimeira.com.br\/feirao-casa-paulista-oferece-mais-de-r-670-mil-em-subsidios-para-compra-do-primeiro-imovel-na-cidade-de-franca\/"},"modified":"2026-07-03T09:10:42","modified_gmt":"2026-07-03T12:10:42","slug":"feirao-casa-paulista-oferece-mais-de-r-670-mil-em-subsidios-para-compra-do-primeiro-imovel-na-cidade-de-franca","status":"publish","type":"post","link":"https:\/\/guialimeira.com.br\/news\/feirao-casa-paulista-oferece-mais-de-r-670-mil-em-subsidios-para-compra-do-primeiro-imovel-na-cidade-de-franca\/","title":{"rendered":"Feir\u00e3o Casa Paulista oferece mais de R$ 670 mil em subs\u00eddios para compra do primeiro im\u00f3vel na cidade de Franca"},"content":{"rendered":"<p> <br \/>\n<br \/><img data-recalc-dims=\"1\" decoding=\"async\" src=\"https:\/\/i0.wp.com\/www.agenciasp.sp.gov.br\/wp-content\/uploads\/2025\/11\/Feirao-Casa-Paulista.jpg?w=696&#038;ssl=1\" \/><\/p>\n<div>\n<p class=\"wp-block-paragraph\">O Governo de S\u00e3o Paulo, por meio do programa Casa Paulista, vai disponibilizar R$ 670 mil em subs\u00eddios para a nova edi\u00e7\u00e3o do Feir\u00e3o Casa Paulista, que ocorre no munic\u00edpio de Franca, na Regi\u00e3o Administrativa de Franca. Os atendimentos ocorrer\u00e3o de sexta-feira (3) a domingo (5), das 09h \u00e0s 18h, na Rua Adelino Fernandes Rosa, n\u00ba 500, Lote 3, Quadra 2.<\/p>\n<p class=\"wp-block-paragraph\">Ser\u00e3o oferecidas 61 novas Cartas de Cr\u00e9dito Imobili\u00e1rio com valor de R$ 11 mil cada uma, a fundo perdido, para fam\u00edlias que desejam adquirir o primeiro im\u00f3vel em um empreendimento da construtora Crinale.<\/p>\n<p class=\"wp-block-paragraph\"><strong>LEIA TAMB\u00c9M: <a href=\"https:\/\/www.agenciasp.sp.gov.br\/feirao-casa-paulista-oferece-r-280-mil-em-subsidios-para-compra-do-primeiro-imovel-na-cidade-de-mococa\/\" rel=\"noopener\">Feir\u00e3o Casa Paulista oferece R$ 280 mil em subs\u00eddios para compra do primeiro im\u00f3vel na cidade de Mococa<\/a><\/strong><\/p>\n<p class=\"wp-block-paragraph\">Para participar, \u00e9 necess\u00e1rio atender aos requisitos do programa Casa Paulista \u2013 Carta de Cr\u00e9dito Imobili\u00e1rio: possuir renda familiar de at\u00e9 tr\u00eas sal\u00e1rios m\u00ednimos; n\u00e3o possuir im\u00f3vel no pr\u00f3prio nome; n\u00e3o ter financiamento imobili\u00e1rio ativo; e n\u00e3o ter sido beneficiado por outro programa habitacional.<\/p>\n<h3 class=\"wp-block-heading\">Continua\u00e7\u00e3o da semana anterior<\/h3>\n<p class=\"wp-block-paragraph\">Na \u00faltima semana, foram disponibilizadas 31 Cartas de Cr\u00e9dito Imobili\u00e1rio com valor de R$ 10 mil cada uma, a fundo perdido, para fam\u00edlias que desejam adquirir o primeiro im\u00f3vel em Igarapava. Os investimentos estaduais na a\u00e7\u00e3o totalizam R$ 310 mil. Os atendimentos continuam de segunda-feira a sexta-feira, das 9h \u00e0s 17h, aos s\u00e1bados, das 09h \u00e0s 15h, e aos domingos, das 09h \u00e0s 13h, na Rua Benjamin Constant, 407, no Centro da cidade.<\/p>\n<h3 class=\"wp-block-heading\">Nova fase<\/h3>\n<p class=\"wp-block-paragraph\">Ap\u00f3s um per\u00edodo de an\u00e1lises e balan\u00e7os, os Feir\u00f5es Casa Paulista foram retomados no final de janeiro, com a publica\u00e7\u00e3o de novo chamamento para empresas interessadas. Para esta nova fase de retomada, a SDUH estabeleceu crit\u00e9rios rigorosos de prioriza\u00e7\u00e3o para garantir a agilidade das entregas. Al\u00e9m disso, os im\u00f3veis devem possuir no m\u00ednimo dois dormit\u00f3rios e estar devidamente contratados junto \u00e0 Caixa Econ\u00f4mica Federal at\u00e9 a data final da realiza\u00e7\u00e3o do feir\u00e3o. As entidades organizadoras interessadas, sejam elas prefeituras, associa\u00e7\u00f5es ou empresas privadas, devem encaminhar o Termo de Ades\u00e3o exclusivamente pelo e-mail <a href=\"https:\/\/www.agenciasp.sp.gov.br\/feirao-casa-paulista-oferece-mais-de-r-670-mil-em-subsidios-para-compra-do-primeiro-imovel-na-cidade-de-franca\/mailto:feirao@casapaulista.sp.gov.br\" rel=\"noopener\">feirao@casapaulista.sp.gov.br<\/a>.<\/p>\n<p class=\"wp-block-paragraph\"><strong>LEIA TAMB\u00c9M: <a href=\"https:\/\/www.agenciasp.sp.gov.br\/fundo-social-de-sp-abre-inscricoes-para-19-mil-vagas-em-cursos-gratuitos-de-qualificacao-profissional\/\" rel=\"noopener\">Fundo Social de SP abre inscri\u00e7\u00f5es para 1,9 mil vagas em cursos gratuitos de qualifica\u00e7\u00e3o profissional<\/a><\/strong><\/p>\n<p class=\"wp-block-paragraph\">O evento segue as normas da Resolu\u00e7\u00e3o SDUH n\u00ba 43, de 22 de agosto de 2025. Durante os feir\u00f5es, as construtoras podem ofertar tanto unidades de empreendimentos j\u00e1 cadastrados quanto novos projetos que recebam aporte pontual para o evento, desde que utilizem financiamento via FGTS. Ap\u00f3s o encerramento das atividades, as empresas t\u00eam o prazo de cinco dias \u00fateis para enviar \u00e0 SDUH um relat\u00f3rio detalhado contendo as informa\u00e7\u00f5es das fam\u00edlias atendidas e das unidades negociadas, subsidiando a autoriza\u00e7\u00e3o para a libera\u00e7\u00e3o dos recursos.<\/p>\n<h3 class=\"wp-block-heading\">Balan\u00e7o do Casa Paulista \u2013 Carta de Cr\u00e9dito Imobili\u00e1rio<\/h3>\n<p class=\"wp-block-paragraph\">Desde 2023, o programa Casa Paulista entregou na Regi\u00e3o Administrativa de Franca mais de 400 unidades habitacionais pela modalidade Carta de Cr\u00e9dito Imobili\u00e1rio, com investimento de R$ 4,6 milh\u00f5es. Outras 1,2 mil unidades est\u00e3o em constru\u00e7\u00e3o, sob aporte de R$ 13,6 milh\u00f5es.<\/p>\n<p class=\"wp-block-paragraph\">Os subs\u00eddios demonstram o compromisso do Governo de S\u00e3o Paulo em ampliar o atendimento habitacional e priorizar as fam\u00edlias que mais necessitam de apoio do Estado. Levantamento da SDUH mostra que, em empreendimentos participantes do programa, a renda m\u00e9dia das fam\u00edlias beneficiadas com os subs\u00eddios estaduais \u00e9 de R$ 2,8 mil, equivalentes a 1,87 sal\u00e1rio m\u00ednimo em 2025. Nos mesmos empreendimentos, a renda m\u00e9dia dos compradores que n\u00e3o utilizam o cheque do Casa Paulista \u00e9 de R$ 5,2 mil (3,44 sal\u00e1rios m\u00ednimos), evidenciando o impacto social do benef\u00edcio.<\/p>\n<\/p><\/div>\n<p><br \/>\n<br \/><a href=\"https:\/\/www.agenciasp.sp.gov.br\/feirao-casa-paulista-oferece-mais-de-r-670-mil-em-subsidios-para-compra-do-primeiro-imovel-na-cidade-de-franca\/\" rel=\"noopener\">Informa\u00e7\u00f5es GOV.SP<\/a><\/p>\n","protected":false},"excerpt":{"rendered":"<p>O Governo de S\u00e3o Paulo, por meio do programa Casa Paulista, vai disponibilizar R$ 670 mil em subs\u00eddios para a nova edi\u00e7\u00e3o do Feir\u00e3o Casa Paulista, que ocorre no munic\u00edpio de Franca, na Regi\u00e3o Administrativa de Franca. Os atendimentos ocorrer\u00e3o de sexta-feira (3) a domingo (5), das 09h \u00e0s 18h, na Rua Adelino Fernandes Rosa, [&hellip;]<\/p>\n","protected":false},"author":1,"featured_media":50193,"comment_status":"","ping_status":"open","sticky":false,"template":"","format":"standard","meta":{"_jetpack_newsletter_access":"","_jetpack_dont_email_post_to_subs":false,"_jetpack_newsletter_tier_id":0,"_jetpack_memberships_contains_paywalled_content":false,"_mbp_banners":[],"_jetpack_feature_clip_id":0,"_jetpack_memberships_contains_paid_content":false,"footnotes":"","jetpack_publicize_message":"","jetpack_publicize_feature_enabled":true,"jetpack_social_post_already_shared":true,"jetpack_social_options":{"image_generator_settings":{"template":"highway","default_image_id":0,"font":"","enabled":false},"version":2},"jetpack_post_was_ever_published":false},"categories":[21],"tags":[],"class_list":["post-71249","post","type-post","status-publish","format-standard","has-post-thumbnail","category-sp-news"],"jetpack_publicize_connections":[],"jetpack-related-posts":[],"jetpack_shortlink":"https:\/\/wp.me\/p7Eq1F-ixb","jetpack_sharing_enabled":true,"jetpack_featured_media_url":"https:\/\/i0.wp.com\/guialimeira.com.br\/news\/wp-content\/uploads\/2025\/11\/Feirao-Casa-Paulista-oferece-R-77-milhoes-em-subsidios-para.jpg?fit=1600%2C1066&ssl=1","_links":{"self":[{"href":"https:\/\/guialimeira.com.br\/news\/wp-json\/wp\/v2\/posts\/71249","targetHints":{"allow":["GET"]}}],"collection":[{"href":"https:\/\/guialimeira.com.br\/news\/wp-json\/wp\/v2\/posts"}],"about":[{"href":"https:\/\/guialimeira.com.br\/news\/wp-json\/wp\/v2\/types\/post"}],"author":[{"embeddable":true,"href":"https:\/\/guialimeira.com.br\/news\/wp-json\/wp\/v2\/users\/1"}],"replies":[{"embeddable":true,"href":"https:\/\/guialimeira.com.br\/news\/wp-json\/wp\/v2\/comments?post=71249"}],"version-history":[{"count":0,"href":"https:\/\/guialimeira.com.br\/news\/wp-json\/wp\/v2\/posts\/71249\/revisions"}],"wp:featuredmedia":[{"embeddable":true,"href":"https:\/\/guialimeira.com.br\/news\/wp-json\/wp\/v2\/media\/50193"}],"wp:attachment":[{"href":"https:\/\/guialimeira.com.br\/news\/wp-json\/wp\/v2\/media?parent=71249"}],"wp:term":[{"taxonomy":"category","embeddable":true,"href":"https:\/\/guialimeira.com.br\/news\/wp-json\/wp\/v2\/categories?post=71249"},{"taxonomy":"post_tag","embeddable":true,"href":"https:\/\/guialimeira.com.br\/news\/wp-json\/wp\/v2\/tags?post=71249"}],"curies":[{"name":"wp","href":"https:\/\/api.w.org\/{rel}","templated":true}]}}