{"id":71209,"date":"2026-07-02T21:57:12","date_gmt":"2026-07-03T00:57:12","guid":{"rendered":"https:\/\/guialimeira.com.br\/programa-do-governo-de-sp-amplia-acesso-a-mamografia-com-carretas-em-15-cidades\/"},"modified":"2026-07-02T21:57:12","modified_gmt":"2026-07-03T00:57:12","slug":"programa-do-governo-de-sp-amplia-acesso-a-mamografia-com-carretas-em-15-cidades","status":"publish","type":"post","link":"https:\/\/guialimeira.com.br\/news\/programa-do-governo-de-sp-amplia-acesso-a-mamografia-com-carretas-em-15-cidades\/","title":{"rendered":"Programa do Governo de SP amplia acesso \u00e0 mamografia com carretas em 15 cidades"},"content":{"rendered":"<p> <br \/>\n<\/p>\n<div>\n<p class=\"wp-block-paragraph\">O Governo de S\u00e3o Paulo leva neste m\u00eas de julho a carreta da mamografia a 15 munic\u00edpios. A iniciativa do programa Mulheres de Peito integra a estrat\u00e9gia da Secretaria de Estado da Sa\u00fade (SES) para ampliar o acesso ao diagn\u00f3stico precoce do c\u00e2ncer de mama por meio da oferta gratuita de exames em todas as regi\u00f5es do estado. Nesta quinta-feira (2), o governador Tarc\u00edsio de Freitas visitou a carreta instalada na Freguesia do \u00d3, na capital.<\/p>\n<p>\u201cNosso objetivo \u00e9 facilitar o acesso das mulheres \u00e0 mamografia e ampliar o diagn\u00f3stico precoce do c\u00e2ncer de mama. Quanto mais cedo a doen\u00e7a \u00e9 identificada, mais chances de tratamento e de cura. Por isso estamos fortalecendo o programa Mulheres de Peito para levar o exame a mais mulheres\u201d, afirmou Tarc\u00edsio.<\/p>\n<p class=\"wp-block-paragraph\">At\u00e9 o fim do m\u00eas, a carreta percorre as cidades de Franco da Rocha, Pirangi, Sete Barras, Nova Castilho, Igarat\u00e1, Pinhalzinho, Pitangueiras, Registro, Ilha Solteira, Presidente Prudente, Sert\u00e3ozinho, Miracatu, Bento de Abreu, Presidente Venceslau e Mau\u00e1.<\/p>\n<p class=\"wp-block-paragraph\">Com a atualiza\u00e7\u00e3o das diretrizes de rastreamento, mulheres de 50 a 74 anos podem realizar a mamografia apenas com a apresenta\u00e7\u00e3o do RG e do Cart\u00e3o SUS, sem necessidade de pedido m\u00e9dico. J\u00e1 pacientes entre 35 e 49 anos e acima de 74 anos continuam precisando apresentar solicita\u00e7\u00e3o m\u00e9dica.<\/p>\n<p class=\"wp-block-paragraph\">A mudan\u00e7a amplia o acesso ao exame para mulheres de 70 a 74 anos. Antes, o atendimento sem pedido m\u00e9dico era destinado apenas \u00e0 faixa et\u00e1ria de 50 a 69 anos.<\/p>\n<p class=\"wp-block-paragraph\">O Governo de S\u00e3o Paulo refor\u00e7a a preven\u00e7\u00e3o do c\u00e2ncer de mama e do colo do \u00fatero com a amplia\u00e7\u00e3o do acesso \u00e0 mamografia, exame fundamental para o diagn\u00f3stico precoce de altera\u00e7\u00f5es nas mamas, e ao exame de Papanicolau.<\/p>\n<p>Desde 2023, foram realizados mais de 11 milh\u00f5es de exames voltados \u00e0 preven\u00e7\u00e3o e ao diagn\u00f3stico precoce dessas doen\u00e7as. Os n\u00fameros refletem o fortalecimento da assist\u00eancia e a amplia\u00e7\u00e3o da cobertura do rastreamento, especialmente na faixa et\u00e1ria de 50 a 69 anos, recomendada pelo Instituto Nacional de C\u00e2ncer (Inca).<\/p>\n<h2 class=\"wp-block-heading\"><strong>Aumento dos exames<\/strong><\/h2>\n<p class=\"wp-block-paragraph\">As Carretas de Mamografia registraram aumento de 76% no n\u00famero de exames realizados em 2025 na compara\u00e7\u00e3o com 2024. Foram 60.831 mamografias realizadas em 2025, ante 34.605 no ano anterior.<\/p>\n<p class=\"wp-block-paragraph\">Em 2026, entre janeiro e maio, o programa j\u00e1 realizou 24.972 exames pelas unidades m\u00f3veis.<\/p>\n<p class=\"wp-block-paragraph\">Em fevereiro de 2025, o Governo de S\u00e3o Paulo ampliou a estrutura do programa Mulheres de Peito, aumentando de tr\u00eas para cinco o n\u00famero de carretas de mamografia em opera\u00e7\u00e3o. A medida ampliou a capacidade de atendimento e fortaleceu a oferta de exames gratuitos em diferentes regi\u00f5es paulistas.<\/p>\n<p class=\"wp-block-paragraph\">Atualmente, as cinco unidades m\u00f3veis funcionam de segunda a sexta-feira, das 8h \u00e0s 17h, com distribui\u00e7\u00e3o de at\u00e9 50 senhas por dia. Aos s\u00e1bados, o atendimento ocorre das 8h \u00e0s 12h, com at\u00e9 25 senhas, exceto em feriados. As senhas s\u00e3o distribu\u00eddas por demanda espont\u00e2nea e por ordem de chegada.<\/p>\n<p class=\"wp-block-paragraph\">Todos os servi\u00e7os prestados nas Carretas de Mamografia, incluindo a realiza\u00e7\u00e3o dos exames e a entrega dos resultados, s\u00e3o gratuitos. O itiner\u00e1rio das unidades pode ser consultado no site e no aplicativo do Poupatempo, dispon\u00edvel para Android e iOS.<\/p>\n<figure class=\"wp-block-image size-large\"><img data-recalc-dims=\"1\" height=\"464\" width=\"696\" decoding=\"async\" src=\"https:\/\/i0.wp.com\/www.agenciasp.sp.gov.br\/wp-content\/uploads\/2026\/07\/IMG_7825.JPG-1-1024x683.jpeg?resize=696%2C464&#038;ssl=1\" alt=\"\" class=\"wp-image-157871 lazy\"\/><figcaption class=\"wp-element-caption\">Mulheres de 50 a 74 anos podem realizar a mamografia apenas com a apresenta\u00e7\u00e3o do RG e do Cart\u00e3o SUS. Foto: Governo do Estado de SP<\/figcaption><\/figure>\n<h2 class=\"wp-block-heading\"><strong>AME Mulher<\/strong><\/h2>\n<p class=\"wp-block-paragraph\">Para fortalecer a aten\u00e7\u00e3o exclusiva \u00e0 sa\u00fade feminina no estado, o Governo de S\u00e3o Paulo tamb\u00e9m entregou o AME Mulher, primeiro Ambulat\u00f3rio M\u00e9dico de Especialidades voltado exclusivamente ao atendimento feminino. Localizado no Hospital Maternidade Leonor Mendes de Barros, no Belenzinho, a unidade j\u00e1 realizou, desde 2023, mais de 64,8 mil consultas, 12,6 mil mamografias e 1,7 mil cirurgias, ampliando a rede especializada de atendimento \u00e0 mulher.<\/p>\n<p class=\"wp-block-paragraph\">A estrutura conta com 17 consult\u00f3rios, espa\u00e7o exclusivo para telemedicina, quatro salas de apoio \u00e0 equipe multiprofissional, duas salas de colposcopia, cinco salas para exames de imagem, laborat\u00f3rio de coleta, sala de cardiotocografia, sala de vacina\u00e7\u00e3o, consult\u00f3rio odontol\u00f3gico e centro cir\u00fargico ambulatorial com duas salas de opera\u00e7\u00e3o e tr\u00eas macas de recupera\u00e7\u00e3o p\u00f3s-anest\u00e9sica.<\/p>\n<h2 class=\"wp-block-heading\"><strong>Mulheres de Peito<\/strong><\/h2>\n<p class=\"wp-block-paragraph\">Al\u00e9m das carretas, mulheres de 50 a 74 anos tamb\u00e9m podem agendar gratuitamente a mamografia pelo SUS, sem necessidade de pedido m\u00e9dico, por meio do telefone 0800 779 0000. O agendamento \u00e9 realizado pelo Sistema Informatizado de Regula\u00e7\u00e3o do Estado de S\u00e3o Paulo.<\/p>\n<p class=\"wp-block-paragraph\">O Programa Mulheres de Peito informa que todos os servi\u00e7os prestados nas Carretas de Mamografia s\u00e3o gratuitos, incluindo a realiza\u00e7\u00e3o dos exames e a entrega dos resultados. Em caso de d\u00favidas, os usu\u00e1rios podem entrar em contato com a Ouvidoria da Sa\u00fade do Estado de S\u00e3o Paulo.<\/p>\n<p class=\"wp-block-paragraph\"><strong>Confira o itiner\u00e1rio completo de julho<\/strong><\/p>\n<h3 class=\"wp-block-heading\">Carreta da Mamografia em Franco da Rocha<\/h3>\n<p class=\"wp-block-paragraph\">Data: 6 a 11 de julho<br \/>Hor\u00e1rio: segunda a sexta-feira, das 8h \u00e0s 17h, e, aos s\u00e1bados, das 8h \u00e0s 12h (exceto feriados)<br \/>Endere\u00e7o: Rua Nelson Rodrigues, 400 \u2013 Parque Municipal Benedito Bueno Morais \u2013 Franco da Rocha \u2013 SP<br \/>(No dia 6\/7 o atendimento ser\u00e1 a partir das 13h)<\/p>\n<h3 class=\"wp-block-heading\">Carreta da Mamografia em Pirangi<\/h3>\n<p class=\"wp-block-paragraph\">Data: 6 a 11 de julho<br \/>Hor\u00e1rio: segunda a sexta-feira, das 8h \u00e0s 17h, e, aos s\u00e1bados, das 8h \u00e0s 12h (exceto feriados)<br \/>Endere\u00e7o: Pra\u00e7a Bar\u00e3o do Rio Branco \u2013 Centro \u2013 Pirangi \u2013 SP<br \/>(No dia 6\/7 o atendimento ser\u00e1 a partir das 13h)<\/p>\n<h3 class=\"wp-block-heading\">Carreta da Mamografia em Sete Barras<\/h3>\n<p class=\"wp-block-paragraph\">Data: 6 a 11 de julho<br \/>Hor\u00e1rio: segunda a sexta-feira, das 8h \u00e0s 17h, e, aos s\u00e1bados, das 8h \u00e0s 12h (exceto feriados)<br \/>Endere\u00e7o: Rodovia SP-139, KM 18 \u2013 Bairro Itapomirim \u2013 Sete Barras \u2013 SP<br \/>(No dia 6\/7 o atendimento ser\u00e1 a partir das 13h)<\/p>\n<h3 class=\"wp-block-heading\">Carreta da Mamografia em Nova Castilho<\/h3>\n<p class=\"wp-block-paragraph\">Data: 6 a 11 de julho<br \/>Hor\u00e1rio: segunda a sexta-feira, das 8h \u00e0s 17h, e, aos s\u00e1bados, das 8h \u00e0s 12h (exceto feriados)<br \/>Endere\u00e7o: Avenida Sete de Setembro, 381 \u2013 Em frente a UBS Prof\u00ba Paulo Ricoy de Camargo \u2013 Novas Castilho \u2013 SP<br \/>(No dia 6\/7 o atendimento ser\u00e1 a partir das 13h)<\/p>\n<h3 class=\"wp-block-heading\">Carreta da Mamografia em Igarat\u00e1<\/h3>\n<p class=\"wp-block-paragraph\">Data: 6 a 11 de julho<br \/>Hor\u00e1rio: segunda a sexta-feira, das 8h \u00e0s 17h, e, aos s\u00e1bados, das 8h \u00e0s 12h (exceto feriados)<br \/>Endere\u00e7o: Avenida Benedito Rodrigues de Freitas, 70 \u2013 Pra\u00e7a Luis Carlos Louren\u00e7o \u2013 Igarat\u00e1 \u2013 SP<br \/>(No dia 6\/7 o atendimento ser\u00e1 a partir das 13h)<\/p>\n<h3 class=\"wp-block-heading\">Carreta da Mamografia em Pinhalzinho<\/h3>\n<p class=\"wp-block-paragraph\">Data: 14 a 25 de julho<br \/>Hor\u00e1rio: segunda a sexta-feira, das 8h \u00e0s 17h, e, aos s\u00e1bados, das 8h \u00e0s 12h (exceto feriados)<br \/>Endere\u00e7o: Rua Variante Am\u00e9rico Pedro Benedetti, S\/N \u2013 Centro \u2013 Pinhalzinho \u2013 SP<\/p>\n<h3 class=\"wp-block-heading\">Carreta da Mamografia em Pitangueiras<\/h3>\n<p class=\"wp-block-paragraph\">Data: 14 a 25 de julho<br \/>Hor\u00e1rio: segunda a sexta-feira, das 8h \u00e0s 17h, e, aos s\u00e1bados, das 8h \u00e0s 12h (exceto feriados)<br \/>Endere\u00e7o: Rua Bahia, S\/N \u2013 Centro \u2013 Pitangueiras \u2013 SP<\/p>\n<h3 class=\"wp-block-heading\">Carreta da Mamografia em Registro<\/h3>\n<p class=\"wp-block-paragraph\">Data: 14 a 25 de julho<br \/>Hor\u00e1rio: segunda a sexta-feira, das 8h \u00e0s 17h, e, aos s\u00e1bados, das 8h \u00e0s 12h (exceto feriados)<br \/>Endere\u00e7o: Pra\u00e7a Beira Rio (Em frente ao Mercado Municipal) \u2013 Centro \u2013 Registro \u2013 SP<\/p>\n<h3 class=\"wp-block-heading\">Carreta da Mamografia em Ilha Solteira<\/h3>\n<p class=\"wp-block-paragraph\">Data: 14 a 25 de julho<br \/>Hor\u00e1rio: segunda a sexta-feira, das 8h \u00e0s 17h, e, aos s\u00e1bados, das 8h \u00e0s 12h (exceto feriados)<br \/>Endere\u00e7o: Pra\u00e7a dos Paiagu\u00e1s, 86 \u2013 Centro \u2013 Ilha Solteira \u2013 SP<\/p>\n<h3 class=\"wp-block-heading\">Carreta da Mamografia em Presidente Prudente<\/h3>\n<p class=\"wp-block-paragraph\">Data: 14 a 25 de julho<br \/>Hor\u00e1rio: segunda a sexta-feira, das 8h \u00e0s 17h, e, aos s\u00e1bados, das 8h \u00e0s 12h (exceto feriados)<br \/>Endere\u00e7o: Rua \u00c1lvares Machado, 104 (Parque Multiuso) \u2013 Vila Euclides \u2013 Presidente Prudente \u2013 SP<\/p>\n<h3 class=\"wp-block-heading\">Carreta da Mamografia em Sert\u00e3ozinho<\/h3>\n<p class=\"wp-block-paragraph\">Data: 28 de julho a 8 de agosto<br \/>Hor\u00e1rio: segunda a sexta-feira, das 8h \u00e0s 17h, e, aos s\u00e1bados, das 8h \u00e0s 12h (exceto feriados)<br \/>Endere\u00e7o: Rua Apr\u00edgio de Ara\u00fajo, S\/N (Pra\u00e7a Matriz) \u2013 Centro \u2013 Sert\u00e3ozinho \u2013 SP<\/p>\n<h3 class=\"wp-block-heading\">Carreta da Mamografia em Miracatu<\/h3>\n<p class=\"wp-block-paragraph\">Data: 28 de julho a 8 de agosto<br \/>Hor\u00e1rio: segunda a sexta-feira, das 8h \u00e0s 17h, e, aos s\u00e1bados, das 8h \u00e0s 12h (exceto feriados)<br \/>Endere\u00e7o: Rua Pra\u00e7a da Bandeira, S\/N \u2013 Centro \u2013 Miracatu \u2013 SP<\/p>\n<h3 class=\"wp-block-heading\">Carreta da Mamografia em Bento de Abreu<\/h3>\n<p class=\"wp-block-paragraph\">Data: 28 de julho a 8 de agosto<br \/>Hor\u00e1rio: segunda a sexta-feira, das 8h \u00e0s 17h, e, aos s\u00e1bados, das 8h \u00e0s 12h (exceto feriados)<br \/>Endere\u00e7o: Rua Hugo Scatena, 138 \u2013 Centro \u2013 Bento de Abreu \u2013 SP<\/p>\n<h3 class=\"wp-block-heading\">Carreta da Mamografia em Presidente Venceslau<\/h3>\n<p class=\"wp-block-paragraph\">Data: 28 de julho a 8 de agosto<br \/>Hor\u00e1rio: segunda a sexta-feira, das 8h \u00e0s 17h, e, aos s\u00e1bados, das 8h \u00e0s 12h (exceto feriados)<br \/>Endere\u00e7o: Rua S\u00e3o Paulo, S\/N \u2013 Centro \u2013 Presidente Venceslau \u2013 SP<\/p>\n<h3 class=\"wp-block-heading\">Carreta da Mamografia em Mau\u00e1<\/h3>\n<p class=\"wp-block-paragraph\">Data: 28 de julho a 8 de agosto<br \/>Hor\u00e1rio: segunda a sexta-feira, das 8h \u00e0s 17h, e, aos s\u00e1bados, das 8h \u00e0s 12h (exceto feriados)<br \/>Endere\u00e7o: Avenida Bar\u00e3o de Mau\u00e1, 4050 \u2013 S\u00e3o Jo\u00e3o \u2013 Mau\u00e1 \u2013 SP<\/p>\n<\/p><\/div>\n<p><br \/>\n<br \/><a href=\"https:\/\/www.agenciasp.sp.gov.br\/programa-do-governo-de-sp-amplia-acesso-a-mamografia-com-carretas-em-15-cidades\/\" rel=\"noopener\">Informa\u00e7\u00f5es GOV.SP<\/a><\/p>\n","protected":false},"excerpt":{"rendered":"<p>O Governo de S\u00e3o Paulo leva neste m\u00eas de julho a carreta da mamografia a 15 munic\u00edpios. A iniciativa do programa Mulheres de Peito integra a estrat\u00e9gia da Secretaria de Estado da Sa\u00fade (SES) para ampliar o acesso ao diagn\u00f3stico precoce do c\u00e2ncer de mama por meio da oferta gratuita de exames em todas as [&hellip;]<\/p>\n","protected":false},"author":1,"featured_media":0,"comment_status":"","ping_status":"open","sticky":false,"template":"","format":"standard","meta":{"_jetpack_newsletter_access":"","_jetpack_dont_email_post_to_subs":false,"_jetpack_newsletter_tier_id":0,"_jetpack_memberships_contains_paywalled_content":false,"_mbp_banners":[],"_jetpack_feature_clip_id":0,"_jetpack_memberships_contains_paid_content":false,"footnotes":"","jetpack_publicize_message":"","jetpack_publicize_feature_enabled":true,"jetpack_social_post_already_shared":true,"jetpack_social_options":{"image_generator_settings":{"template":"highway","default_image_id":0,"font":"","enabled":false},"version":2},"jetpack_post_was_ever_published":false},"categories":[21],"tags":[],"class_list":["post-71209","post","type-post","status-publish","format-standard","category-sp-news"],"jetpack_publicize_connections":[],"jetpack-related-posts":[],"jetpack_shortlink":"https:\/\/wp.me\/p7Eq1F-iwx","jetpack_sharing_enabled":true,"jetpack_featured_media_url":"","_links":{"self":[{"href":"https:\/\/guialimeira.com.br\/news\/wp-json\/wp\/v2\/posts\/71209","targetHints":{"allow":["GET"]}}],"collection":[{"href":"https:\/\/guialimeira.com.br\/news\/wp-json\/wp\/v2\/posts"}],"about":[{"href":"https:\/\/guialimeira.com.br\/news\/wp-json\/wp\/v2\/types\/post"}],"author":[{"embeddable":true,"href":"https:\/\/guialimeira.com.br\/news\/wp-json\/wp\/v2\/users\/1"}],"replies":[{"embeddable":true,"href":"https:\/\/guialimeira.com.br\/news\/wp-json\/wp\/v2\/comments?post=71209"}],"version-history":[{"count":0,"href":"https:\/\/guialimeira.com.br\/news\/wp-json\/wp\/v2\/posts\/71209\/revisions"}],"wp:attachment":[{"href":"https:\/\/guialimeira.com.br\/news\/wp-json\/wp\/v2\/media?parent=71209"}],"wp:term":[{"taxonomy":"category","embeddable":true,"href":"https:\/\/guialimeira.com.br\/news\/wp-json\/wp\/v2\/categories?post=71209"},{"taxonomy":"post_tag","embeddable":true,"href":"https:\/\/guialimeira.com.br\/news\/wp-json\/wp\/v2\/tags?post=71209"}],"curies":[{"name":"wp","href":"https:\/\/api.w.org\/{rel}","templated":true}]}}